{"id":17029,"date":"2024-10-03T08:38:37","date_gmt":"2024-10-03T06:38:37","guid":{"rendered":"https:\/\/www.frankensicht.de\/?p=17029"},"modified":"2024-10-03T08:38:37","modified_gmt":"2024-10-03T06:38:37","slug":"oezdemir-europa-arbeitet-staerker-zusammen-beim-waldschutz","status":"publish","type":"post","link":"https:\/\/www.frankensicht.de\/?p=17029","title":{"rendered":"\u00d6zdemir: Europa arbeitet st\u00e4rker zusammen beim Waldschutz"},"content":{"rendered":"<p><span style=\"color: #ff0000;\">Berlin:<\/span><\/p>\n<p>\u00d6zdemir: Europa arbeitet st\u00e4rker zusammen beim Waldschutz<br \/>\nEurop\u00e4ische Stelle zum Schutz der W\u00e4lder wird in Bonn eingerichtet<\/p>\n<p>Die europ\u00e4ischen Staaten wollen noch st\u00e4rker beim Waldschutz kooperieren. Auf der neunten Ministerkonferenz von &#8222;Forest Europe&#8220;, einem pan-europ\u00e4ischen forstpolitischen Prozess auf Ministerebene, beschlossen die 44 Mitgliedsstaaten und die EU-Kommission die Einrichtung einer zentralen Beratungsstelle, um Sachverstand und Forschungsergebnisse zum Schutz der W\u00e4lder vor Sch\u00e4den im Zuge der Klimakrise zu b\u00fcndeln und betroffene Staaten bestm\u00f6glich zu beraten. Deutschland finanziert die in Bonn angesiedelte &#8222;Forest Risk Facility&#8220; (FoRISK Facility) zun\u00e4chst bis 2030 mit insgesamt 1,2 Millionen Euro. Die Minister beschlossen au\u00dferdem, die pan-europ\u00e4ische Zusammenarbeit bei der Umsetzung einer nachhaltigen Waldbewirtschaftung weiter zu entwickeln und zu st\u00e4rken. Nach vier Jahren im Vorsitz von &#8222;Forest Europe&#8220; gibt Deutschland diese Rolle nun an Schweden ab.<\/p>\n<p><a href=\"https:\/\/www.frankensicht.de\/?attachment_id=1574\" rel=\"attachment wp-att-1574\"><img loading=\"lazy\" decoding=\"async\" class=\"alignnone size-medium wp-image-1574\" src=\"https:\/\/www.frankensicht.de\/wp-content\/uploads\/2012\/05\/wald-300x225.jpg\" alt=\"\" width=\"300\" height=\"225\" srcset=\"https:\/\/www.frankensicht.de\/wp-content\/uploads\/2012\/05\/wald-300x225.jpg 300w, https:\/\/www.frankensicht.de\/wp-content\/uploads\/2012\/05\/wald.jpg 640w\" sizes=\"auto, (max-width: 300px) 100vw, 300px\" \/><\/a><\/p>\n<p>Dazu sagt Bundesminister Cem \u00d6zdemir: &#8222;Europa arbeitet st\u00e4rker zusammen beim Waldschutz! Das ist ein wichtiges Signal, dass von dieser Konferenz ausgeht. Die Klimakrise macht genauso wenig wie der Wald an L\u00e4ndergrenzen halt &#8211; darum braucht es auch internationale L\u00f6sungen, darum ist Forest Europe so wichtig! Mit der neuen Forest Risk Facility werden wir in Zukunft Wissen noch effizienter b\u00fcndeln und zug\u00e4nglich machen. Vergessen wir nicht: Die W\u00e4lder sind unsere besten Verb\u00fcndeten im Kampf gegen die Klimakrise, doch gleichzeitig sind sie besonders stark von den Folgen betroffen. Wir m\u00fcssen unsere W\u00e4lder st\u00e4rken und sie beispielsweise gegen Hitze und zunehmende D\u00fcrren widerstandsf\u00e4higer machen. Nur klimaresiliente W\u00e4lder sind auch in Zukunft in der Lage, Kohlenstoff zu binden und uns mit dem wertvollen Baustoff Holz zu versorgen. Ich freue mich, dass mit Schweden nun ein weiteres waldreiches Land den Vorsitz von Forest Europe \u00fcbernimmt, und w\u00fcnsche meinem Kollegen viel Erfolg bei dieser Aufgabe.&#8220;<\/p>\n<p>Die FoRISK Facility soll als Experten-Netzwerk eine st\u00e4ndige Anlaufstelle f\u00fcr Partner und Initiativen sein. Sie soll die grenz\u00fcberschreitende Zusammenarbeit beim Umgang mit Waldrisiken wie St\u00fcrme, Waldbr\u00e4nde und Insekten st\u00e4rken. Zudem soll sie als Plattform dienen f\u00fcr die Entwicklung praktischer Handlungsanleitungen und politischer Strategien sowie f\u00fcr die Beratung im Katastrophenrisikomanagement.<\/p>\n<p>Hintergrund:<br \/>\nForest Europe ist ein pan-europ\u00e4ischer forstpolitischer Prozess auf Ministerebene, in welchem Richtlinien, Kriterien und Indikatoren nachhaltiger Forstwirtschaft entwickelt werden. Weitere Informationen hierzu finden Sie hier&lt;https:\/\/foresteurope.org\/&gt;.<\/p>\n<p>Auf der 9. Ministerkonferenz unter dem Motto &#8222;Shaping our future with resilient forests&#8220; diskutierten Minister der Unterzeichnerstaaten, die Europ\u00e4ische Kommission sowie hochrangige Vertreter von \u00fcber 50 Beobachterorganisationen und -l\u00e4ndern zu Themen wie die Resilienz von W\u00e4ldern, nachhaltige Waldbewirtschaftung oder der Einbindung der Jugend.<\/p>\n<p>Im Rahmen seiner Vorsitzfunktion hat das BMEL auch die Initiative &#8222;Unterst\u00fctzung der Wiederherstellung und nachhaltigen Bewirtschaftung der ukrainischen W\u00e4lder und des Forstsektors&#8220; ins Leben gerufen. Weitere Informationen finden Sie hier&lt;https:\/\/www.bmel.de\/SharedDocs\/Pressemitteilungen\/DE\/2023\/130-forest-europe.html&gt;.<\/p>\n<p>\u00d6zdemir: Europe is working together more closely on forest protection<br \/>\nEuropean body for the protection of forests set up in Bonn<\/p>\n<p>European States aim to work together even more closely on forest protection. At the ninth Ministerial Conference of Forest Europe, a pan-European forest policy process at minister level, the 44 Member States and the EU Commission agreed to establish a central advisory facility in order to pool expertise and research results on the protection of forests against damage arising from the climate crisis and to provide the best advice possible to affected States. Germany will provide a total of 1.2 million euros to fund the &#8222;Forest Risk Facility&#8220; (FoRISK Facility), initially until 2030. The facility is located in Bonn, . The ministers also decided to continue developing and strengthening pan-European cooperation on implementing sustainable forest management. After four years chairing Forest Europe, Germany is now handing over this role to Sweden.<\/p>\n<p>Federal Minister Cem \u00d6zdemir said, &#8222;Europe is working closer together to protect our forests! That is an important signal that this conference is sending. Neither the climate crisis nor our forests stop at national borders &#8211; that is why we need international solutions; that is why Forest Europe is so important! The new Forest Risk Facility will enable us to pool and access knowledge even more efficiently in future. Let us not forget that forests are our best allies in the fight against the climate crisis, but are at the same time hit particularly hard by the impact of this crisis. We need to strengthen our forests to make them more resilient, for example to heat and increasing drought. Only climate-resilient forests will in the future still be able to store carbon and provide us with timber, a valuable building material. I am delighted that, with Sweden, another forest-rich country is taking over the chair of Forest Europe and I wish my colleague every success in this task.&#8220;<\/p>\n<p>The FoRISK Facility is conceived to be a network of experts and to function as a permanent contact point for partners and initiatives. It is intended to strengthen cross-border cooperation in dealing with forest risks such as storms, forest fire sand insects. It is also set to serve as a platform for the development of practical guidelines and political strategies as well as for advisory activities in the field of disaster risk management.<\/p>\n<p>Background information:<br \/>\nForest Europe is a pan-European forest-policy process at minister level for developing guidelines, criteria and indicators for sustainable forestry management. Further information here&lt;https:\/\/foresteurope.org\/&gt;.<\/p>\n<p>At the 9th ministerial conference, which was held under the motto of &#8222;Shaping our future with resilient forests&#8220;, ministers of the signatory States joined the European Commission and high-ranking representatives of over 50 observer organisations and countries to discuss topics such as the resilience of forests, sustainable forest management and the inclusion of youth.<\/p>\n<p>During its time as chair, the BMEL also launched the initiative on restoring and sustainably managing Ukraine&#8217;s forests and forestry sector. Further information here&lt;https:\/\/www.bmel.de\/SharedDocs\/Pressemitteilungen\/DE\/2023\/130-forest-europe.html&gt;.<\/p>\n<p>Quelle:bmel.bund.de<\/p>\n<p>&nbsp;<\/p>\n","protected":false},"excerpt":{"rendered":"<p>Berlin: \u00d6zdemir: Europa arbeitet st\u00e4rker zusammen beim Waldschutz Europ\u00e4ische Stelle zum Schutz der W\u00e4lder wird in Bonn eingerichtet Die europ\u00e4ischen Staaten wollen noch st\u00e4rker beim Waldschutz kooperieren. Auf der neunten Ministerkonferenz von &#8222;Forest Europe&#8220;, einem pan-europ\u00e4ischen forstpolitischen Prozess auf Ministerebene, beschlossen die 44 Mitgliedsstaaten und die EU-Kommission die Einrichtung einer zentralen Beratungsstelle, um Sachverstand und [&hellip;]<\/p>\n","protected":false},"author":7,"featured_media":1574,"comment_status":"closed","ping_status":"open","sticky":false,"template":"","format":"standard","meta":{"footnotes":""},"categories":[44,3],"tags":[4399],"class_list":["post-17029","post","type-post","status-publish","format-standard","has-post-thumbnail","hentry","category-deutschland-2","category-news","tag-forisk-facility"],"_links":{"self":[{"href":"https:\/\/www.frankensicht.de\/index.php?rest_route=\/wp\/v2\/posts\/17029","targetHints":{"allow":["GET"]}}],"collection":[{"href":"https:\/\/www.frankensicht.de\/index.php?rest_route=\/wp\/v2\/posts"}],"about":[{"href":"https:\/\/www.frankensicht.de\/index.php?rest_route=\/wp\/v2\/types\/post"}],"author":[{"embeddable":true,"href":"https:\/\/www.frankensicht.de\/index.php?rest_route=\/wp\/v2\/users\/7"}],"replies":[{"embeddable":true,"href":"https:\/\/www.frankensicht.de\/index.php?rest_route=%2Fwp%2Fv2%2Fcomments&post=17029"}],"version-history":[{"count":1,"href":"https:\/\/www.frankensicht.de\/index.php?rest_route=\/wp\/v2\/posts\/17029\/revisions"}],"predecessor-version":[{"id":17030,"href":"https:\/\/www.frankensicht.de\/index.php?rest_route=\/wp\/v2\/posts\/17029\/revisions\/17030"}],"wp:featuredmedia":[{"embeddable":true,"href":"https:\/\/www.frankensicht.de\/index.php?rest_route=\/wp\/v2\/media\/1574"}],"wp:attachment":[{"href":"https:\/\/www.frankensicht.de\/index.php?rest_route=%2Fwp%2Fv2%2Fmedia&parent=17029"}],"wp:term":[{"taxonomy":"category","embeddable":true,"href":"https:\/\/www.frankensicht.de\/index.php?rest_route=%2Fwp%2Fv2%2Fcategories&post=17029"},{"taxonomy":"post_tag","embeddable":true,"href":"https:\/\/www.frankensicht.de\/index.php?rest_route=%2Fwp%2Fv2%2Ftags&post=17029"}],"curies":[{"name":"wp","href":"https:\/\/api.w.org\/{rel}","templated":true}]}}