{"id":16870,"date":"2024-07-24T08:37:22","date_gmt":"2024-07-24T06:37:22","guid":{"rendered":"https:\/\/www.frankensicht.de\/?p=16870"},"modified":"2024-07-24T08:37:22","modified_gmt":"2024-07-24T06:37:22","slug":"bayerns-wirtschaftsminister-besucht-israel-auf-einladung-der-generalkonsulin-des-staates-israel-fuer-sueddeutschland","status":"publish","type":"post","link":"https:\/\/www.frankensicht.de\/?p=16870","title":{"rendered":"Bayerns Wirtschaftsminister besucht Israel auf Einladung der Generalkonsulin des Staates Israel f\u00fcr S\u00fcddeutschland"},"content":{"rendered":"<p><span style=\"color: #ff0000;\">M\u00fcnchen:<\/span><\/p>\n<p>Bayerns Wirtschaftsminister besucht Israel auf Einladung der Generalkonsulin des Staates Israel f\u00fcr S\u00fcddeutschland<\/p>\n<p>Aiwanger vor Besuch in Israel: &#8222;Bayern verurteilt den Terror der Hamas. Wir vertiefen die Zusammenarbeit mit Israel&#8220;<\/p>\n<p><a href=\"https:\/\/www.frankensicht.de\/?attachment_id=8164\" rel=\"attachment wp-att-8164\"><img loading=\"lazy\" decoding=\"async\" class=\"alignnone size-medium wp-image-8164\" src=\"https:\/\/www.frankensicht.de\/wp-content\/uploads\/2015\/02\/israel-300x218.png\" alt=\"\" width=\"300\" height=\"218\" srcset=\"https:\/\/www.frankensicht.de\/wp-content\/uploads\/2015\/02\/israel-300x218.png 300w, https:\/\/www.frankensicht.de\/wp-content\/uploads\/2015\/02\/israel.png 660w\" sizes=\"auto, (max-width: 300px) 100vw, 300px\" \/><\/a><\/p>\n<p>Bayerns Wirtschaftsminister Hubert Aiwanger wird auf Einladung der Generalkonsulin des Staates Israel f\u00fcr S\u00fcddeutschland, Talya Lador-Fresher, in der kommenden Woche mit einer Wirtschaftsdelegation nach Israel reisen. Der Staatsminister wird dabei in Jerusalem den israelischen Wirtschaftsminister Nir Barkat und f\u00fchrende Vertreter des Energieministeriums treffen. Geplant sind zudem mehrere Unternehmensbesuche in Tel Aviv und Haifa sowie Networking-Treffen der Delegationsteilnehmer mit israelischen Firmenchefs aus der Sicherheitstechnik und weiteren Branchen. \u00a0 Aiwanger: &#8222;Bayern steht an der Seite Israels. Wir vertiefen die Zusammenarbeit mit dem Hightech-Land und unterst\u00fctzen unsere israelischen Partner. Mit unserem Besuch wollen wir in schwerer Zeit die wirtschaftlichen Kontakte vertiefen und unsere Solidarit\u00e4t mit dem Staat Israel zeigen. Israel hat das Recht und die Pflicht sich zu verteidigen. Wir w\u00fcnschen uns, dass die Region zur Ruhe kommt und die Menschen in Frieden und Sicherheit leben k\u00f6nnen.\u201c \u00a0 Generalkonsulin Talya Lador-Fresher: \u201eDie wirtschaftlichen Beziehungen zwischen Bayern und Israel sind f\u00fcr beide Seiten sehr bedeutend. Deshalb habe ich mich sehr gefreut, dass Staatsminister Hubert Aiwanger mit einer Wirtschaftsdelegation meine Einladung nach Israel angenommen hat.\u201c \u00a0 Die Delegation wird unter Leitung Aiwangers die Holocaust-Gedenkst\u00e4tte Yad Vashem besuchen. Au\u00dferdem ist ein Treffen mit Angeh\u00f6rigen von Hamas-Terroristen entf\u00fchrter israelischer Geiseln sowie der Besuch eines Kibbuz in Grenzgebiet zum Gaza-Streifen und der Gedenkst\u00e4tten des Nova-Musikfestival-Massakers geplant.<\/p>\n<p>Quelle:stmwi.bayern.de<\/p>\n","protected":false},"excerpt":{"rendered":"<p>M\u00fcnchen: Bayerns Wirtschaftsminister besucht Israel auf Einladung der Generalkonsulin des Staates Israel f\u00fcr S\u00fcddeutschland Aiwanger vor Besuch in Israel: &#8222;Bayern verurteilt den Terror der Hamas. Wir vertiefen die Zusammenarbeit mit Israel&#8220; Bayerns Wirtschaftsminister Hubert Aiwanger wird auf Einladung der Generalkonsulin des Staates Israel f\u00fcr S\u00fcddeutschland, Talya Lador-Fresher, in der kommenden Woche mit einer Wirtschaftsdelegation nach [&hellip;]<\/p>\n","protected":false},"author":7,"featured_media":8164,"comment_status":"closed","ping_status":"open","sticky":false,"template":"","format":"standard","meta":{"footnotes":""},"categories":[78,71],"tags":[4352],"class_list":["post-16870","post","type-post","status-publish","format-standard","has-post-thumbnail","hentry","category-bayern","category-menue","tag-israel-aiwanger"],"_links":{"self":[{"href":"https:\/\/www.frankensicht.de\/index.php?rest_route=\/wp\/v2\/posts\/16870","targetHints":{"allow":["GET"]}}],"collection":[{"href":"https:\/\/www.frankensicht.de\/index.php?rest_route=\/wp\/v2\/posts"}],"about":[{"href":"https:\/\/www.frankensicht.de\/index.php?rest_route=\/wp\/v2\/types\/post"}],"author":[{"embeddable":true,"href":"https:\/\/www.frankensicht.de\/index.php?rest_route=\/wp\/v2\/users\/7"}],"replies":[{"embeddable":true,"href":"https:\/\/www.frankensicht.de\/index.php?rest_route=%2Fwp%2Fv2%2Fcomments&post=16870"}],"version-history":[{"count":1,"href":"https:\/\/www.frankensicht.de\/index.php?rest_route=\/wp\/v2\/posts\/16870\/revisions"}],"predecessor-version":[{"id":16871,"href":"https:\/\/www.frankensicht.de\/index.php?rest_route=\/wp\/v2\/posts\/16870\/revisions\/16871"}],"wp:featuredmedia":[{"embeddable":true,"href":"https:\/\/www.frankensicht.de\/index.php?rest_route=\/wp\/v2\/media\/8164"}],"wp:attachment":[{"href":"https:\/\/www.frankensicht.de\/index.php?rest_route=%2Fwp%2Fv2%2Fmedia&parent=16870"}],"wp:term":[{"taxonomy":"category","embeddable":true,"href":"https:\/\/www.frankensicht.de\/index.php?rest_route=%2Fwp%2Fv2%2Fcategories&post=16870"},{"taxonomy":"post_tag","embeddable":true,"href":"https:\/\/www.frankensicht.de\/index.php?rest_route=%2Fwp%2Fv2%2Ftags&post=16870"}],"curies":[{"name":"wp","href":"https:\/\/api.w.org\/{rel}","templated":true}]}}