{"id":16862,"date":"2024-07-21T08:43:21","date_gmt":"2024-07-21T06:43:21","guid":{"rendered":"https:\/\/www.frankensicht.de\/?p=16862"},"modified":"2024-07-21T08:43:21","modified_gmt":"2024-07-21T06:43:21","slug":"mietpreisbremse-in-gebieten-mit-angespanntem-wohnungsmarkt","status":"publish","type":"post","link":"https:\/\/www.frankensicht.de\/?p=16862","title":{"rendered":"Mietpreisbremse in Gebieten mit angespanntem Wohnungsmarkt"},"content":{"rendered":"<p><span style=\"color: #ff0000;\">M\u00fcnchen:<\/span><\/p>\n<p>Mietpreisbremse in Gebieten mit angespanntem<br \/>\nWohnungsmarkt<\/p>\n<p>Gesetzentwurf der Bundesregierung l\u00e4sst weiter auf sich<br \/>\nwarten \/ Bayerns Justizminister Eisenreich: &#8222;Menschen mit normalen Einkommen<br \/>\nm\u00fcssen sich das Leben in Ballungsr\u00e4umen leisten k\u00f6nnen. Deshalb duldet<br \/>\ndie Verl\u00e4ngerung der Mietpreisbremse keinen weiteren Aufschub.&#8220;<\/p>\n<p><a href=\"https:\/\/www.frankensicht.de\/?attachment_id=1410\" rel=\"attachment wp-att-1410\"><img loading=\"lazy\" decoding=\"async\" class=\"alignnone size-medium wp-image-1410\" src=\"https:\/\/www.frankensicht.de\/wp-content\/uploads\/2012\/05\/paragraf-300x187.jpg\" alt=\"\" width=\"300\" height=\"187\" srcset=\"https:\/\/www.frankensicht.de\/wp-content\/uploads\/2012\/05\/paragraf-300x187.jpg 300w, https:\/\/www.frankensicht.de\/wp-content\/uploads\/2012\/05\/paragraf.jpg 640w\" sizes=\"auto, (max-width: 300px) 100vw, 300px\" \/><\/a><br \/>\nMehr als drei Monate nachdem sich die Ampel-Regierung<br \/>\nauf die Verl\u00e4ngerung der Mietpreisbremse in angespannten Wohnungsm\u00e4rkten<br \/>\nverst\u00e4ndigt hat, liegt noch immer kein Gesetzentwurf vor. Bayerns<br \/>\nJustizminister Georg Eisenreich: &#8222;Menschen mit normalen Einkommen,<br \/>\nSenioren und Familien m\u00fcssen sich das Leben in Ballungsr\u00e4umen<br \/>\nleisten k\u00f6nnen. Die Mietpreisbremse ist daf\u00fcr ein wichtiges Mittel.<br \/>\nDie Verl\u00e4ngerung duldet keinen Aufschub, da die meisten L\u00e4nderverordnungen<br \/>\ndazu im kommenden Jahr auslaufen.&#8220; Die Mietpreisbremse sieht<br \/>\nvor, dass bei Neuvermietungen von Bestandswohnungen in Gebieten mit angespanntem<br \/>\nWohnungsmarkt die Miete maximal zehn Prozent \u00fcber der orts\u00fcblichen<br \/>\nVergleichsmiete liegen darf. Der Minister: &#8222;Die Bundesregierung<br \/>\nist aufgefordert, endlich einen Gesetzentwurf vorzulegen. Mieter, Vermieter<br \/>\nund umsetzende L\u00e4nder brauchen hier Klarheit.&#8220; &#8222;Dabei<br \/>\ndarf es auch keine zus\u00e4tzlichen H\u00fcrden f\u00fcr die Anwendung<br \/>\nder Mietpreisbremse durch die L\u00e4nder geben&#8220;, so der Minister.<br \/>\nDie Anwendung der Mietpreisbremse ist f\u00fcr die L\u00e4nder an besondere<br \/>\nBegr\u00fcndungsanforderungen gekn\u00fcpft: F\u00fcr jede Gemeinde, in<br \/>\nder die Mietpreisbremse gelten soll, muss dargelegt werden, aus welchen<br \/>\nGr\u00fcnden ein angespannter Wohnungsmarkt vorliegt. Zudem m\u00fcssen<br \/>\ndie L\u00e4nder ausf\u00fchren, welche Abhilfema\u00dfnahmen gegen die<br \/>\nWohnungsnot ergriffen werden. Eisenreich: &#8222;Diese<br \/>\nAnforderungen haben ihren guten Sinn, eine weitere Versch\u00e4rfung ist<br \/>\naber nicht geboten und w\u00fcrde nur erheblichen Mehraufwand verursachen.&#8220;<br \/>\nF\u00fcr Minister Eisenreich steht fest, dass Wohnungsmangel<br \/>\nund Mietpreisanstieg gro\u00dfe Herausforderungen unserer Zeit sind. Eisenreich:<br \/>\n&#8222;Einfache L\u00f6sungen gibt es nicht. Notwendig ist ein B\u00fcndel<br \/>\nan Ma\u00dfnahmen von Bund, L\u00e4ndern und Kommunen in verschiedenen<br \/>\nBereichen.&#8220; Der Minister verweist auf ein vorbildliches<br \/>\nProjekt der Wohnungsgenossenschaft in M\u00fcnchen-Sendling. Dort wird<br \/>\nnach Medienberichten freiwillig umgesetzt, was Staatsminister Eisenreich<br \/>\nbereits im November 2022 bei der Justizministerkonferenz gefordert<br \/>\nhat (Pressemitteilung hier<br \/>\nabrufbar): Bestandsschutz f\u00fcr g\u00fcnstige Mieten bei einem Umzug<br \/>\nin kleinere Wohnungen. Seniorinnen und Senioren, die ihre gro\u00dfe Wohnung<br \/>\nfreigeben und in eine kleinere umziehen, zahlen dort weiter den Quadratmeterpreis<br \/>\naus dem alten Mietvertrag.<\/p>\n<p>&nbsp;<\/p>\n<p>Quelle:stmj.bayern.de<\/p>\n","protected":false},"excerpt":{"rendered":"<p>M\u00fcnchen: Mietpreisbremse in Gebieten mit angespanntem Wohnungsmarkt Gesetzentwurf der Bundesregierung l\u00e4sst weiter auf sich warten \/ Bayerns Justizminister Eisenreich: &#8222;Menschen mit normalen Einkommen m\u00fcssen sich das Leben in Ballungsr\u00e4umen leisten k\u00f6nnen. Deshalb duldet die Verl\u00e4ngerung der Mietpreisbremse keinen weiteren Aufschub.&#8220; Mehr als drei Monate nachdem sich die Ampel-Regierung auf die Verl\u00e4ngerung der Mietpreisbremse in angespannten [&hellip;]<\/p>\n","protected":false},"author":7,"featured_media":1410,"comment_status":"closed","ping_status":"open","sticky":false,"template":"","format":"standard","meta":{"footnotes":""},"categories":[78,71],"tags":[2907],"class_list":["post-16862","post","type-post","status-publish","format-standard","has-post-thumbnail","hentry","category-bayern","category-menue","tag-mietpreisbremse-bayern"],"_links":{"self":[{"href":"https:\/\/www.frankensicht.de\/index.php?rest_route=\/wp\/v2\/posts\/16862","targetHints":{"allow":["GET"]}}],"collection":[{"href":"https:\/\/www.frankensicht.de\/index.php?rest_route=\/wp\/v2\/posts"}],"about":[{"href":"https:\/\/www.frankensicht.de\/index.php?rest_route=\/wp\/v2\/types\/post"}],"author":[{"embeddable":true,"href":"https:\/\/www.frankensicht.de\/index.php?rest_route=\/wp\/v2\/users\/7"}],"replies":[{"embeddable":true,"href":"https:\/\/www.frankensicht.de\/index.php?rest_route=%2Fwp%2Fv2%2Fcomments&post=16862"}],"version-history":[{"count":1,"href":"https:\/\/www.frankensicht.de\/index.php?rest_route=\/wp\/v2\/posts\/16862\/revisions"}],"predecessor-version":[{"id":16863,"href":"https:\/\/www.frankensicht.de\/index.php?rest_route=\/wp\/v2\/posts\/16862\/revisions\/16863"}],"wp:featuredmedia":[{"embeddable":true,"href":"https:\/\/www.frankensicht.de\/index.php?rest_route=\/wp\/v2\/media\/1410"}],"wp:attachment":[{"href":"https:\/\/www.frankensicht.de\/index.php?rest_route=%2Fwp%2Fv2%2Fmedia&parent=16862"}],"wp:term":[{"taxonomy":"category","embeddable":true,"href":"https:\/\/www.frankensicht.de\/index.php?rest_route=%2Fwp%2Fv2%2Fcategories&post=16862"},{"taxonomy":"post_tag","embeddable":true,"href":"https:\/\/www.frankensicht.de\/index.php?rest_route=%2Fwp%2Fv2%2Ftags&post=16862"}],"curies":[{"name":"wp","href":"https:\/\/api.w.org\/{rel}","templated":true}]}}