{"id":16846,"date":"2024-07-12T08:56:48","date_gmt":"2024-07-12T06:56:48","guid":{"rendered":"https:\/\/www.frankensicht.de\/?p=16846"},"modified":"2024-07-12T08:56:48","modified_gmt":"2024-07-12T06:56:48","slug":"erneuerbare-energien-bayerns-wirtschaftsminister-begruesst-ausschreibungsergebnisse-fuer-wind-und-photovoltaik-speicher","status":"publish","type":"post","link":"https:\/\/www.frankensicht.de\/?p=16846","title":{"rendered":"Erneuerbare Energien &#8211; Bayerns Wirtschaftsminister begr\u00fc\u00dft Ausschreibungsergebnisse f\u00fcr Wind und Photovoltaik-Speicher"},"content":{"rendered":"<p><a href=\"https:\/\/www.frankensicht.de\/?attachment_id=15391\" rel=\"attachment wp-att-15391\"><img loading=\"lazy\" decoding=\"async\" class=\"alignnone size-medium wp-image-15391\" src=\"https:\/\/www.frankensicht.de\/wp-content\/uploads\/2022\/11\/P1040775-300x225.jpg\" alt=\"\" width=\"300\" height=\"225\" srcset=\"https:\/\/www.frankensicht.de\/wp-content\/uploads\/2022\/11\/P1040775-300x225.jpg 300w, https:\/\/www.frankensicht.de\/wp-content\/uploads\/2022\/11\/P1040775-1024x768.jpg 1024w, https:\/\/www.frankensicht.de\/wp-content\/uploads\/2022\/11\/P1040775-768x576.jpg 768w, https:\/\/www.frankensicht.de\/wp-content\/uploads\/2022\/11\/P1040775-1536x1152.jpg 1536w, https:\/\/www.frankensicht.de\/wp-content\/uploads\/2022\/11\/P1040775-2048x1536.jpg 2048w\" sizes=\"auto, (max-width: 300px) 100vw, 300px\" \/><\/a><\/p>\n<p>Erneuerbare Energien &#8211; Bayerns Wirtschaftsminister begr\u00fc\u00dft Ausschreibungsergebnisse f\u00fcr Wind und Photovoltaik-Speicher<\/p>\n<p>Aiwanger: &#8222;Die Ergebnisse der Ausschreibung zeigen deutlich: Wir sind beim Ausbau erneuerbarer Energien auf dem richten Weg&#8220; Pressemeldung, M\u00fcnchen, 09. Juli 2024, 277\/24 Erneuerbare Energien Bayerns Wirtschaftsminister begr\u00fc\u00dft Ausschreibungsergebnisse f\u00fcr Wind und Photovoltaik-Speicher Aiwanger: &#8222;Die Ergebnisse der Ausschreibung zeigen deutlich: Wir sind beim Ausbau erneuerbarer Energien auf dem richten Weg&#8220; M<\/p>\n<p>&nbsp;<\/p>\n<p>Bayern ist ein guter Standort f\u00fcr erneuerbare Energien. Das zeigen die Ergebnisse der j\u00fcngsten Ausschreibungen f\u00fcr Onshore-Wind und Innovation. In Bayern erhielten 14 neue Windenergieanlagen mit einer Leistung von 81,6 Megawatt (MW) aus sechs Projekten einen Zuschlag. Bayerns Wirtschafts- und Energieminister Hubert Aiwanger: &#8222;Die Ergebnisse der Ausschreibung sind ein klares Zeichen: Wir sind beim Windkraftausbau auf dem richtigen Weg.&#8220; Der durchschnittliche, mengengewichtete Zuschlagswert von 7,33 Cent pro Kilowattstunde (ct\/kWh) lag nur knapp unter dem H\u00f6chstwert von 7,35 ct\/kWh, was auf die weiterhin hohen Bau- und Finanzierungskosten zur\u00fcckzuf\u00fchren ist. Besonders freut sich Aiwanger \u00fcber die Entwicklung der Genehmigungsantr\u00e4ge f\u00fcr Windenergieanlagen in Bayern: \u201cAllein in den ersten f\u00fcnf Monaten des laufenden Jahres wurden 90 Antr\u00e4ge gestellt &#8211; deutlich mehr als im gesamten Vorjahr. Das ist ein starkes Signal f\u00fcr den Windkraftausbau in Bayern.\u201c \u00a0 In der Innovationsausschreibung gingen 24 von insgesamt 43 Zuschl\u00e4gen an Projekte aus Bayern \u2013 \u00fcber die H\u00e4lfte aller deutscher Zuschl\u00e4ge. Mit 245 MW Leistung entfallen die gr\u00f6\u00dften Zuschlags-Volumina auf bayerische Gebote f\u00fcr Photovoltaik-Speicher-Kraftwerke. Der Minister betont: \u201eSpeicher sind ein Schl\u00fcssel f\u00fcr eine kosteneffiziente und sichere Energieversorgung. Ihre Bedeutung wird k\u00fcnftig f\u00fcr eine bessere Netzintegration weiter zunehmen. Umso erfreulicher ist daher, dass im Rahmen der Innovationsausschreibung Photovoltaik erfolgreich mit Speichern kombiniert wird.&#8220; Der mengengewichtete Zuschlagswert lag wie im Vorjahr bei 8,33 ct\/kWh. \u00a0 Die n\u00e4chste Ausschreibungsrunde f\u00fcr Windenergie an Land findet am 1. August 2024 statt, die Innovationsausschreibung folgt am 1. September 2024. \u201eBayern bleibt Vorreiter bei der Energiewende. Wir setzen weiterhin auf den Ausbau erneuerbarer Energien und auf innovative Technologien\u201c, so Aiwanger abschlie\u00dfend.<\/p>\n<p>Quelle:stmwi.bayern.de<\/p>\n","protected":false},"excerpt":{"rendered":"<p>Erneuerbare Energien &#8211; Bayerns Wirtschaftsminister begr\u00fc\u00dft Ausschreibungsergebnisse f\u00fcr Wind und Photovoltaik-Speicher Aiwanger: &#8222;Die Ergebnisse der Ausschreibung zeigen deutlich: Wir sind beim Ausbau erneuerbarer Energien auf dem richten Weg&#8220; Pressemeldung, M\u00fcnchen, 09. Juli 2024, 277\/24 Erneuerbare Energien Bayerns Wirtschaftsminister begr\u00fc\u00dft Ausschreibungsergebnisse f\u00fcr Wind und Photovoltaik-Speicher Aiwanger: &#8222;Die Ergebnisse der Ausschreibung zeigen deutlich: Wir sind beim Ausbau [&hellip;]<\/p>\n","protected":false},"author":7,"featured_media":15391,"comment_status":"closed","ping_status":"open","sticky":false,"template":"","format":"standard","meta":{"footnotes":""},"categories":[78,71],"tags":[4345],"class_list":["post-16846","post","type-post","status-publish","format-standard","has-post-thumbnail","hentry","category-bayern","category-menue","tag-zuschlagwert"],"_links":{"self":[{"href":"https:\/\/www.frankensicht.de\/index.php?rest_route=\/wp\/v2\/posts\/16846","targetHints":{"allow":["GET"]}}],"collection":[{"href":"https:\/\/www.frankensicht.de\/index.php?rest_route=\/wp\/v2\/posts"}],"about":[{"href":"https:\/\/www.frankensicht.de\/index.php?rest_route=\/wp\/v2\/types\/post"}],"author":[{"embeddable":true,"href":"https:\/\/www.frankensicht.de\/index.php?rest_route=\/wp\/v2\/users\/7"}],"replies":[{"embeddable":true,"href":"https:\/\/www.frankensicht.de\/index.php?rest_route=%2Fwp%2Fv2%2Fcomments&post=16846"}],"version-history":[{"count":1,"href":"https:\/\/www.frankensicht.de\/index.php?rest_route=\/wp\/v2\/posts\/16846\/revisions"}],"predecessor-version":[{"id":16847,"href":"https:\/\/www.frankensicht.de\/index.php?rest_route=\/wp\/v2\/posts\/16846\/revisions\/16847"}],"wp:featuredmedia":[{"embeddable":true,"href":"https:\/\/www.frankensicht.de\/index.php?rest_route=\/wp\/v2\/media\/15391"}],"wp:attachment":[{"href":"https:\/\/www.frankensicht.de\/index.php?rest_route=%2Fwp%2Fv2%2Fmedia&parent=16846"}],"wp:term":[{"taxonomy":"category","embeddable":true,"href":"https:\/\/www.frankensicht.de\/index.php?rest_route=%2Fwp%2Fv2%2Fcategories&post=16846"},{"taxonomy":"post_tag","embeddable":true,"href":"https:\/\/www.frankensicht.de\/index.php?rest_route=%2Fwp%2Fv2%2Ftags&post=16846"}],"curies":[{"name":"wp","href":"https:\/\/api.w.org\/{rel}","templated":true}]}}