{"id":16805,"date":"2024-06-21T08:41:50","date_gmt":"2024-06-21T06:41:50","guid":{"rendered":"https:\/\/www.frankensicht.de\/?p=16805"},"modified":"2024-06-21T08:42:16","modified_gmt":"2024-06-21T06:42:16","slug":"europa-staatsministerin-anna-luehrmann-zu-ihrer-reise-in-die-ukraine-und-nach-moldau","status":"publish","type":"post","link":"https:\/\/www.frankensicht.de\/?p=16805","title":{"rendered":"Europa-Staatsministerin Anna L\u00fchrmann zu ihrer Reise in die Ukraine und nach Moldau"},"content":{"rendered":"<p><span style=\"color: #ff0000;\">Berlin &#8211; Br\u00fcssel:<\/span><\/p>\n<p>Europa-Staatsministerin Anna L\u00fchrmann zu ihrer Reise in die Ukraine und nach Moldau<\/p>\n<p><a href=\"https:\/\/www.frankensicht.de\/?attachment_id=6571\" rel=\"attachment wp-att-6571\"><img loading=\"lazy\" decoding=\"async\" class=\"alignnone size-medium wp-image-6571\" src=\"https:\/\/www.frankensicht.de\/wp-content\/uploads\/2013\/12\/euro-fahne-300x200.jpg\" alt=\"\" width=\"300\" height=\"200\" srcset=\"https:\/\/www.frankensicht.de\/wp-content\/uploads\/2013\/12\/euro-fahne-300x200.jpg 300w, https:\/\/www.frankensicht.de\/wp-content\/uploads\/2013\/12\/euro-fahne-220x146.jpg 220w, https:\/\/www.frankensicht.de\/wp-content\/uploads\/2013\/12\/euro-fahne.jpg 794w\" sizes=\"auto, (max-width: 300px) 100vw, 300px\" \/><\/a><\/p>\n<p>Europa-Staatsministerin Anna L\u00fchrmann befindet sich diese Woche zu politischen Gespr\u00e4chen in der Ukraine und in Moldau. Aus Odessa erkl\u00e4rt sie heute (20.06.2024):<br \/>\n&#8222;Die Zukunft der Ukraine und Moldaus liegt in der Europ\u00e4ischen Union. Am Dienstag werden wir die EU-Beitrittsverhandlungen mit der Ukraine und Moldau er\u00f6ffnen. Das ist ein historischer Schritt. Wir werden beide L\u00e4nder weiter auf ihrem Weg in die EU unterst\u00fctzen. Ich bin beeindruckt vom Reformwillen beider L\u00e4nder. Gleichzeitig erwarten wir, dass die Regierungen die notwendigen Reformen f\u00fcr eine EU-Mitgliedschaft weiterhin mit aller Entschlossenheit vorantreiben. Mein gemeinsamer Besuch mit dem polnischen Europaminister ist ein starkes Zeichen: Deutschland und Polen unterst\u00fctzen die Ukraine und Moldau mit voller Kraft. Gemeinsam wollen wir, Deutschland und Polen, die EU st\u00e4rker und resilienter machen.&#8220;<\/p>\n<p>Die Staatsministerin f\u00fcr Europa und Klima Anna L\u00fchrmann reist gemeinsam mit dem polnischen Minister f\u00fcr EU-Angelegenheiten Adam Szlapka im Rahmen des Weimarer Dreiecks vom 18.06 \u2013 21.06. nach Kyjiw, Odessa und Chisinau. In Kyjiw traf sich Frau L\u00fchrmann zusammen mit Herrn Szlapka zu Gespr\u00e4chen mit der Vize-Premierministerin Olga Stefanishyna. Au\u00dferdem besuchte sie den High Anti-Corruption Court der Ukraine und traf sich mit verschiedenen Vertreter:innen der Zivilgesellschaft. In Odessa besuchte sie mit der Vize-Premierministerin und dem Gouverneur den Hafen von Odessa. In Chisinau wird Frau L\u00fchrmann Pr\u00e4sidentin Maia Sandu und die Stellvertretende Premierministerin Christina Gherasimov zu politischen Gespr\u00e4chen treffen.<\/p>\n<p>Quelle: info.auswaertiges-amt.de<\/p>\n","protected":false},"excerpt":{"rendered":"<p>Berlin &#8211; Br\u00fcssel: Europa-Staatsministerin Anna L\u00fchrmann zu ihrer Reise in die Ukraine und nach Moldau Europa-Staatsministerin Anna L\u00fchrmann befindet sich diese Woche zu politischen Gespr\u00e4chen in der Ukraine und in Moldau. Aus Odessa erkl\u00e4rt sie heute (20.06.2024): &#8222;Die Zukunft der Ukraine und Moldaus liegt in der Europ\u00e4ischen Union. Am Dienstag werden wir die EU-Beitrittsverhandlungen mit [&hellip;]<\/p>\n","protected":false},"author":7,"featured_media":6571,"comment_status":"closed","ping_status":"open","sticky":false,"template":"","format":"standard","meta":{"footnotes":""},"categories":[44,75,3],"tags":[4329,1589],"class_list":["post-16805","post","type-post","status-publish","format-standard","has-post-thumbnail","hentry","category-deutschland-2","category-europa-2","category-news","tag-moldau","tag-ukraine"],"_links":{"self":[{"href":"https:\/\/www.frankensicht.de\/index.php?rest_route=\/wp\/v2\/posts\/16805","targetHints":{"allow":["GET"]}}],"collection":[{"href":"https:\/\/www.frankensicht.de\/index.php?rest_route=\/wp\/v2\/posts"}],"about":[{"href":"https:\/\/www.frankensicht.de\/index.php?rest_route=\/wp\/v2\/types\/post"}],"author":[{"embeddable":true,"href":"https:\/\/www.frankensicht.de\/index.php?rest_route=\/wp\/v2\/users\/7"}],"replies":[{"embeddable":true,"href":"https:\/\/www.frankensicht.de\/index.php?rest_route=%2Fwp%2Fv2%2Fcomments&post=16805"}],"version-history":[{"count":1,"href":"https:\/\/www.frankensicht.de\/index.php?rest_route=\/wp\/v2\/posts\/16805\/revisions"}],"predecessor-version":[{"id":16806,"href":"https:\/\/www.frankensicht.de\/index.php?rest_route=\/wp\/v2\/posts\/16805\/revisions\/16806"}],"wp:featuredmedia":[{"embeddable":true,"href":"https:\/\/www.frankensicht.de\/index.php?rest_route=\/wp\/v2\/media\/6571"}],"wp:attachment":[{"href":"https:\/\/www.frankensicht.de\/index.php?rest_route=%2Fwp%2Fv2%2Fmedia&parent=16805"}],"wp:term":[{"taxonomy":"category","embeddable":true,"href":"https:\/\/www.frankensicht.de\/index.php?rest_route=%2Fwp%2Fv2%2Fcategories&post=16805"},{"taxonomy":"post_tag","embeddable":true,"href":"https:\/\/www.frankensicht.de\/index.php?rest_route=%2Fwp%2Fv2%2Ftags&post=16805"}],"curies":[{"name":"wp","href":"https:\/\/api.w.org\/{rel}","templated":true}]}}