{"id":16803,"date":"2024-06-23T08:35:07","date_gmt":"2024-06-23T06:35:07","guid":{"rendered":"https:\/\/www.frankensicht.de\/?p=16803"},"modified":"2024-06-23T08:35:07","modified_gmt":"2024-06-23T06:35:07","slug":"wissing-stellt-unterstuetzungsprogramm-fuer-nachhaltige-mobilitaetsplanung-in-kommunen-vor","status":"publish","type":"post","link":"https:\/\/www.frankensicht.de\/?p=16803","title":{"rendered":"Wissing stellt Unterst\u00fctzungsprogramm f\u00fcr nachhaltige Mobilit\u00e4tsplanung in Kommunen vor"},"content":{"rendered":"<p>Berlin:<\/p>\n<p>Wissing stellt Unterst\u00fctzungsprogramm f\u00fcr nachhaltige Mobilit\u00e4tsplanung in Kommunen vor<\/p>\n<p>Bundesverkehrsminister Dr. Volker Wissing hat bei der 6. NaKoMo-Jahreskonferenz in Berlin das nationale Unterst\u00fctzungsprogramm des BMDV f\u00fcr nachhaltige Mobilit\u00e4tsplanung in Kommunen vorgestellt.<\/p>\n<p>Volker Wissing:<\/p>\n<p>Wir wollen den Zugang zu guten \u00f6ffentlichen und individuellen Mobilit\u00e4tsangeboten vor Ort erleichtern. Daf\u00fcr braucht es ma\u00dfgeschneiderte L\u00f6sungen und ein Miteinander aller Verkehrstr\u00e4ger und Verkehrsmittel. Wichtig ist, die \u00d6ffentlichkeit an diesem Prozess zu beteiligen. Auf diesem Weg unterst\u00fctzen wir die Kommunen mit unserem Programm nachhaltig.mobil.planen. Mobilit\u00e4t kann so klimaneutral, effizient, bezahlbar und f\u00fcr alle verf\u00fcgbar geplant werden.<\/p>\n<p><a href=\"https:\/\/www.frankensicht.de\/?attachment_id=9802\" rel=\"attachment wp-att-9802\"><img loading=\"lazy\" decoding=\"async\" class=\"alignnone size-medium wp-image-9802\" src=\"https:\/\/www.frankensicht.de\/wp-content\/uploads\/2016\/07\/P1010195-300x225.jpg\" alt=\"\" width=\"300\" height=\"225\" srcset=\"https:\/\/www.frankensicht.de\/wp-content\/uploads\/2016\/07\/P1010195-300x225.jpg 300w, https:\/\/www.frankensicht.de\/wp-content\/uploads\/2016\/07\/P1010195.jpg 640w\" sizes=\"auto, (max-width: 300px) 100vw, 300px\" \/><\/a><\/p>\n<p>Anlass ist die \u00fcberarbeitete EU-Verordnung f\u00fcr die transeurop\u00e4ischen Verkehrsnetze (TEN-V). Diese sieht verpflichtende nachhaltige urbane Mobilit\u00e4tspl\u00e4ne nach den Leitlinien f\u00fcr \u201eSustainable Urban Mobility Plans\u201c (SUMPs) f\u00fcr die st\u00e4dtischen Knoten im TEN-V-Netz vor. Zudem sollen die Mitgliedstaaten Unterst\u00fctzungsprogramme aufstellen. Deutschland ist hier bereits Vorreiter. Das Programm hat f\u00fcnf Bausteine:<br \/>\nBundesf\u00f6rderung: Kommunen erhalten Zuwendungen zur Erstellung, bzw. Fortschreibung und Erg\u00e4nzung nachhaltiger Mobilit\u00e4tspl\u00e4ne. Ein aktueller F\u00f6rderaufruf wurde am 10. Juni 2024 ver\u00f6ffentlicht. Antragsskizzen k\u00f6nnen bis zum 19. Juli 2024 eingereicht werden.<br \/>\nInformationsportal nachhaltig-mobil-planen.de: Zentrale Informationsplattform zur Wissensvermittlung.<br \/>\nVernetzung: Zum Austausch mit den relevanten Akteuren sind Veranstaltungen wie Workshops und Fachvortr\u00e4ge vorgesehen.<br \/>\nForschungsvorhaben: Ziel einer laufenden Studie ist, ein Indikatorensystem zur nachhaltigen urbanen Mobilit\u00e4t zu entwickeln. Bereits abgeschlossen ist eine Bestandsanalyse zur Erfassung des Status Quo zu SUMPs in Deutschland.<\/p>\n<p>Quelle:abo-bmdv.de<\/p>\n","protected":false},"excerpt":{"rendered":"<p>Berlin: Wissing stellt Unterst\u00fctzungsprogramm f\u00fcr nachhaltige Mobilit\u00e4tsplanung in Kommunen vor Bundesverkehrsminister Dr. Volker Wissing hat bei der 6. NaKoMo-Jahreskonferenz in Berlin das nationale Unterst\u00fctzungsprogramm des BMDV f\u00fcr nachhaltige Mobilit\u00e4tsplanung in Kommunen vorgestellt. Volker Wissing: Wir wollen den Zugang zu guten \u00f6ffentlichen und individuellen Mobilit\u00e4tsangeboten vor Ort erleichtern. Daf\u00fcr braucht es ma\u00dfgeschneiderte L\u00f6sungen und ein Miteinander [&hellip;]<\/p>\n","protected":false},"author":7,"featured_media":9802,"comment_status":"closed","ping_status":"open","sticky":false,"template":"","format":"standard","meta":{"footnotes":""},"categories":[20,44,3],"tags":[4328],"class_list":["post-16803","post","type-post","status-publish","format-standard","has-post-thumbnail","hentry","category-auto","category-deutschland-2","category-news","tag-mobilitaetsplanung"],"_links":{"self":[{"href":"https:\/\/www.frankensicht.de\/index.php?rest_route=\/wp\/v2\/posts\/16803","targetHints":{"allow":["GET"]}}],"collection":[{"href":"https:\/\/www.frankensicht.de\/index.php?rest_route=\/wp\/v2\/posts"}],"about":[{"href":"https:\/\/www.frankensicht.de\/index.php?rest_route=\/wp\/v2\/types\/post"}],"author":[{"embeddable":true,"href":"https:\/\/www.frankensicht.de\/index.php?rest_route=\/wp\/v2\/users\/7"}],"replies":[{"embeddable":true,"href":"https:\/\/www.frankensicht.de\/index.php?rest_route=%2Fwp%2Fv2%2Fcomments&post=16803"}],"version-history":[{"count":1,"href":"https:\/\/www.frankensicht.de\/index.php?rest_route=\/wp\/v2\/posts\/16803\/revisions"}],"predecessor-version":[{"id":16804,"href":"https:\/\/www.frankensicht.de\/index.php?rest_route=\/wp\/v2\/posts\/16803\/revisions\/16804"}],"wp:featuredmedia":[{"embeddable":true,"href":"https:\/\/www.frankensicht.de\/index.php?rest_route=\/wp\/v2\/media\/9802"}],"wp:attachment":[{"href":"https:\/\/www.frankensicht.de\/index.php?rest_route=%2Fwp%2Fv2%2Fmedia&parent=16803"}],"wp:term":[{"taxonomy":"category","embeddable":true,"href":"https:\/\/www.frankensicht.de\/index.php?rest_route=%2Fwp%2Fv2%2Fcategories&post=16803"},{"taxonomy":"post_tag","embeddable":true,"href":"https:\/\/www.frankensicht.de\/index.php?rest_route=%2Fwp%2Fv2%2Ftags&post=16803"}],"curies":[{"name":"wp","href":"https:\/\/api.w.org\/{rel}","templated":true}]}}