{"id":16773,"date":"2024-06-09T08:39:05","date_gmt":"2024-06-09T06:39:05","guid":{"rendered":"https:\/\/www.frankensicht.de\/?p=16773"},"modified":"2024-06-09T08:39:05","modified_gmt":"2024-06-09T06:39:05","slug":"galeria-filiale-in-wuerzburg-bleibt-erhalten","status":"publish","type":"post","link":"https:\/\/www.frankensicht.de\/?p=16773","title":{"rendered":"Galeria-Filiale in W\u00fcrzburg bleibt erhalten"},"content":{"rendered":"<p><span style=\"color: #ff0000;\">W\u00fcrzburg:<\/span><\/p>\n<p>Galeria-Filiale in W\u00fcrzburg bleibt erhalten<\/p>\n<p>Aiwanger: &#8222;Die Galeria-Filiale in W\u00fcrzburg ist gerettet &#8211; ein guter Tag f\u00fcr W\u00fcrzburg, die Mitarbeiter und Kunden&#8220; Bayerns Wirtschaftsminister Hubert Aiwanger hat sich intensiv f\u00fcr die Zukunft von Galeria in W\u00fcrzburg und anderen bayerischen Galeria-Filialen eingesetzt. Jetzt ist best\u00e4tigt: Die Filiale in W\u00fcrzburg wird erhalten und nicht geschlossen. Der Minister freut sich sehr \u00fcber die Entscheidung: &#8222;Die Galeria-Filiale in W\u00fcrzburg ist gerettet.<\/p>\n<p><a href=\"https:\/\/www.frankensicht.de\/?attachment_id=4845\" rel=\"attachment wp-att-4845\"><img loading=\"lazy\" decoding=\"async\" class=\"alignnone size-medium wp-image-4845\" src=\"https:\/\/www.frankensicht.de\/wp-content\/uploads\/2012\/12\/1euro-300x225.jpg\" alt=\"\" width=\"300\" height=\"225\" srcset=\"https:\/\/www.frankensicht.de\/wp-content\/uploads\/2012\/12\/1euro-300x225.jpg 300w, https:\/\/www.frankensicht.de\/wp-content\/uploads\/2012\/12\/1euro.jpg 640w\" sizes=\"auto, (max-width: 300px) 100vw, 300px\" \/><\/a><\/p>\n<p>Gemeinsam mit allen Beteiligten konnten wir eine gute L\u00f6sung finden und 84 Arbeitspl\u00e4tze in der Region sichern. Heute ist ein guter Tag f\u00fcr W\u00fcrzburg, die Mitarbeiter und Kunden.\u201c Die aus insolvenz- und arbeitsrechtlichen Gr\u00fcnden erfolgten K\u00fcndigungen werden nun wieder zur\u00fcckgenommen. Zeitgleich mit der positiven Entscheidung f\u00fcr W\u00fcrzburg wurde jedoch die Schlie\u00dfung f\u00fcr Augsburg best\u00e4tigt. Aiwanger bedauert, dass es weder f\u00fcr Augsburg, wo bis zu letzt hart gerungen wurde, noch f\u00fcr Regensburg (Filiale Neupfarrplatz) eine Chance auf einen Weiterbetrieb gibt. Aufgrund des auch im Einzelhandel und verwandten Branchen herrschenden Fachkr\u00e4ftemangels bestehen f\u00fcr die Arbeitnehmerinnen und Arbeitnehmer der beiden Filialen immerhin gute Aussichten auf dem Arbeitsmarkt. Dies gilt gerade in den St\u00e4dten wie Augsburg und Regensburg.<\/p>\n<p>Quelle:stmwi.bayern.de<\/p>\n<p>&nbsp;<\/p>\n","protected":false},"excerpt":{"rendered":"<p>W\u00fcrzburg: Galeria-Filiale in W\u00fcrzburg bleibt erhalten Aiwanger: &#8222;Die Galeria-Filiale in W\u00fcrzburg ist gerettet &#8211; ein guter Tag f\u00fcr W\u00fcrzburg, die Mitarbeiter und Kunden&#8220; Bayerns Wirtschaftsminister Hubert Aiwanger hat sich intensiv f\u00fcr die Zukunft von Galeria in W\u00fcrzburg und anderen bayerischen Galeria-Filialen eingesetzt. Jetzt ist best\u00e4tigt: Die Filiale in W\u00fcrzburg wird erhalten und nicht geschlossen. Der [&hellip;]<\/p>\n","protected":false},"author":7,"featured_media":4845,"comment_status":"closed","ping_status":"open","sticky":false,"template":"","format":"standard","meta":{"footnotes":""},"categories":[78,71,84,87],"tags":[4316],"class_list":["post-16773","post","type-post","status-publish","format-standard","has-post-thumbnail","hentry","category-bayern","category-menue","category-unterfranken","category-wurzburg-unterfranken","tag-galeria"],"_links":{"self":[{"href":"https:\/\/www.frankensicht.de\/index.php?rest_route=\/wp\/v2\/posts\/16773","targetHints":{"allow":["GET"]}}],"collection":[{"href":"https:\/\/www.frankensicht.de\/index.php?rest_route=\/wp\/v2\/posts"}],"about":[{"href":"https:\/\/www.frankensicht.de\/index.php?rest_route=\/wp\/v2\/types\/post"}],"author":[{"embeddable":true,"href":"https:\/\/www.frankensicht.de\/index.php?rest_route=\/wp\/v2\/users\/7"}],"replies":[{"embeddable":true,"href":"https:\/\/www.frankensicht.de\/index.php?rest_route=%2Fwp%2Fv2%2Fcomments&post=16773"}],"version-history":[{"count":1,"href":"https:\/\/www.frankensicht.de\/index.php?rest_route=\/wp\/v2\/posts\/16773\/revisions"}],"predecessor-version":[{"id":16774,"href":"https:\/\/www.frankensicht.de\/index.php?rest_route=\/wp\/v2\/posts\/16773\/revisions\/16774"}],"wp:featuredmedia":[{"embeddable":true,"href":"https:\/\/www.frankensicht.de\/index.php?rest_route=\/wp\/v2\/media\/4845"}],"wp:attachment":[{"href":"https:\/\/www.frankensicht.de\/index.php?rest_route=%2Fwp%2Fv2%2Fmedia&parent=16773"}],"wp:term":[{"taxonomy":"category","embeddable":true,"href":"https:\/\/www.frankensicht.de\/index.php?rest_route=%2Fwp%2Fv2%2Fcategories&post=16773"},{"taxonomy":"post_tag","embeddable":true,"href":"https:\/\/www.frankensicht.de\/index.php?rest_route=%2Fwp%2Fv2%2Ftags&post=16773"}],"curies":[{"name":"wp","href":"https:\/\/api.w.org\/{rel}","templated":true}]}}