{"id":16660,"date":"2024-04-26T08:56:39","date_gmt":"2024-04-26T06:56:39","guid":{"rendered":"https:\/\/www.frankensicht.de\/?p=16660"},"modified":"2024-04-26T08:56:39","modified_gmt":"2024-04-26T06:56:39","slug":"amtswechselfeier-beim-landgericht-nuernberg-fuerth","status":"publish","type":"post","link":"https:\/\/www.frankensicht.de\/?p=16660","title":{"rendered":"Amtswechselfeier beim Landgericht N\u00fcrnberg-F\u00fcrth"},"content":{"rendered":"<p><span style=\"color: #ff0000;\">F\u00fcrth:<\/span><\/p>\n<p>Amtswechselfeier beim Landgericht N\u00fcrnberg-F\u00fcrth<\/p>\n<p><a href=\"https:\/\/www.frankensicht.de\/?attachment_id=16661\" rel=\"attachment wp-att-16661\"><img loading=\"lazy\" decoding=\"async\" class=\"alignnone size-medium wp-image-16661\" src=\"https:\/\/www.frankensicht.de\/wp-content\/uploads\/2024\/04\/039_Foto_Staatsminister_Georg_Eisenreich_PraesLG_a.D._Roland_Glass_PraesLG_Andreas_Zwerger_PraesOLG_Dr._Thomas_Dickert_v.l.n.r-300x200.jpg\" alt=\"\" width=\"300\" height=\"200\" srcset=\"https:\/\/www.frankensicht.de\/wp-content\/uploads\/2024\/04\/039_Foto_Staatsminister_Georg_Eisenreich_PraesLG_a.D._Roland_Glass_PraesLG_Andreas_Zwerger_PraesOLG_Dr._Thomas_Dickert_v.l.n.r-300x200.jpg 300w, https:\/\/www.frankensicht.de\/wp-content\/uploads\/2024\/04\/039_Foto_Staatsminister_Georg_Eisenreich_PraesLG_a.D._Roland_Glass_PraesLG_Andreas_Zwerger_PraesOLG_Dr._Thomas_Dickert_v.l.n.r-1024x683.jpg 1024w, https:\/\/www.frankensicht.de\/wp-content\/uploads\/2024\/04\/039_Foto_Staatsminister_Georg_Eisenreich_PraesLG_a.D._Roland_Glass_PraesLG_Andreas_Zwerger_PraesOLG_Dr._Thomas_Dickert_v.l.n.r-768x512.jpg 768w, https:\/\/www.frankensicht.de\/wp-content\/uploads\/2024\/04\/039_Foto_Staatsminister_Georg_Eisenreich_PraesLG_a.D._Roland_Glass_PraesLG_Andreas_Zwerger_PraesOLG_Dr._Thomas_Dickert_v.l.n.r-1536x1024.jpg 1536w\" sizes=\"auto, (max-width: 300px) 100vw, 300px\" \/><\/a>@stmj.bayern.de<\/p>\n<p>Justizminister Georg Eisenreich verabschiedet Roland Glass und f\u00fchrt<br \/>\nAndreas Zwerger in sein neues Amt ein Bayerns<br \/>\nJustizminister Georg Eisenreich vollzog heute (24. April) feierlich<br \/>\nden Amtswechsel an der Spitze des Landgerichts N\u00fcrnberg-F\u00fcrth.<br \/>\nEr verabschiedete Roland Glass. Gleichzeitig f\u00fchrte er Andreas Zwerger<br \/>\nin das Amt des Landgerichtspr\u00e4sidenten ein. Eisenreich<br \/>\nzum bisherigen Pr\u00e4sidenten des Landgerichts N\u00fcrnberg-F\u00fcrth,<br \/>\nRoland Glass: &#8222;Mit Ihrer F\u00fchrungsst\u00e4rke, Ihrer<br \/>\nEntschlusskraft und Ihrer Fachkompetenz haben Sie das Landgericht N\u00fcrnberg-F\u00fcrth<br \/>\nma\u00dfgeblich gepr\u00e4gt. Sie waren ein hochengagierter Beh\u00f6rdenleiter<br \/>\nund stets ein Vorbild f\u00fcr andere. Herzlichen Dank f\u00fcr all das,<br \/>\nwas Sie in den vergangenen Jahren geleistet haben. F\u00fcr den verdienten<br \/>\nRuhestand w\u00fcnsche ich Ihnen Gesundheit und alles Gute.&#8220;<br \/>\nDer Justizminister an den neuen Pr\u00e4sidenten<br \/>\ndes Landgerichts N\u00fcrnberg-F\u00fcrth, Andreas Zwerger: &#8222;Ihren<br \/>\nbisherigen Aufgaben in der bayerischen Justiz haben Sie sich immer mit<br \/>\ngro\u00dfer Tatkraft, Entscheidungsst\u00e4rke und fachlicher Expertise<br \/>\ngewidmet. Ich bin mir sicher, bei Ihnen ist das Landgericht N\u00fcrnberg-F\u00fcrth<br \/>\nin den besten H\u00e4nden. F\u00fcr Ihre neuen Aufgaben w\u00fcnsche ich<br \/>\nIhnen viel Erfolg und alles Gute.&#8220; \u00a0 Hintergrund:<br \/>\nRoland Glass (66 Jahre) trat 1989 seinen Dienst bei<br \/>\nder Staatsanwaltschaft N\u00fcrnberg-F\u00fcrth an. Anschlie\u00dfend<br \/>\nwechselte er 1993 als Richter an das Landgericht N\u00fcrnberg-F\u00fcrth.<br \/>\nAb 1994 war er an das S\u00e4chsische Staatsministerium der Justiz in Dresden<br \/>\nabgeordnet. 1996 kehrte er an das Landgericht N\u00fcrnberg-F\u00fcrth<br \/>\nzur\u00fcck, wo er 2001 zum Vorsitzenden Richter ernannt wurde. Ab\u00a02003<br \/>\nwar Roland Glass zun\u00e4chst als Richter am Oberlandesgericht N\u00fcrnberg<br \/>\nund ab 2010 als Vorsitzender Richter am Oberlandesgericht N\u00fcrnberg<br \/>\nt\u00e4tig. Seit Juli 2014 war er Pr\u00e4sident des Landgerichts N\u00fcrnberg-F\u00fcrth.<br \/>\nMit Ablauf des 31. Oktober 2023 ist Roland Glass in den Ruhestand getreten.<br \/>\nAndreas Zwerger (57 Jahre) begann seine Justizlaufbahn<br \/>\n1995 im Bayerischen Staatsministerium der Justiz in M\u00fcnchen. Ab 1998<br \/>\nwar er bei der Staatsanwaltschaft M\u00fcnchen I t\u00e4tig. Von 1999 bis<br \/>\n2001 war Andreas Zwerger an das Bayerische Staatsministerium f\u00fcr Bundes-<br \/>\nund Europaangelegenheiten &amp;ndash; Vertretung des Freistaates Bayern beim<br \/>\nBund &amp;ndash; Dienststelle Berlin abgeordnet. 2002 wechselte er als Richter<br \/>\nan das Amtsgericht Ebersberg, bevor er 2003 an das Justizministerium zur\u00fcckkehrte.<br \/>\nAb 2011 war er als Richter am Oberlandesgericht M\u00fcnchen t\u00e4tig.<br \/>\n2012 kehrte er erneut an das Justizministerium zur\u00fcck. 2017 wurde<br \/>\ner zum Vizepr\u00e4sidenten des Oberlandesgerichts Bamberg ernannt. Seit<br \/>\n1. November 2023 ist Andreas Zwerger neuer Pr\u00e4sident des Landgerichts<br \/>\nN\u00fcrnberg-F\u00fcrth.<\/p>\n<p>Quelle:stmj.bayern.de<\/p>\n","protected":false},"excerpt":{"rendered":"<p>F\u00fcrth: Amtswechselfeier beim Landgericht N\u00fcrnberg-F\u00fcrth @stmj.bayern.de Justizminister Georg Eisenreich verabschiedet Roland Glass und f\u00fchrt Andreas Zwerger in sein neues Amt ein Bayerns Justizminister Georg Eisenreich vollzog heute (24. April) feierlich den Amtswechsel an der Spitze des Landgerichts N\u00fcrnberg-F\u00fcrth. Er verabschiedete Roland Glass. Gleichzeitig f\u00fchrte er Andreas Zwerger in das Amt des Landgerichtspr\u00e4sidenten ein. Eisenreich zum [&hellip;]<\/p>\n","protected":false},"author":7,"featured_media":16661,"comment_status":"closed","ping_status":"open","sticky":false,"template":"","format":"standard","meta":{"footnotes":""},"categories":[78,110,71,85],"tags":[4279],"class_list":["post-16660","post","type-post","status-publish","format-standard","has-post-thumbnail","hentry","category-bayern","category-furth-mittelfranken","category-menue","category-mittelfranken","tag-nuernberg-fuerth"],"_links":{"self":[{"href":"https:\/\/www.frankensicht.de\/index.php?rest_route=\/wp\/v2\/posts\/16660","targetHints":{"allow":["GET"]}}],"collection":[{"href":"https:\/\/www.frankensicht.de\/index.php?rest_route=\/wp\/v2\/posts"}],"about":[{"href":"https:\/\/www.frankensicht.de\/index.php?rest_route=\/wp\/v2\/types\/post"}],"author":[{"embeddable":true,"href":"https:\/\/www.frankensicht.de\/index.php?rest_route=\/wp\/v2\/users\/7"}],"replies":[{"embeddable":true,"href":"https:\/\/www.frankensicht.de\/index.php?rest_route=%2Fwp%2Fv2%2Fcomments&post=16660"}],"version-history":[{"count":2,"href":"https:\/\/www.frankensicht.de\/index.php?rest_route=\/wp\/v2\/posts\/16660\/revisions"}],"predecessor-version":[{"id":16665,"href":"https:\/\/www.frankensicht.de\/index.php?rest_route=\/wp\/v2\/posts\/16660\/revisions\/16665"}],"wp:featuredmedia":[{"embeddable":true,"href":"https:\/\/www.frankensicht.de\/index.php?rest_route=\/wp\/v2\/media\/16661"}],"wp:attachment":[{"href":"https:\/\/www.frankensicht.de\/index.php?rest_route=%2Fwp%2Fv2%2Fmedia&parent=16660"}],"wp:term":[{"taxonomy":"category","embeddable":true,"href":"https:\/\/www.frankensicht.de\/index.php?rest_route=%2Fwp%2Fv2%2Fcategories&post=16660"},{"taxonomy":"post_tag","embeddable":true,"href":"https:\/\/www.frankensicht.de\/index.php?rest_route=%2Fwp%2Fv2%2Ftags&post=16660"}],"curies":[{"name":"wp","href":"https:\/\/api.w.org\/{rel}","templated":true}]}}