{"id":16637,"date":"2024-04-15T08:45:52","date_gmt":"2024-04-15T06:45:52","guid":{"rendered":"https:\/\/www.frankensicht.de\/?p=16637"},"modified":"2024-04-15T08:48:02","modified_gmt":"2024-04-15T06:48:02","slug":"16637","status":"publish","type":"post","link":"https:\/\/www.frankensicht.de\/?p=16637","title":{"rendered":"Amtswechselfeier bei der Staatsanwaltschaft Augsburg"},"content":{"rendered":"<p><span style=\"color: #ff0000;\">M\u00fcnchen &#8211; Augsburg:<\/span><\/p>\n<p>Amtswechselfeier bei der Staatsanwaltschaft<br \/>\nAugsburg<\/p>\n<p>Ministerialdirektor Prof. Dr. Frank Arloth verabschiedet Rolf<br \/>\nWerlitz und f\u00fchrt Thomas Weith in sein neues Amt ein Der<br \/>\nAmtschef des Bayerischen Staatsministeriums der Justiz Ministerialdirektor<br \/>\nProf. Dr. Frank Arloth vollzog heute (12. April 2024) feierlich<br \/>\nden Amtswechsel an der Spitze der Staatsanwaltschaft Augsburg. Er verabschiedete<br \/>\nRolf Werlitz. Gleichzeitig f\u00fchrte er Thomas Weith in sein neues Amt<br \/>\nals Leitender Oberstaatsanwalt ein. Ministerialdirektor<br \/>\nProf. Dr. Frank Arloth in seiner Laudatio f\u00fcr den bisherigen<br \/>\nAmtsinhaber Rolf Werlitz: &#8222;Mit Ihrem gro\u00dfem<br \/>\nEngagement, Ihrer Fachkompetenz und Ihrer Entschlusskraft haben Sie die<br \/>\nStaatsanwaltschaft Augsburg entscheidend gepr\u00e4gt. Sie waren ein hochengagierter<br \/>\nBeh\u00f6rdenleiter und stets ein Vorbild f\u00fcr andere. Vielen Dank<br \/>\nf\u00fcr alles, was Sie in den vergangenen Jahren geleistet haben. F\u00fcr<br \/>\nIhren Ruhestand w\u00fcnsche ich Ihnen Gesundheit und alles Gute.&#8220;<br \/>\nProf. Dr. Frank Arloth an den neuen Leitenden Oberstaatsanwalt,<br \/>\nThomas Weith: &#8222;Sie haben bei allen Ihren bisherigen<br \/>\nAufgaben in der bayerischen Justiz stets mit gro\u00dfer Tatkraft, fachlicher<br \/>\nExpertise und F\u00fchrungsst\u00e4rke \u00fcberzeugen k\u00f6nnen. Sie<br \/>\nsind ein vorbildlicher Repr\u00e4sentant unserer modernen Justiz. Ich bin<br \/>\nmir sicher, bei Ihnen ist die Staatsanwaltschaft Augsburg in den richtigen<br \/>\nH\u00e4nden. F\u00fcr Ihre neuen Aufgaben w\u00fcnsche ich Ihnen viel Erfolg<br \/>\nund alles Gute.&#8220;<\/p>\n<p><a href=\"https:\/\/www.frankensicht.de\/?attachment_id=16638\" rel=\"attachment wp-att-16638\"><img loading=\"lazy\" decoding=\"async\" class=\"alignnone size-medium wp-image-16638\" src=\"https:\/\/www.frankensicht.de\/wp-content\/uploads\/2024\/04\/036_Foto_Ministerialdirektor_Prof._Dr._Frank_Arloth_LOStA_a.D._Rolf_Werlitz_LOStA_Thomas_Weith_Oberbuergermeisterin_Eva_Weber_v.l.n.r-300x268.jpg\" alt=\"\" width=\"300\" height=\"268\" srcset=\"https:\/\/www.frankensicht.de\/wp-content\/uploads\/2024\/04\/036_Foto_Ministerialdirektor_Prof._Dr._Frank_Arloth_LOStA_a.D._Rolf_Werlitz_LOStA_Thomas_Weith_Oberbuergermeisterin_Eva_Weber_v.l.n.r-300x268.jpg 300w, https:\/\/www.frankensicht.de\/wp-content\/uploads\/2024\/04\/036_Foto_Ministerialdirektor_Prof._Dr._Frank_Arloth_LOStA_a.D._Rolf_Werlitz_LOStA_Thomas_Weith_Oberbuergermeisterin_Eva_Weber_v.l.n.r-1024x915.jpg 1024w, https:\/\/www.frankensicht.de\/wp-content\/uploads\/2024\/04\/036_Foto_Ministerialdirektor_Prof._Dr._Frank_Arloth_LOStA_a.D._Rolf_Werlitz_LOStA_Thomas_Weith_Oberbuergermeisterin_Eva_Weber_v.l.n.r-768x686.jpg 768w, https:\/\/www.frankensicht.de\/wp-content\/uploads\/2024\/04\/036_Foto_Ministerialdirektor_Prof._Dr._Frank_Arloth_LOStA_a.D._Rolf_Werlitz_LOStA_Thomas_Weith_Oberbuergermeisterin_Eva_Weber_v.l.n.r-1536x1372.jpg 1536w, https:\/\/www.frankensicht.de\/wp-content\/uploads\/2024\/04\/036_Foto_Ministerialdirektor_Prof._Dr._Frank_Arloth_LOStA_a.D._Rolf_Werlitz_LOStA_Thomas_Weith_Oberbuergermeisterin_Eva_Weber_v.l.n.r-2048x1830.jpg 2048w\" sizes=\"auto, (max-width: 300px) 100vw, 300px\" \/><\/a> @stmj.bayern.de<\/p>\n<p>Hintergrund: Rolf Werlitz (66 Jahre) begann seine Justizkarriere<br \/>\nim Jahr 1987 als Staatsanwalt bei der Staatsanwaltschaft M\u00fcnchen II.<br \/>\nAb 1991 war er als Richter am Landgericht M\u00fcnchen II t\u00e4tig. 1994<br \/>\nwechselte Rolf Werlitz als Staatsanwalt als Gruppenleiter zur Staatsanwaltschaft<br \/>\nM\u00fcnchen I, wo er 1999 zum Oberstaatsanwalt ernannt wurde. 2005 wurde<br \/>\ner schlie\u00dflich zum Direktor des Amtsgerichts Starnberg und 2009 zum<br \/>\nVizepr\u00e4sidenten des Amtsgerichts M\u00fcnchen bef\u00f6rdert. Seit<br \/>\n16. Oktober 2014 war er Leitender Oberstaatsanwalt in Augsburg. Ende Dezember<br \/>\n2023 ist Rolf Werlitz in den Ruhestand getreten. Thomas<br \/>\nWeith (63 Jahre) begann 1988 seine Justizlaufbahn bei der Staatsanwaltschaft<br \/>\nAugsburg. Ab 1991 war er zur Staatsanwaltschaft Chemnitz abgeordnet. Von<br \/>\n1993 an war er als Richter am Landgericht Augsburg und am Amtsgericht N\u00f6rdlingen<br \/>\nt\u00e4tig. 1995 wechselte er als Staatsanwalt als Gruppenleiter zur\u00fcck<br \/>\nzur Staatsanwaltschaft Augsburg, wo er 2000 zum Oberstaatsanwalt ernannt<br \/>\nwurde. 2012 wechselte er zur Staatsanwaltschaft M\u00fcnchen I als Hauptabteilungsleiter.<br \/>\n2016 wurde Thomas Weith dort zum Oberstaatsanwalt als st\u00e4ndiger Vertreter<br \/>\ndes Leitenden Oberstaatsanwalts bef\u00f6rdert. Ab 2018 war er Leitender<br \/>\nOberstaatsanwalt als st\u00e4ndiger Vertreter des Generalstaatsanwalts<br \/>\nin M\u00fcnchen. Seit 1. Februar 2024 ist Thomas Weith neuer Leitender<br \/>\nOberstaatsanwalt in Augsburg.<\/p>\n<p>Quelle:stmj.bayern.de<\/p>\n","protected":false},"excerpt":{"rendered":"<p>M\u00fcnchen &#8211; Augsburg: Amtswechselfeier bei der Staatsanwaltschaft Augsburg Ministerialdirektor Prof. Dr. Frank Arloth verabschiedet Rolf Werlitz und f\u00fchrt Thomas Weith in sein neues Amt ein Der Amtschef des Bayerischen Staatsministeriums der Justiz Ministerialdirektor Prof. Dr. Frank Arloth vollzog heute (12. April 2024) feierlich den Amtswechsel an der Spitze der Staatsanwaltschaft Augsburg. Er verabschiedete Rolf Werlitz. [&hellip;]<\/p>\n","protected":false},"author":7,"featured_media":16638,"comment_status":"closed","ping_status":"open","sticky":false,"template":"","format":"standard","meta":{"footnotes":""},"categories":[78,71],"tags":[4269],"class_list":["post-16637","post","type-post","status-publish","format-standard","has-post-thumbnail","hentry","category-bayern","category-menue","tag-rolf-werlitz"],"_links":{"self":[{"href":"https:\/\/www.frankensicht.de\/index.php?rest_route=\/wp\/v2\/posts\/16637","targetHints":{"allow":["GET"]}}],"collection":[{"href":"https:\/\/www.frankensicht.de\/index.php?rest_route=\/wp\/v2\/posts"}],"about":[{"href":"https:\/\/www.frankensicht.de\/index.php?rest_route=\/wp\/v2\/types\/post"}],"author":[{"embeddable":true,"href":"https:\/\/www.frankensicht.de\/index.php?rest_route=\/wp\/v2\/users\/7"}],"replies":[{"embeddable":true,"href":"https:\/\/www.frankensicht.de\/index.php?rest_route=%2Fwp%2Fv2%2Fcomments&post=16637"}],"version-history":[{"count":2,"href":"https:\/\/www.frankensicht.de\/index.php?rest_route=\/wp\/v2\/posts\/16637\/revisions"}],"predecessor-version":[{"id":16640,"href":"https:\/\/www.frankensicht.de\/index.php?rest_route=\/wp\/v2\/posts\/16637\/revisions\/16640"}],"wp:featuredmedia":[{"embeddable":true,"href":"https:\/\/www.frankensicht.de\/index.php?rest_route=\/wp\/v2\/media\/16638"}],"wp:attachment":[{"href":"https:\/\/www.frankensicht.de\/index.php?rest_route=%2Fwp%2Fv2%2Fmedia&parent=16637"}],"wp:term":[{"taxonomy":"category","embeddable":true,"href":"https:\/\/www.frankensicht.de\/index.php?rest_route=%2Fwp%2Fv2%2Fcategories&post=16637"},{"taxonomy":"post_tag","embeddable":true,"href":"https:\/\/www.frankensicht.de\/index.php?rest_route=%2Fwp%2Fv2%2Ftags&post=16637"}],"curies":[{"name":"wp","href":"https:\/\/api.w.org\/{rel}","templated":true}]}}