{"id":16555,"date":"2024-03-10T09:10:59","date_gmt":"2024-03-10T08:10:59","guid":{"rendered":"https:\/\/www.frankensicht.de\/?p=16555"},"modified":"2024-03-10T09:10:59","modified_gmt":"2024-03-10T08:10:59","slug":"amtswechselfeier-bei-den-justizbehoerden-in-ansbach","status":"publish","type":"post","link":"https:\/\/www.frankensicht.de\/?p=16555","title":{"rendered":"Amtswechselfeier bei den Justizbeh\u00f6rden in Ansbach\u00a0"},"content":{"rendered":"<p><span style=\"color: #ff0000;\">Ansbach:<\/span><\/p>\n<p>Amtswechselfeier bei den Justizbeh\u00f6rden in Ansbach<\/p>\n<p>Justizminister Georg Eisenreich w\u00fcrdigt verstorbenen Landgerichtspr\u00e4sidenten<br \/>\nDr. Gerhard Karl \/ Zugleich werden die bisherige Leitende Oberstaatsanw\u00e4ltin<br \/>\nGabriele Hofmeier als neue Landgerichtspr\u00e4sidentin und Friedrich Weitner<br \/>\nals neuer Leitender Oberstaatsanwalt in ihre \u00c4mter eingef\u00fchrt Bayern Justizminister Georg Eisenreich vollzog<br \/>\nheute (6. M\u00e4rz) den Amtswechsel an der Spitze des Landgerichts Ansbach<br \/>\nund der Staatsanwaltschaft Ansbach. Er w\u00fcrdigte die Leistungen des<br \/>\nam 29. Juli 2023 verstorbenen Ansbacher Landgerichtspr\u00e4sidenten Dr.<br \/>\nGerhard Karl. Zugleich f\u00fchrte er dessen Amtsnachfolgerin und fr\u00fchere<br \/>\nLeitende Oberstaatsanw\u00e4ltin Gabriele Hofmeier in ihr neues Amt als<br \/>\nLandgerichtspr\u00e4sidentin ein. Anschlie\u00dfend stellte Eisenreich<br \/>\nFriedrich Weitner als neuen Leitenden Oberstaatsanwalt in Ansbach vor.<\/p>\n<p><a href=\"https:\/\/www.frankensicht.de\/?attachment_id=16556\" rel=\"attachment wp-att-16556\"><img loading=\"lazy\" decoding=\"async\" class=\"alignnone size-medium wp-image-16556\" src=\"https:\/\/www.frankensicht.de\/wp-content\/uploads\/2024\/03\/021_Foto_LOStA_Friedrich_Weitner_PraesLG_Gabriele_Hofmeier_Staatsminister_Georg_Eisenreich_v.l.n.r-300x278.jpg\" alt=\"\" width=\"300\" height=\"278\" srcset=\"https:\/\/www.frankensicht.de\/wp-content\/uploads\/2024\/03\/021_Foto_LOStA_Friedrich_Weitner_PraesLG_Gabriele_Hofmeier_Staatsminister_Georg_Eisenreich_v.l.n.r-300x278.jpg 300w, https:\/\/www.frankensicht.de\/wp-content\/uploads\/2024\/03\/021_Foto_LOStA_Friedrich_Weitner_PraesLG_Gabriele_Hofmeier_Staatsminister_Georg_Eisenreich_v.l.n.r-1024x948.jpg 1024w, https:\/\/www.frankensicht.de\/wp-content\/uploads\/2024\/03\/021_Foto_LOStA_Friedrich_Weitner_PraesLG_Gabriele_Hofmeier_Staatsminister_Georg_Eisenreich_v.l.n.r-768x711.jpg 768w, https:\/\/www.frankensicht.de\/wp-content\/uploads\/2024\/03\/021_Foto_LOStA_Friedrich_Weitner_PraesLG_Gabriele_Hofmeier_Staatsminister_Georg_Eisenreich_v.l.n.r-1536x1422.jpg 1536w, https:\/\/www.frankensicht.de\/wp-content\/uploads\/2024\/03\/021_Foto_LOStA_Friedrich_Weitner_PraesLG_Gabriele_Hofmeier_Staatsminister_Georg_Eisenreich_v.l.n.r-2048x1896.jpg 2048w\" sizes=\"auto, (max-width: 300px) 100vw, 300px\" \/><\/a>@stmj.bayern.de<br \/>\nGeorg Eisenreich w\u00fcrdigte in seiner Laudatio<br \/>\nden verstorbenen Ansbacher Landgerichtspr\u00e4sidenten<br \/>\nDr. Gerhard Karl: &#8222;Dr. Gerhard Karl war seinen Mitarbeitern<br \/>\nimmer ein Vorbild. Er war ein hochengagierter Beh\u00f6rdenleiter. Mit<br \/>\nseinem gro\u00dfen pers\u00f6nlichen Einsatz, seiner Fachkompetenz und<br \/>\nseiner Entschlusskraft hat er das Landgericht Ansbach ma\u00dfgeblich<br \/>\ngepr\u00e4gt. Ich danke ihm herzlich f\u00fcr all das, was er f\u00fcr<br \/>\ndie bayerische Justiz geleistet hat.&#8220; Anschlie\u00dfend f\u00fchrte<br \/>\nJustizminister Eisenreich die bisherige Leitende Oberstaatsanw\u00e4ltin<br \/>\nGabriele Hofmeier als neue Landgerichtspr\u00e4sidentin<br \/>\nin ihr Amt ein: &#8222;Bei allen Ihren Aufgaben in der bayerischen Justiz<br \/>\nhaben Sie immer mit gro\u00dfer fachlicher Expertise, Eigeninitiative<br \/>\nund F\u00fchrungsst\u00e4rke \u00fcberzeugt. Sie haben einen wesentlichen<br \/>\nBeitrag an dem hohen Ansehen, das die Staatsanwaltschaft Ansbach genie\u00dft.<br \/>\nIch bin mir sicher, bei Ihnen ist auch das Landgericht Ansbach in den besten<br \/>\nH\u00e4nden. F\u00fcr Ihre neuen Aufgaben w\u00fcnsche ich Ihnen alles<br \/>\nGute und viel Erfolg.&#8220; Sodann f\u00fchrte Eisenreich<br \/>\nden neuen Leitenden Oberstaatsanwalt<br \/>\nin Ansbach, Friedrich Weitner, in sein Amt ein: &#8222;Sie haben<br \/>\nin Ihrer Justizlaufbahn vielfach unter Beweis gestellt, dass Sie neben<br \/>\nIhrem gro\u00dfen Fachwissen \u00fcber gro\u00dfe Einsatzbereitschaft<br \/>\nund Tatkraft verf\u00fcgen. Ich bin \u00fcberzeugt davon, dass Sie die<br \/>\nStaatsanwaltschaft Ansbach mit gro\u00dfem Erfolg leiten werden. F\u00fcr<br \/>\nIhre neuen Aufgaben als Leitender Oberstaatsanwalt w\u00fcnsche ich Ihnen<br \/>\nviel Erfolg und alles Gute.&#8220; Hintergrund:<br \/>\nDr. Gerhard Karl (&amp;dagger; 66 Jahre) trat 1984 in<br \/>\nden bayerischen Justizdienst als Staatsanwalt bei der Staatsanwaltschaft<br \/>\nM\u00fcnchen II ein. Es folgten Stationen bei der Staatsanwaltschaft Ansbach,<br \/>\ndem Landgericht N\u00fcrnberg-F\u00fcrth und dem Amtsgericht Hersbruck.<br \/>\nVon 1994 bis 2002 war Dr. Karl in verschiedenen Positionen f\u00fcr die<br \/>\nS\u00e4chsische Justiz t\u00e4tig, u. a. als Referatsleiter im S\u00e4chsischen<br \/>\nJustizministerium. Nach seiner R\u00fcckkehr nach Bayern stand er den Amtsgerichten<br \/>\nin Wei\u00dfenburg und Hersbruck vor. 2009 wurde er zum Leitenden Oberstaatsanwalt<br \/>\nin Ansbach ernannt. Seit dem 1. M\u00e4rz 2015 war Dr. Gerhard Karl Pr\u00e4sident<br \/>\ndes Landgerichts Ansbach. Gabriele Hofmeier (59<br \/>\nJahre) begann ihre Justizlaufbahn 1991 am Landgericht N\u00fcrnberg-F\u00fcrth.<br \/>\nAnschlie\u00dfend war sie ab 1993 als Staatsanw\u00e4ltin bei der Staatsanwaltschaft<br \/>\nN\u00fcrnberg-F\u00fcrth t\u00e4tig, bevor sie 1999 zur Staatsanwaltschaft<br \/>\nAnsbach wechselte. Im Jahr 2005 wurde sie zur Richterin am Amtsgericht<br \/>\nAnsbach ernannt. 2009 kehrte Gabriele Hofmeier als Gruppenleiterin zur<br \/>\nStaatsanwaltschaft Ansbach zur\u00fcck. Ab 2012 war sie bei der Generalstaatsanwaltschaft<br \/>\nin N\u00fcrnberg t\u00e4tig und wurde dort im Jahr 2014 zur Oberstaatsanw\u00e4ltin<br \/>\nernannt. Im Jahr 2017 wurde sie zur Richterin am Oberlandesgericht ernannt,<br \/>\n2019 sodann zur st\u00e4ndigen Vertreterin des Leitenden Oberstaatsanwalts<br \/>\nin Ansbach. 2021 wurde sie zur Leitenden Oberstaatsanw\u00e4ltin in Ansbach<br \/>\nbef\u00f6rdert. Seit 15. Dezember 2023 ist Gabriele Hofmeier neue Landgerichtspr\u00e4sidentin<br \/>\nin Ansbach. Friedrich Weitner (54 Jahre) begann<br \/>\nseine Karriere in der bayerischen Justiz im Jahr 2000 als Staatsanwalt<br \/>\nin Hof. 2002 wurde er an die Staatsanwaltschaft N\u00fcrnberg-F\u00fcrth<br \/>\nversetzt. 2005 wechselte er zum Landgericht N\u00fcrnberg-F\u00fcrth. 2008<br \/>\n\u00fcbernahm Friedrich Weitner als hauptamtlicher Arbeitsgemeinschaftsleiter<br \/>\ndie Ausbildung von Rechtsreferendarinnen und Rechtsreferendaren und f\u00fchrte<br \/>\ndie Aufgabe nach seiner Ernennung zum Richter am Oberlandesgericht N\u00fcrnberg<br \/>\nim Jahr 2014 fort. Seit 2016 war er Leiter der Justizpressestelle des Oberlandesgerichts<br \/>\nN\u00fcrnberg, anschlie\u00dfend wurde er 2022 zum Direktor des Amtsgerichts<br \/>\nNeustadt an der Aisch ernannt. Seit 1. Februar 2024 ist Friedrich Weitner<br \/>\nneuer Leitender Oberstaatsanwalt in Ansbach.<\/p>\n<p>Quelle:stmj.bayern.de<\/p>\n","protected":false},"excerpt":{"rendered":"<p>Ansbach: Amtswechselfeier bei den Justizbeh\u00f6rden in Ansbach Justizminister Georg Eisenreich w\u00fcrdigt verstorbenen Landgerichtspr\u00e4sidenten Dr. Gerhard Karl \/ Zugleich werden die bisherige Leitende Oberstaatsanw\u00e4ltin Gabriele Hofmeier als neue Landgerichtspr\u00e4sidentin und Friedrich Weitner als neuer Leitender Oberstaatsanwalt in ihre \u00c4mter eingef\u00fchrt Bayern Justizminister Georg Eisenreich vollzog heute (6. M\u00e4rz) den Amtswechsel an der Spitze des Landgerichts Ansbach [&hellip;]<\/p>\n","protected":false},"author":7,"featured_media":16556,"comment_status":"closed","ping_status":"open","sticky":false,"template":"","format":"standard","meta":{"footnotes":""},"categories":[103,78],"tags":[4238],"class_list":["post-16555","post","type-post","status-publish","format-standard","has-post-thumbnail","hentry","category-ansbach-mittelfranken","category-bayern","tag-ansbach-gericht"],"_links":{"self":[{"href":"https:\/\/www.frankensicht.de\/index.php?rest_route=\/wp\/v2\/posts\/16555","targetHints":{"allow":["GET"]}}],"collection":[{"href":"https:\/\/www.frankensicht.de\/index.php?rest_route=\/wp\/v2\/posts"}],"about":[{"href":"https:\/\/www.frankensicht.de\/index.php?rest_route=\/wp\/v2\/types\/post"}],"author":[{"embeddable":true,"href":"https:\/\/www.frankensicht.de\/index.php?rest_route=\/wp\/v2\/users\/7"}],"replies":[{"embeddable":true,"href":"https:\/\/www.frankensicht.de\/index.php?rest_route=%2Fwp%2Fv2%2Fcomments&post=16555"}],"version-history":[{"count":1,"href":"https:\/\/www.frankensicht.de\/index.php?rest_route=\/wp\/v2\/posts\/16555\/revisions"}],"predecessor-version":[{"id":16557,"href":"https:\/\/www.frankensicht.de\/index.php?rest_route=\/wp\/v2\/posts\/16555\/revisions\/16557"}],"wp:featuredmedia":[{"embeddable":true,"href":"https:\/\/www.frankensicht.de\/index.php?rest_route=\/wp\/v2\/media\/16556"}],"wp:attachment":[{"href":"https:\/\/www.frankensicht.de\/index.php?rest_route=%2Fwp%2Fv2%2Fmedia&parent=16555"}],"wp:term":[{"taxonomy":"category","embeddable":true,"href":"https:\/\/www.frankensicht.de\/index.php?rest_route=%2Fwp%2Fv2%2Fcategories&post=16555"},{"taxonomy":"post_tag","embeddable":true,"href":"https:\/\/www.frankensicht.de\/index.php?rest_route=%2Fwp%2Fv2%2Ftags&post=16555"}],"curies":[{"name":"wp","href":"https:\/\/api.w.org\/{rel}","templated":true}]}}