{"id":16533,"date":"2024-02-29T08:38:45","date_gmt":"2024-02-29T07:38:45","guid":{"rendered":"https:\/\/www.frankensicht.de\/?p=16533"},"modified":"2024-02-29T08:38:45","modified_gmt":"2024-02-29T07:38:45","slug":"bundesminister-oezdemir-zur-eu-abstimmung-wiederherstellung-der-natur","status":"publish","type":"post","link":"https:\/\/www.frankensicht.de\/?p=16533","title":{"rendered":"Bundesminister \u00d6zdemir zur EU-Abstimmung &#8222;Wiederherstellung der Natur&#8220;"},"content":{"rendered":"<p><span style=\"color: #ff0000;\">Berlin:<\/span><\/p>\n<p>Bundesminister \u00d6zdemir zur EU-Abstimmung &#8222;Wiederherstellung der Natur&#8220;<\/p>\n<p>Zur Abstimmung im EU-Parlament zum &#8222;Gesetz zur Wiederherstellung der Natur&#8220; k\u00f6nnen Sie den Bundesminister f\u00fcr Ern\u00e4hrung und Landwirtschaft, Cem \u00d6zdemir, wie folgt zitieren:<\/p>\n<p>&#8222;Die Landwirtschaft h\u00e4ngt wie kein anderer Sektor ab von intakten Ressourcen, von stabilem Klima, gesunden B\u00f6den und reicher Artenvielfalt. Ich freue mich daher, dass das Gesetz zur Wiederherstellung der Natur nun eine Mehrheit gefunden hat. Das Vernunftprinzip von Sch\u00fctzen und Nutzen sichert unsere Ernten in 10, 20 und 50 Jahren und ist im ureigenen Interesse unserer Landwirtinnen und Landwirte.<\/p>\n<p><a href=\"https:\/\/www.frankensicht.de\/?attachment_id=12581\" rel=\"attachment wp-att-12581\"><img loading=\"lazy\" decoding=\"async\" class=\"alignnone size-medium wp-image-12581\" src=\"https:\/\/www.frankensicht.de\/wp-content\/uploads\/2019\/05\/hase-300x225.jpg\" alt=\"\" width=\"300\" height=\"225\" srcset=\"https:\/\/www.frankensicht.de\/wp-content\/uploads\/2019\/05\/hase-300x225.jpg 300w, https:\/\/www.frankensicht.de\/wp-content\/uploads\/2019\/05\/hase.jpg 640w\" sizes=\"auto, (max-width: 300px) 100vw, 300px\" \/><\/a><\/p>\n<p>Wer Ern\u00e4hrungssicherung ernst meint, sch\u00fctzt das, was uns gute Ernten beschert &#8211; n\u00e4mlich unsere nat\u00fcrlichen Grundlagen. Nur so sichern wir die Versorgung auch der nachfolgenden Generationen. F\u00fcr mich ist es v\u00f6llig unverst\u00e4ndlich, dass sich die EVP bis zuletzt dagegengestellt hat und damit gegen die Interessen der Landwirtschaft in der EU.<\/p>\n<p>Jetzt kommt es darauf an, das Sch\u00fctzen und das Nutzen unserer Ressourcen gut zusammenzubringen. Wer ein Freund der Bauern ist, sorgt jetzt daf\u00fcr, dass sich nachhaltiges Wirtschaften lohnt. Daf\u00fcr setze ich mich mit aller Kraft ein in Br\u00fcssel und in Berlin &#8211; sei es bei der Neuausrichtung der EU-Agrarpolitik, in der Tierhaltung oder bei praxistauglicher B\u00fcrokratie.&#8220;<\/p>\n<p>Quelle:bmel.bund.de<\/p>\n","protected":false},"excerpt":{"rendered":"<p>Berlin: Bundesminister \u00d6zdemir zur EU-Abstimmung &#8222;Wiederherstellung der Natur&#8220; Zur Abstimmung im EU-Parlament zum &#8222;Gesetz zur Wiederherstellung der Natur&#8220; k\u00f6nnen Sie den Bundesminister f\u00fcr Ern\u00e4hrung und Landwirtschaft, Cem \u00d6zdemir, wie folgt zitieren: &#8222;Die Landwirtschaft h\u00e4ngt wie kein anderer Sektor ab von intakten Ressourcen, von stabilem Klima, gesunden B\u00f6den und reicher Artenvielfalt. Ich freue mich daher, dass [&hellip;]<\/p>\n","protected":false},"author":7,"featured_media":12581,"comment_status":"closed","ping_status":"open","sticky":false,"template":"","format":"standard","meta":{"footnotes":""},"categories":[1],"tags":[4230],"class_list":["post-16533","post","type-post","status-publish","format-standard","has-post-thumbnail","hentry","category-allgemein","tag-natur-eu"],"_links":{"self":[{"href":"https:\/\/www.frankensicht.de\/index.php?rest_route=\/wp\/v2\/posts\/16533","targetHints":{"allow":["GET"]}}],"collection":[{"href":"https:\/\/www.frankensicht.de\/index.php?rest_route=\/wp\/v2\/posts"}],"about":[{"href":"https:\/\/www.frankensicht.de\/index.php?rest_route=\/wp\/v2\/types\/post"}],"author":[{"embeddable":true,"href":"https:\/\/www.frankensicht.de\/index.php?rest_route=\/wp\/v2\/users\/7"}],"replies":[{"embeddable":true,"href":"https:\/\/www.frankensicht.de\/index.php?rest_route=%2Fwp%2Fv2%2Fcomments&post=16533"}],"version-history":[{"count":1,"href":"https:\/\/www.frankensicht.de\/index.php?rest_route=\/wp\/v2\/posts\/16533\/revisions"}],"predecessor-version":[{"id":16534,"href":"https:\/\/www.frankensicht.de\/index.php?rest_route=\/wp\/v2\/posts\/16533\/revisions\/16534"}],"wp:featuredmedia":[{"embeddable":true,"href":"https:\/\/www.frankensicht.de\/index.php?rest_route=\/wp\/v2\/media\/12581"}],"wp:attachment":[{"href":"https:\/\/www.frankensicht.de\/index.php?rest_route=%2Fwp%2Fv2%2Fmedia&parent=16533"}],"wp:term":[{"taxonomy":"category","embeddable":true,"href":"https:\/\/www.frankensicht.de\/index.php?rest_route=%2Fwp%2Fv2%2Fcategories&post=16533"},{"taxonomy":"post_tag","embeddable":true,"href":"https:\/\/www.frankensicht.de\/index.php?rest_route=%2Fwp%2Fv2%2Ftags&post=16533"}],"curies":[{"name":"wp","href":"https:\/\/api.w.org\/{rel}","templated":true}]}}