{"id":16525,"date":"2024-02-24T08:41:45","date_gmt":"2024-02-24T07:41:45","guid":{"rendered":"https:\/\/www.frankensicht.de\/?p=16525"},"modified":"2024-02-24T08:41:45","modified_gmt":"2024-02-24T07:41:45","slug":"glauber-hier-lebt-der-kooperative-naturschutz-naturpark-nagelfluhkette-um-7-300-hektar-erweitert","status":"publish","type":"post","link":"https:\/\/www.frankensicht.de\/?p=16525","title":{"rendered":"Glauber: Hier lebt der kooperative Naturschutz Naturpark Nagelfluhkette um 7.300 Hektar erweitert"},"content":{"rendered":"<p><span style=\"color: #ff0000;\">M\u00fcnchen:<\/span><\/p>\n<p>Glauber: Hier lebt der kooperative Naturschutz Naturpark Nagelfluhkette um 7.300 Hektar erweitert<\/p>\n<p>&nbsp;<\/p>\n<p>Bayerns l\u00e4nder\u00fcbergreifender Naturpark Nagelfluhkette w\u00e4chst: Um rund 7.300 Hektar Fl\u00e4che wurde der bayerisch-\u00f6sterreichische Naturpark im Freistaat jetzt erweitert. Bayerns Umweltminister Thorsten Glauber hat heute die entsprechende Urkunde an den Tr\u00e4gerverein Naturpark Nagelfluhkette e.V. \u00fcberreicht.<\/p>\n<p><a href=\"https:\/\/www.frankensicht.de\/?attachment_id=6049\" rel=\"attachment wp-att-6049\"><img loading=\"lazy\" decoding=\"async\" class=\"alignnone size-medium wp-image-6049\" src=\"https:\/\/www.frankensicht.de\/wp-content\/uploads\/2013\/08\/blume1-300x200.jpg\" alt=\"\" width=\"300\" height=\"200\" srcset=\"https:\/\/www.frankensicht.de\/wp-content\/uploads\/2013\/08\/blume1-300x200.jpg 300w, https:\/\/www.frankensicht.de\/wp-content\/uploads\/2013\/08\/blume1-220x146.jpg 220w, https:\/\/www.frankensicht.de\/wp-content\/uploads\/2013\/08\/blume1.jpg 600w\" sizes=\"auto, (max-width: 300px) 100vw, 300px\" \/><\/a><\/p>\n<p>Glauber betonte: &#8222;Die bayerischen Naturparke haben die Aufgabe, einzigartige Natur- und Kulturlebensr\u00e4ume zu erhalten. Sie machen die Natur in ihrer gro\u00dfen Vielfalt erlebbar und st\u00e4rken das Bewusstsein f\u00fcr einen sorgsamen Umgang mit der Umwelt. Die Erweiterung des Naturparks Nagelfluhkette zeigt: Hier lebt der kooperative Naturschutz. Der Naturpark Nagelfluhkette ist ein Vorzeige-Naturpark: Er war f\u00fcr die Naturparke bayernweiter Vorreiter beim Einsatz von Rangern in der Schutzgebietsbetreuung und der erste bayerische Naturpark mit einem eigenen Naturparkzentrum. Die Erweiterung ist der n\u00e4chste Meilenstein.&#8220; Mit Unterst\u00fctzung des Naturparks Nagelfluhkette e.V. wurde auf Initiative der Gemeinden Burgberg und Rettenberg das Gebiet in Richtung Osten, \u00fcber das Illertal hinweg zum Gebirgsstock des Gr\u00fcnten und des Rottachbergs, erweitert. Einbezogen wurden zudem Teile der Gemeinden Fischen, Blaichach und Ofterschwang sowie der Stadt Immenstadt. \u00a0 F\u00fcr den bayerischen Teil weist der Naturpark nach der Erweiterung insgesamt eine Gr\u00f6\u00dfe von \u00fcber 32.000 Hektar auf, verteilt \u00fcber 10 Gemeinden sowie der Stadt Immenstadt im Landkreis Oberallg\u00e4u. Etwa zwei Drittel des Naturparks Nagelfluhkette liegen im bayerischen Allg\u00e4u und ein Drittel im \u00f6sterreichischen Bregenzerwald. Gegr\u00fcndet wurde der Naturpark im Jahre 2008. \u00a0 In Bayern gibt es 19 Naturparke. Naturparke sind gro\u00dffl\u00e4chige Gebiete von mindestens 20.000 Hektar, die in weiten Teilen bereits als Landschafts- oder Naturschutzgebiet ausgewiesen sind. Sie dienen der naturvertr\u00e4glichen Erholung, der nachhaltigen Regionalentwicklung und einer dauerhaft natur- und umweltvertr\u00e4glichen Landnutzung und k\u00f6nnen auch einen wichtigen Beitrag zum Klimaschutz leisten. \u00a0 Das Umweltministerium setzt sich im Rahmen der &#8222;Naturoffensive Bayern&#8220; f\u00fcr eine umfangreiche St\u00e4rkung der Naturparke ein. Dazu geh\u00f6rt die F\u00f6rderung von bis zu 60 Rangerstellen in den bayerischen Naturparken. Zus\u00e4tzlich werden F\u00f6rdermittel f\u00fcr Naturschutzprojekte, f\u00fcr Ma\u00dfnahmen des Besuchermanagements und naturvertr\u00e4gliche Erholung \u00fcber die Landschaftspflege- und Naturparkrichtlinien bereitgestellt.<\/p>\n<p>Weitere Informationen unter https:\/\/www.stmuv.bayern.de\/themen\/naturschutz\/schutzgebiete\/index.htm<\/p>\n<p>Quelle: stmuv.bayern.de<\/p>\n","protected":false},"excerpt":{"rendered":"<p>M\u00fcnchen: Glauber: Hier lebt der kooperative Naturschutz Naturpark Nagelfluhkette um 7.300 Hektar erweitert &nbsp; Bayerns l\u00e4nder\u00fcbergreifender Naturpark Nagelfluhkette w\u00e4chst: Um rund 7.300 Hektar Fl\u00e4che wurde der bayerisch-\u00f6sterreichische Naturpark im Freistaat jetzt erweitert. Bayerns Umweltminister Thorsten Glauber hat heute die entsprechende Urkunde an den Tr\u00e4gerverein Naturpark Nagelfluhkette e.V. \u00fcberreicht. Glauber betonte: &#8222;Die bayerischen Naturparke haben die [&hellip;]<\/p>\n","protected":false},"author":7,"featured_media":6049,"comment_status":"closed","ping_status":"open","sticky":false,"template":"","format":"standard","meta":{"footnotes":""},"categories":[78,71],"tags":[4227],"class_list":["post-16525","post","type-post","status-publish","format-standard","has-post-thumbnail","hentry","category-bayern","category-menue","tag-nagelfluhkette"],"_links":{"self":[{"href":"https:\/\/www.frankensicht.de\/index.php?rest_route=\/wp\/v2\/posts\/16525","targetHints":{"allow":["GET"]}}],"collection":[{"href":"https:\/\/www.frankensicht.de\/index.php?rest_route=\/wp\/v2\/posts"}],"about":[{"href":"https:\/\/www.frankensicht.de\/index.php?rest_route=\/wp\/v2\/types\/post"}],"author":[{"embeddable":true,"href":"https:\/\/www.frankensicht.de\/index.php?rest_route=\/wp\/v2\/users\/7"}],"replies":[{"embeddable":true,"href":"https:\/\/www.frankensicht.de\/index.php?rest_route=%2Fwp%2Fv2%2Fcomments&post=16525"}],"version-history":[{"count":2,"href":"https:\/\/www.frankensicht.de\/index.php?rest_route=\/wp\/v2\/posts\/16525\/revisions"}],"predecessor-version":[{"id":16527,"href":"https:\/\/www.frankensicht.de\/index.php?rest_route=\/wp\/v2\/posts\/16525\/revisions\/16527"}],"wp:featuredmedia":[{"embeddable":true,"href":"https:\/\/www.frankensicht.de\/index.php?rest_route=\/wp\/v2\/media\/6049"}],"wp:attachment":[{"href":"https:\/\/www.frankensicht.de\/index.php?rest_route=%2Fwp%2Fv2%2Fmedia&parent=16525"}],"wp:term":[{"taxonomy":"category","embeddable":true,"href":"https:\/\/www.frankensicht.de\/index.php?rest_route=%2Fwp%2Fv2%2Fcategories&post=16525"},{"taxonomy":"post_tag","embeddable":true,"href":"https:\/\/www.frankensicht.de\/index.php?rest_route=%2Fwp%2Fv2%2Ftags&post=16525"}],"curies":[{"name":"wp","href":"https:\/\/api.w.org\/{rel}","templated":true}]}}