{"id":16523,"date":"2024-02-25T08:43:34","date_gmt":"2024-02-25T07:43:34","guid":{"rendered":"https:\/\/www.frankensicht.de\/?p=16523"},"modified":"2024-02-25T08:43:34","modified_gmt":"2024-02-25T07:43:34","slug":"bmf-monatsbericht-februar-2024","status":"publish","type":"post","link":"https:\/\/www.frankensicht.de\/?p=16523","title":{"rendered":"BMF-Monatsbericht Februar 2024"},"content":{"rendered":"<p><span style=\"color: #ff0000;\">Berlin:<\/span><\/p>\n<p>BMF-Monatsbericht Februar 2024<\/p>\n<p>Wie k\u00f6nnte eine Wirtschaftswende aussehen \u2013 und welche Rolle spielt dabei die Schuldenbremse? Dazu spricht im Interview in der Februar-Ausgabe des Monatsberichtes Prof. Dr. Lars Feld, Pers\u00f6nlicher Beauftragter des Bundesministers der Finanzen f\u00fcr die gesamtwirtschaftliche Entwicklung. Zudem stellt diese Ausgabe den Sollbericht 2024 und Hintergr\u00fcnde zu den Gr\u00fcnen Bundeswertpapieren vor.<\/p>\n<p>Zum Monatsbericht: https:\/\/www.bundesfinanzministerium.de\/nl\/bfa4ebc9-8cd0-469d-abc1-198687b31b28<\/p>\n<p><a href=\"https:\/\/www.frankensicht.de\/?attachment_id=4845\" rel=\"attachment wp-att-4845\"><img loading=\"lazy\" decoding=\"async\" class=\"alignnone size-medium wp-image-4845\" src=\"https:\/\/www.frankensicht.de\/wp-content\/uploads\/2012\/12\/1euro-300x225.jpg\" alt=\"\" width=\"300\" height=\"225\" srcset=\"https:\/\/www.frankensicht.de\/wp-content\/uploads\/2012\/12\/1euro-300x225.jpg 300w, https:\/\/www.frankensicht.de\/wp-content\/uploads\/2012\/12\/1euro.jpg 640w\" sizes=\"auto, (max-width: 300px) 100vw, 300px\" \/><\/a><\/p>\n<p>____________________________________________________________________________________________________<\/p>\n<p>Editorial: https:\/\/www.bundesfinanzministerium.de\/Monatsberichte\/Ausgabe\/2024\/02\/Kapitel\/kapitel-1-editorial.html<\/p>\n<p>Im Interview: Prof. Dr. Dr. h. c. Lars P. Feld \u2013 Pers\u00f6nlicher Beauftragter des Bundesministers der Finanzen f\u00fcr die gesamtwirtschaftliche Entwicklung: https:\/\/www.bundesfinanzministerium.de\/Monatsberichte\/Ausgabe\/2024\/02\/Kapitel\/kapitel-2a-interview.html<\/p>\n<p>Blick von au\u00dfen \u2013 Der \u00f6konomische Gastbeitrag: Ist die Schuldenbremse noch zeitgem\u00e4\u00df?: https:\/\/www.bundesfinanzministerium.de\/Monatsberichte\/Ausgabe\/2024\/02\/Kapitel\/kapitel-2b-blick-von-aussen.html<\/p>\n<p>Analysen und Berichte: https:\/\/www.bundesfinanzministerium.de\/Monatsberichte\/Ausgabe\/2024\/02\/Kapitel\/kapitel-3-analysen-berichte.html<\/p>\n<p>Sollbericht 2024: Ausgaben und Einnahmen des Bundeshaushalts: https:\/\/www.bundesfinanzministerium.de\/Monatsberichte\/Ausgabe\/2024\/02\/Inhalte\/Kapitel-3-Analysen\/3-1-sollbericht-2024.html<\/p>\n<p>Gr\u00fcne Bundeswertpapiere: Transparenz schafft Mehrwert: https:\/\/www.bundesfinanzministerium.de\/Monatsberichte\/Ausgabe\/2024\/02\/Inhalte\/Kapitel-3-Analysen\/3-2-guene-bundeswertpapiere.html<\/p>\n<p>&nbsp;<\/p>\n<p>Aktuelle Wirtschafts- und Finanzlage: https:\/\/www.bundesfinanzministerium.de\/Monatsberichte\/Ausgabe\/2024\/02\/Kapitel\/kapitel-4-wirtschafts-und-finanzlage.html<\/p>\n<p>\u00dcberblick zur aktuellen Lage: https:\/\/www.bundesfinanzministerium.de\/Monatsberichte\/Ausgabe\/2024\/02\/Inhalte\/Kapitel-4-Wirtschafts-und-Finanzlage\/4-1-ueberblick.html<\/p>\n<p>Steuereinnahmen im Januar 2024 und konjunkturelles Umfeld: https:\/\/www.bundesfinanzministerium.de\/Monatsberichte\/Ausgabe\/2024\/02\/Inhalte\/Kapitel-4-Wirtschafts-und-Finanzlage\/4-2-steuereinnahmen-januar-2024-und-konjunkturelles-umfeld.html<\/p>\n<p>Entwicklung des Bundeshaushalts im Januar\u00a02024: https:\/\/www.bundesfinanzministerium.de\/Monatsberichte\/Ausgabe\/2024\/02\/Inhalte\/Kapitel-4-Wirtschafts-und-Finanzlage\/4-3-entwicklung-des-bundeshaushalts-januar-2024.html<\/p>\n<p>Entwicklung der Kernhaushalte der L\u00e4nder bis einschlie\u00dflich Dezember\u00a02023: https:\/\/www.bundesfinanzministerium.de\/Monatsberichte\/Ausgabe\/2024\/02\/Inhalte\/Kapitel-4-Wirtschafts-und-Finanzlage\/4-4-entwicklung-der-laenderhaushalte-dezember-2023.html<\/p>\n<p>Kreditaufnahme des Bundes und seiner Sonderverm\u00f6gen: https:\/\/www.bundesfinanzministerium.de\/Monatsberichte\/Ausgabe\/2024\/02\/Inhalte\/Kapitel-4-Wirtschafts-und-Finanzlage\/4-5-kreditaufnahme-des-bundes-und-seiner-sondervermoegen.html<\/p>\n<p>Europ\u00e4ische Wirtschafts- und Finanzpolitik: https:\/\/www.bundesfinanzministerium.de\/Monatsberichte\/Ausgabe\/2024\/02\/Inhalte\/Kapitel-4-Wirtschafts-und-Finanzlage\/4-6-europaeische-wirtschafts-und-finanzpolitik.html<\/p>\n<p>&nbsp;<\/p>\n<p>Aktuelles aus dem BMF: https:\/\/www.bundesfinanzministerium.de\/Monatsberichte\/Ausgabe\/2024\/02\/Kapitel\/kapitel-5-aktuelles-aus-dem-bmf.html<\/p>\n<p>Termine: https:\/\/www.bundesfinanzministerium.de\/Monatsberichte\/Ausgabe\/2024\/02\/Inhalte\/Kapitel-5-Aktuelles-aus-dem-BMF\/5-1-termine.html<\/p>\n<p>Publikationen: https:\/\/www.bundesfinanzministerium.de\/Monatsberichte\/Ausgabe\/2024\/02\/Inhalte\/Kapitel-5-Aktuelles-aus-dem-BMF\/5-2-publikationen.html<\/p>\n<p>&nbsp;<\/p>\n<p>Statistiken und Dokumentationen: https:\/\/www.bundesfinanzministerium.de\/Monatsberichte\/Ausgabe\/2024\/02\/Kapitel\/kapitel-6-0-statistiken-dokumentationen.html<\/p>\n<p>\u00dcbersichten zur finanzwirtschaftlichen Entwicklung: https:\/\/www.bundesfinanzministerium.de\/Monatsberichte\/Ausgabe\/2024\/02\/Kapitel\/kapitel-6-1-finanzwirtschaftliche-entwicklung.html<\/p>\n<p>\u00dcbersichten zur Entwicklung der L\u00e4nderhaushalte: https:\/\/www.bundesfinanzministerium.de\/Monatsberichte\/Ausgabe\/2024\/02\/Kapitel\/kapitel-6-2-laenderhaushalte.html<\/p>\n<p>Gesamtwirtschaftliches Produktionspotenzial und Konjunkturkomponenten des Bundes: https:\/\/www.bundesfinanzministerium.de\/Monatsberichte\/Ausgabe\/2024\/02\/Kapitel\/kapitel-6-3-produktionspotenzial-konjunkturkomponenten.html<\/p>\n<p>Kennzahlen zur gesamtwirtschaftlichen Entwicklung: https:\/\/www.bundesfinanzministerium.de\/Monatsberichte\/Ausgabe\/2024\/02\/Kapitel\/kapitel-6-4-kennzahlen.html<\/p>\n<p>&nbsp;<\/p>\n<p>English version: https:\/\/www.bundesfinanzministerium.de\/Monatsberichte\/Ausgabe\/2024\/02\/Kapitel\/kapitel-7-english-version.html<\/p>\n<p>Hinweise: https:\/\/www.bundesfinanzministerium.de\/Monatsberichte\/Ausgabe\/2024\/02\/Kapitel\/kapitel-8-hinweise.html<\/p>\n<p>&nbsp;<\/p>\n<p>____________________________________________________________________________________________________<\/p>\n<p>&nbsp;<\/p>\n<p>&nbsp;<\/p>\n<p>&nbsp;<\/p>\n<p>Mehr zum Thema<\/p>\n<p>&#8211; BMF-Monatsbericht Februar 2024:<br \/>\nhttps:\/\/www.bundesfinanzministerium.de\/Monatsberichte\/Ausgabe\/2024\/02\/Downloads\/monatsbericht-2024-02-deutsch.pdf?__blob=publicationFile&amp;amp;v=2 (pdf, 4MB)<\/p>\n<p>Quelle:bundesfinanzministerium.be<\/p>\n","protected":false},"excerpt":{"rendered":"<p>Berlin: BMF-Monatsbericht Februar 2024 Wie k\u00f6nnte eine Wirtschaftswende aussehen \u2013 und welche Rolle spielt dabei die Schuldenbremse? Dazu spricht im Interview in der Februar-Ausgabe des Monatsberichtes Prof. Dr. Lars Feld, Pers\u00f6nlicher Beauftragter des Bundesministers der Finanzen f\u00fcr die gesamtwirtschaftliche Entwicklung. Zudem stellt diese Ausgabe den Sollbericht 2024 und Hintergr\u00fcnde zu den Gr\u00fcnen Bundeswertpapieren vor. Zum [&hellip;]<\/p>\n","protected":false},"author":7,"featured_media":4845,"comment_status":"closed","ping_status":"open","sticky":false,"template":"","format":"standard","meta":{"footnotes":""},"categories":[44,3,16],"tags":[4226],"class_list":["post-16523","post","type-post","status-publish","format-standard","has-post-thumbnail","hentry","category-deutschland-2","category-news","category-wirtschaft","tag-bfa-2-2024"],"_links":{"self":[{"href":"https:\/\/www.frankensicht.de\/index.php?rest_route=\/wp\/v2\/posts\/16523","targetHints":{"allow":["GET"]}}],"collection":[{"href":"https:\/\/www.frankensicht.de\/index.php?rest_route=\/wp\/v2\/posts"}],"about":[{"href":"https:\/\/www.frankensicht.de\/index.php?rest_route=\/wp\/v2\/types\/post"}],"author":[{"embeddable":true,"href":"https:\/\/www.frankensicht.de\/index.php?rest_route=\/wp\/v2\/users\/7"}],"replies":[{"embeddable":true,"href":"https:\/\/www.frankensicht.de\/index.php?rest_route=%2Fwp%2Fv2%2Fcomments&post=16523"}],"version-history":[{"count":1,"href":"https:\/\/www.frankensicht.de\/index.php?rest_route=\/wp\/v2\/posts\/16523\/revisions"}],"predecessor-version":[{"id":16524,"href":"https:\/\/www.frankensicht.de\/index.php?rest_route=\/wp\/v2\/posts\/16523\/revisions\/16524"}],"wp:featuredmedia":[{"embeddable":true,"href":"https:\/\/www.frankensicht.de\/index.php?rest_route=\/wp\/v2\/media\/4845"}],"wp:attachment":[{"href":"https:\/\/www.frankensicht.de\/index.php?rest_route=%2Fwp%2Fv2%2Fmedia&parent=16523"}],"wp:term":[{"taxonomy":"category","embeddable":true,"href":"https:\/\/www.frankensicht.de\/index.php?rest_route=%2Fwp%2Fv2%2Fcategories&post=16523"},{"taxonomy":"post_tag","embeddable":true,"href":"https:\/\/www.frankensicht.de\/index.php?rest_route=%2Fwp%2Fv2%2Ftags&post=16523"}],"curies":[{"name":"wp","href":"https:\/\/api.w.org\/{rel}","templated":true}]}}