{"id":16516,"date":"2024-02-22T08:46:24","date_gmt":"2024-02-22T07:46:24","guid":{"rendered":"https:\/\/www.frankensicht.de\/?p=16516"},"modified":"2024-02-22T08:46:24","modified_gmt":"2024-02-22T07:46:24","slug":"glauber-und-blume-naturaufnahmen-die-begeistern-gewin-ner-im-wettbewerb-natur-im-fokus-gekuert","status":"publish","type":"post","link":"https:\/\/www.frankensicht.de\/?p=16516","title":{"rendered":"Glauber und Blume: Naturaufnahmen, die begeistern \/ Gewin-ner im Wettbewerb &#8222;Natur im Fokus&#8220; gek\u00fcrt"},"content":{"rendered":"<p><span style=\"color: #ff0000;\">M\u00fcnchen:<\/span><\/p>\n<p>Glauber und Blume: Naturaufnahmen, die begeistern \/ Gewin-ner im Wettbewerb &#8222;Natur im Fokus&#8220; gek\u00fcrt<\/p>\n<p>Immer mehr Kinder und Jugendliche aus ganz Bayern beteiligen sich am Fotowettbewerb &#8222;Natur im Fokus&#8220;: Rund 950 Teilnehmerinnen und Teilnehmer haben \u00fcber 2300 Fotos im Jahr 2023 eingereicht. Bei der Auszeichnung der Siegerfotos betonte Bayerns Umweltminister Thorsten Glauber heute im Museum Mensch und Natur im M\u00fcnchner Schloss Nymphenburg: &#8222;Der Fotowettbewerb \u00b4Natur im Fokus\u00b4 ist etwas ganz Besonderes. Kinder und Jugendliche werden motiviert, Zeit in der Natur zu verbringen und Naturerlebnisse zu sammeln. Mit dem Wettbewerb st\u00e4rken wir das Umweltbewusstsein in unserer Gesellschaft. Ich bin von den Naturaufnahmen begeistert. Sie zeigen die Sch\u00f6nheit unserer Heimat und die Einzigartigkeit unserer Tier- und Pflanzenwelt.<\/p>\n<p><a href=\"https:\/\/www.frankensicht.de\/?attachment_id=6221\" rel=\"attachment wp-att-6221\"><img loading=\"lazy\" decoding=\"async\" class=\"alignnone size-medium wp-image-6221\" src=\"https:\/\/www.frankensicht.de\/wp-content\/uploads\/2013\/09\/blume-300x200.jpg\" alt=\"\" width=\"300\" height=\"200\" srcset=\"https:\/\/www.frankensicht.de\/wp-content\/uploads\/2013\/09\/blume-300x200.jpg 300w, https:\/\/www.frankensicht.de\/wp-content\/uploads\/2013\/09\/blume-220x146.jpg 220w, https:\/\/www.frankensicht.de\/wp-content\/uploads\/2013\/09\/blume.jpg 600w\" sizes=\"auto, (max-width: 300px) 100vw, 300px\" \/><\/a><\/p>\n<p>Ich gratuliere den Preistr\u00e4gerinnen und Preistr\u00e4gern ganz herzlich zu ihren beeindruckenden Fotos.&#8220; Kunst- und Wissenschaftsminister Markus Blume hob hervor: &#8222;Bayern ist bunt, Bayern ist sch\u00f6n, Bayern bezaubert: Mit Geduld, Geschick und sp\u00fcrbarer Faszination haben die jungen Fotografinnen und Fotografen die riesige Vielfalt der grandiosen bayerischen Natur in beeindruckenden Bildern festgehalten \u2013 jedes Gewinnerbild ist ein echtes Kunstwerk! Ich gratuliere den erfolgreichen Talenten herzlich und danke den Organisatoren dieses tollen Wettbewerbs f\u00fcr ihre erfolgreiche Arbeit.&#8220;<\/p>\n<p>Der Fotowettbewerb steht unter dem Motto &#8222;Schau doch mal hin! \u2013 Mit der Kamera auf Entdeckungsreise in Bayerns Natur&#8220;. Kinder und Jugendliche aus Bayern im Alter von 7 bis 18 Jahren konnten Aufnahmen in den Kategorien &#8222;Blumen, Bl\u00fcten, Best\u00e4uber&#8220; und &#8222;W\u00e4lder, Wiesen, Wildnis&#8220; einreichen. Insgesamt wurden 22 Preise, darunter vier Sonderpreise vergeben. Hauptpreis in den Kategorien und Altersklassen ist jeweils ein Naturerlebniswochenende, inklusive Fotoseminar. Daneben gab es Sachpreise zu gewinnen. Mit der Preisverleihung wurde gleichzeitig die Sonderausstellung mit den pr\u00e4mierten Fotos er\u00f6ffnet. Diese wird bis Ende Mai im Museum Mensch und Natur im Nymphenburger Schloss in M\u00fcnchen zu sehen sein und geht ab M\u00e4rz 2024 au\u00dferdem auf Tour durch ganz Bayern. Das Bayerische Umweltministerium f\u00f6rdert den Wettbewerb mit rund 26.000 Euro.<\/p>\n<p>Der Wettbewerb wird vom Bayerischen Umweltministerium gemeinsam mit dem Museum Mensch und Natur und dem Naturkundemuseum Bayern ausgerichtet. Kooperationspartner sind das Bayerische Staatsministerium f\u00fcr Wissenschaft und Kunst und seit diesem Jahr der Landesbund f\u00fcr Vogel- und Naturschutz in Bayern e.V. mit der Naturschutzjugend im LBV (NAJU). Der Fotowettbewerb hat sich zu einem wichtigen Element in der Umweltbildung entwickelt. Rund 4 Millionen Euro investiert der Freistaat dieses Jahr in diesem Bereich, insbesondere in Umweltstationen und eine Vielzahl von Umweltbildungsprojekten.<\/p>\n<p>Die pr\u00e4mierten Fotos der Preistr\u00e4gerinnen und Preistr\u00e4ger und ein Gruppenbild der Preisverleihung sind nach der Veranstaltung abrufbar unter www.natur-im-fokus.de.<\/p>\n<p>Quelle:stmwk.bayern.de<\/p>\n","protected":false},"excerpt":{"rendered":"<p>M\u00fcnchen: Glauber und Blume: Naturaufnahmen, die begeistern \/ Gewin-ner im Wettbewerb &#8222;Natur im Fokus&#8220; gek\u00fcrt Immer mehr Kinder und Jugendliche aus ganz Bayern beteiligen sich am Fotowettbewerb &#8222;Natur im Fokus&#8220;: Rund 950 Teilnehmerinnen und Teilnehmer haben \u00fcber 2300 Fotos im Jahr 2023 eingereicht. Bei der Auszeichnung der Siegerfotos betonte Bayerns Umweltminister Thorsten Glauber heute im [&hellip;]<\/p>\n","protected":false},"author":7,"featured_media":6221,"comment_status":"closed","ping_status":"open","sticky":false,"template":"","format":"standard","meta":{"footnotes":""},"categories":[78,71],"tags":[4223],"class_list":["post-16516","post","type-post","status-publish","format-standard","has-post-thumbnail","hentry","category-bayern","category-menue","tag-natur-im-fokus"],"_links":{"self":[{"href":"https:\/\/www.frankensicht.de\/index.php?rest_route=\/wp\/v2\/posts\/16516","targetHints":{"allow":["GET"]}}],"collection":[{"href":"https:\/\/www.frankensicht.de\/index.php?rest_route=\/wp\/v2\/posts"}],"about":[{"href":"https:\/\/www.frankensicht.de\/index.php?rest_route=\/wp\/v2\/types\/post"}],"author":[{"embeddable":true,"href":"https:\/\/www.frankensicht.de\/index.php?rest_route=\/wp\/v2\/users\/7"}],"replies":[{"embeddable":true,"href":"https:\/\/www.frankensicht.de\/index.php?rest_route=%2Fwp%2Fv2%2Fcomments&post=16516"}],"version-history":[{"count":1,"href":"https:\/\/www.frankensicht.de\/index.php?rest_route=\/wp\/v2\/posts\/16516\/revisions"}],"predecessor-version":[{"id":16517,"href":"https:\/\/www.frankensicht.de\/index.php?rest_route=\/wp\/v2\/posts\/16516\/revisions\/16517"}],"wp:featuredmedia":[{"embeddable":true,"href":"https:\/\/www.frankensicht.de\/index.php?rest_route=\/wp\/v2\/media\/6221"}],"wp:attachment":[{"href":"https:\/\/www.frankensicht.de\/index.php?rest_route=%2Fwp%2Fv2%2Fmedia&parent=16516"}],"wp:term":[{"taxonomy":"category","embeddable":true,"href":"https:\/\/www.frankensicht.de\/index.php?rest_route=%2Fwp%2Fv2%2Fcategories&post=16516"},{"taxonomy":"post_tag","embeddable":true,"href":"https:\/\/www.frankensicht.de\/index.php?rest_route=%2Fwp%2Fv2%2Ftags&post=16516"}],"curies":[{"name":"wp","href":"https:\/\/api.w.org\/{rel}","templated":true}]}}