{"id":16514,"date":"2024-02-19T08:43:15","date_gmt":"2024-02-19T07:43:15","guid":{"rendered":"https:\/\/www.frankensicht.de\/?p=16514"},"modified":"2024-02-19T08:43:15","modified_gmt":"2024-02-19T07:43:15","slug":"genehmigungsantrag-von-windenergieanlagen-im-forstenrieder","status":"publish","type":"post","link":"https:\/\/www.frankensicht.de\/?p=16514","title":{"rendered":"Genehmigungsantrag von Windenergieanlagen im Forstenrieder"},"content":{"rendered":"<p><span style=\"color: #ff0000;\">Pullach Isatal:<\/span><\/p>\n<p>Genehmigungsantrag von Windenergieanlagen im Forstenrieder Park Aiwanger: &#8222;Die k\u00fcnftigen Windenergieanlagen im Forstenrieder Park sind auch der Erfolg unserer Windk\u00fcmmerer&#8220;<\/p>\n<p>Bayerns Wirtschaftsminister Hubert Aiwanger initiierte im Oktober 2020 die so genannten Windk\u00fcmmerer. Gestern wurde unter Beteiligung des Windk\u00fcmmerers f\u00fcr Oberbayern das erste Projekt im Forstenrieder Park erfolgreich an den Start gebracht. Ich freue mich \u00fcber die Unterzeichnung des Genehmigungsantrags f\u00fcr sechs Windenergieanlagen im Staatsforst. Damit leisten die beteiligten Gemeinden Pullach, Neuried, Sch\u00e4ftlarn und Baierbrunn einen wichtigen Beitrag zur regionalen Stromversorgung. Die k\u00fcnftigen Windenergieanlagen im Forstenrieder Park sind auch der Erfolg unserer Windk\u00fcmmerer, so der Wirtschaftsminister.\u00a0 \u00a0 Die Windk\u00fcmmerer sind neutrale Ansprechpartner, die Kommunen beim Ausbau der Windenergie vor Ort individuell beraten und bedarfsgerecht unterst\u00fctzen. Sie werden vom Bayerischen Wirtschaftsministerium finanziert. Das nunmehr erfolgreiche Projekt in den vier Gemeinden zeigt, wie sinnvoll die Arbeit der Windk\u00fcmmerer ist so Aiwanger.<\/p>\n<p><a href=\"https:\/\/www.frankensicht.de\/?attachment_id=15391\" rel=\"attachment wp-att-15391\"><img loading=\"lazy\" decoding=\"async\" class=\"alignnone size-medium wp-image-15391\" src=\"https:\/\/www.frankensicht.de\/wp-content\/uploads\/2022\/11\/P1040775-300x225.jpg\" alt=\"\" width=\"300\" height=\"225\" srcset=\"https:\/\/www.frankensicht.de\/wp-content\/uploads\/2022\/11\/P1040775-300x225.jpg 300w, https:\/\/www.frankensicht.de\/wp-content\/uploads\/2022\/11\/P1040775-1024x768.jpg 1024w, https:\/\/www.frankensicht.de\/wp-content\/uploads\/2022\/11\/P1040775-768x576.jpg 768w, https:\/\/www.frankensicht.de\/wp-content\/uploads\/2022\/11\/P1040775-1536x1152.jpg 1536w, https:\/\/www.frankensicht.de\/wp-content\/uploads\/2022\/11\/P1040775-2048x1536.jpg 2048w\" sizes=\"auto, (max-width: 300px) 100vw, 300px\" \/><\/a><\/p>\n<p>Im Forstenrieder Park haben die Windk\u00fcmmerer in Zusammenarbeit mit den Kommunen konkret die Fl\u00e4chenpotenziale analysiert und den Dialog mit den B\u00fcrgerinnen und B\u00fcrgern gef\u00fchrt. Mit ihrer Arbeit tragen sie entscheidend dazu bei, dass die Akzeptanz in der Bev\u00f6lkerung erh\u00f6ht und der lokale Ausbau von Windenergie auf einen positiven Weg gebracht wird. F\u00fcr eine erfolgreiche Energiewende brauchen wir die enge Zusammenarbeit mit den Kommunen, sagt Aiwanger. \u00a0 \u00a0 Die Windk\u00fcmmerer kommen in allen sieben Regierungsbezirken zum Einsatz und werden durch die Landesagentur f\u00fcr Energie und Klimaschutz (LENK) koordiniert. Derzeit werden 240 Projekte in ganz Bayern betreut. Die Windk\u00fcmmerer sind Teil der bayerischen Windenergieoffensive AUFWIND. Ziel dieses Programms ist es, die Akzeptanz f\u00fcr Windenergieanlagen zu erh\u00f6hen, Ausbauhemmnisse systematisch abzubauen und durch verbesserte Rahmenbedingungen den Ausbau der Windenergie voranzutreiben. Anfang 2023 ging das Programm mit &amp;bdquo;Windk\u00fcmmerer 2.0 in eine zweite Runde. Neben den Windk\u00fcmmerern stehen den Kommunen seitdem auch eine digitale Wissensplattform Wind und seit September 2023 auch die Themenplattform Windenergie mit ausf\u00fchrlichen Hinweisen zu rechtlichen Vorgaben sowie zum Windenergieausbau zur Verf\u00fcgung. \u00a0 Weitere Informationen gibt es unter: Wichtige Informationen zu &#8222;Windk\u00fcmmerer 2.0&#8220; (bayern.de) und Wissensplattform Wind Energie-Atlas Bayern<\/p>\n<p>Quelle: stmwi.bayern.de<\/p>\n","protected":false},"excerpt":{"rendered":"<p>Pullach Isatal: Genehmigungsantrag von Windenergieanlagen im Forstenrieder Park Aiwanger: &#8222;Die k\u00fcnftigen Windenergieanlagen im Forstenrieder Park sind auch der Erfolg unserer Windk\u00fcmmerer&#8220; Bayerns Wirtschaftsminister Hubert Aiwanger initiierte im Oktober 2020 die so genannten Windk\u00fcmmerer. Gestern wurde unter Beteiligung des Windk\u00fcmmerers f\u00fcr Oberbayern das erste Projekt im Forstenrieder Park erfolgreich an den Start gebracht. Ich freue mich [&hellip;]<\/p>\n","protected":false},"author":7,"featured_media":15391,"comment_status":"closed","ping_status":"open","sticky":false,"template":"","format":"standard","meta":{"footnotes":""},"categories":[78,71],"tags":[4222],"class_list":["post-16514","post","type-post","status-publish","format-standard","has-post-thumbnail","hentry","category-bayern","category-menue","tag-windenergie-isatal"],"_links":{"self":[{"href":"https:\/\/www.frankensicht.de\/index.php?rest_route=\/wp\/v2\/posts\/16514","targetHints":{"allow":["GET"]}}],"collection":[{"href":"https:\/\/www.frankensicht.de\/index.php?rest_route=\/wp\/v2\/posts"}],"about":[{"href":"https:\/\/www.frankensicht.de\/index.php?rest_route=\/wp\/v2\/types\/post"}],"author":[{"embeddable":true,"href":"https:\/\/www.frankensicht.de\/index.php?rest_route=\/wp\/v2\/users\/7"}],"replies":[{"embeddable":true,"href":"https:\/\/www.frankensicht.de\/index.php?rest_route=%2Fwp%2Fv2%2Fcomments&post=16514"}],"version-history":[{"count":1,"href":"https:\/\/www.frankensicht.de\/index.php?rest_route=\/wp\/v2\/posts\/16514\/revisions"}],"predecessor-version":[{"id":16515,"href":"https:\/\/www.frankensicht.de\/index.php?rest_route=\/wp\/v2\/posts\/16514\/revisions\/16515"}],"wp:featuredmedia":[{"embeddable":true,"href":"https:\/\/www.frankensicht.de\/index.php?rest_route=\/wp\/v2\/media\/15391"}],"wp:attachment":[{"href":"https:\/\/www.frankensicht.de\/index.php?rest_route=%2Fwp%2Fv2%2Fmedia&parent=16514"}],"wp:term":[{"taxonomy":"category","embeddable":true,"href":"https:\/\/www.frankensicht.de\/index.php?rest_route=%2Fwp%2Fv2%2Fcategories&post=16514"},{"taxonomy":"post_tag","embeddable":true,"href":"https:\/\/www.frankensicht.de\/index.php?rest_route=%2Fwp%2Fv2%2Ftags&post=16514"}],"curies":[{"name":"wp","href":"https:\/\/api.w.org\/{rel}","templated":true}]}}