{"id":16511,"date":"2024-02-18T09:02:08","date_gmt":"2024-02-18T08:02:08","guid":{"rendered":"https:\/\/www.frankensicht.de\/?p=16511"},"modified":"2024-02-18T09:02:08","modified_gmt":"2024-02-18T08:02:08","slug":"industrieproduktion-2023-leichtes-plus-in-bayern-minus-auf-bundesebene","status":"publish","type":"post","link":"https:\/\/www.frankensicht.de\/?p=16511","title":{"rendered":"Industrieproduktion 2023: Leichtes Plus in Bayern, Minus auf Bundesebene"},"content":{"rendered":"<p><span style=\"color: #ff0000;\">M\u00fcnchen:<\/span><\/p>\n<p>Industrieproduktion 2023: Leichtes Plus in Bayern, Minus auf Bundesebene<\/p>\n<p><a href=\"https:\/\/www.frankensicht.de\/?attachment_id=1513\" rel=\"attachment wp-att-1513\"><img loading=\"lazy\" decoding=\"async\" class=\"alignnone size-medium wp-image-1513\" src=\"https:\/\/www.frankensicht.de\/wp-content\/uploads\/2012\/05\/statistik-300x223.jpg\" alt=\"\" width=\"300\" height=\"223\" srcset=\"https:\/\/www.frankensicht.de\/wp-content\/uploads\/2012\/05\/statistik-300x223.jpg 300w, https:\/\/www.frankensicht.de\/wp-content\/uploads\/2012\/05\/statistik.jpeg 370w\" sizes=\"auto, (max-width: 300px) 100vw, 300px\" \/><\/a><\/p>\n<p>Aiwanger: &#8222;Bundesregierung muss endlich die Negativspirale unserer Wirtschaft beenden&#8220; M\u00dcNCHEN\u00a0 Wie das Bayerische Landesamt f\u00fcr Statistik heute (15.02.) mitteilt, ist die Industrieproduktion im Dezember 2023 gegen\u00fcber dem Vorjahr um 10 Prozent gesunken. Insgesamt gab es im letzten Jahr in Bayern ein geringes Wachstum in H\u00f6he von 0,4 Prozent im Vergleich zu 2022. Im Gegensatz zu Bayern ist Produktion auf Bundesebene um 1,3 Prozent zur\u00fcckgegangen. Besonders betroffen sind in Bayern energieintensive Branchen wie die Chemieindustrie, der Maschinenbau und der Elektroniksektor. Wirtschaftsminister Hubert Aiwanger kommentiert die aktuellen Zahlen: &#8222;Deutschlands hohe Energie- und Strompreise werden f\u00fcr die Industrie zum immer gr\u00f6\u00dferen Problem. Unsere Unternehmen verlieren massiv an Wettbewerbsf\u00e4higkeit gegen\u00fcber ihren internationalen Konkurrenten. Hinzu kommt die hohe Steuerbelastung. Dadurch fehlt das Geld\u00a0f\u00fcr Investitionen, was wiederum die Inlandsnachfrage nach Industrieg\u00fctern bremst. Die Bundesregierung muss endlich die Negativspirale unserer Wirtschaft beenden, sonst wird in diesem Sog auch Bayern immer mehr nach unten gezogen.&amp;ldquo; \u00a0 Bayern stemmt sich mit einer Vielzahl von Ma\u00dfnahmen gegen den Bundestrend, so der Minister. &#8222;Wir setzen stark auf Digitalisierung und Modernisierung unserer Wirtschaft. Mit Milliarden f\u00fcr die Hightech Agenda, Wasserstoffstrategie, Handwerksf\u00f6rderung, Bio\u00f6konomie, Start-ups und der konsequenten Unterst\u00fctzung der Energiewende sind wir sehr erfolgreich. Die gro\u00dfen Stellschrauben bei Steuern und Energiepreisen liegen aber in Berlin.&#8220;<\/p>\n<p>Quelle:stmwi.bayern.de<\/p>\n","protected":false},"excerpt":{"rendered":"<p>M\u00fcnchen: Industrieproduktion 2023: Leichtes Plus in Bayern, Minus auf Bundesebene Aiwanger: &#8222;Bundesregierung muss endlich die Negativspirale unserer Wirtschaft beenden&#8220; M\u00dcNCHEN\u00a0 Wie das Bayerische Landesamt f\u00fcr Statistik heute (15.02.) mitteilt, ist die Industrieproduktion im Dezember 2023 gegen\u00fcber dem Vorjahr um 10 Prozent gesunken. Insgesamt gab es im letzten Jahr in Bayern ein geringes Wachstum in H\u00f6he [&hellip;]<\/p>\n","protected":false},"author":7,"featured_media":1513,"comment_status":"closed","ping_status":"open","sticky":false,"template":"","format":"standard","meta":{"footnotes":""},"categories":[78,71],"tags":[4221],"class_list":["post-16511","post","type-post","status-publish","format-standard","has-post-thumbnail","hentry","category-bayern","category-menue","tag-industrieproduktion-2023"],"_links":{"self":[{"href":"https:\/\/www.frankensicht.de\/index.php?rest_route=\/wp\/v2\/posts\/16511","targetHints":{"allow":["GET"]}}],"collection":[{"href":"https:\/\/www.frankensicht.de\/index.php?rest_route=\/wp\/v2\/posts"}],"about":[{"href":"https:\/\/www.frankensicht.de\/index.php?rest_route=\/wp\/v2\/types\/post"}],"author":[{"embeddable":true,"href":"https:\/\/www.frankensicht.de\/index.php?rest_route=\/wp\/v2\/users\/7"}],"replies":[{"embeddable":true,"href":"https:\/\/www.frankensicht.de\/index.php?rest_route=%2Fwp%2Fv2%2Fcomments&post=16511"}],"version-history":[{"count":1,"href":"https:\/\/www.frankensicht.de\/index.php?rest_route=\/wp\/v2\/posts\/16511\/revisions"}],"predecessor-version":[{"id":16512,"href":"https:\/\/www.frankensicht.de\/index.php?rest_route=\/wp\/v2\/posts\/16511\/revisions\/16512"}],"wp:featuredmedia":[{"embeddable":true,"href":"https:\/\/www.frankensicht.de\/index.php?rest_route=\/wp\/v2\/media\/1513"}],"wp:attachment":[{"href":"https:\/\/www.frankensicht.de\/index.php?rest_route=%2Fwp%2Fv2%2Fmedia&parent=16511"}],"wp:term":[{"taxonomy":"category","embeddable":true,"href":"https:\/\/www.frankensicht.de\/index.php?rest_route=%2Fwp%2Fv2%2Fcategories&post=16511"},{"taxonomy":"post_tag","embeddable":true,"href":"https:\/\/www.frankensicht.de\/index.php?rest_route=%2Fwp%2Fv2%2Ftags&post=16511"}],"curies":[{"name":"wp","href":"https:\/\/api.w.org\/{rel}","templated":true}]}}