{"id":16488,"date":"2024-02-08T08:32:53","date_gmt":"2024-02-08T07:32:53","guid":{"rendered":"https:\/\/www.frankensicht.de\/?p=16488"},"modified":"2024-02-08T08:32:53","modified_gmt":"2024-02-08T07:32:53","slug":"bihk-konjunkturumfrage-stimmung-der-bayerischen-wirtschaft-bleibt-auf-niedrigem-niveau","status":"publish","type":"post","link":"https:\/\/www.frankensicht.de\/?p=16488","title":{"rendered":"BIHK-Konjunkturumfrage Stimmung der bayerischen Wirtschaft bleibt auf niedrigem Niveau"},"content":{"rendered":"<p><span style=\"color: #ff0000;\">M\u00fcnchen:<\/span><\/p>\n<p>BIHK-Konjunkturumfrage Stimmung der bayerischen Wirtschaft bleibt auf niedrigem Niveau<\/p>\n<p><a href=\"https:\/\/www.frankensicht.de\/?attachment_id=6264\" rel=\"attachment wp-att-6264\"><img loading=\"lazy\" decoding=\"async\" class=\"alignnone size-medium wp-image-6264\" src=\"https:\/\/www.frankensicht.de\/wp-content\/uploads\/2013\/10\/bamberg8-225x300.jpg\" alt=\"\" width=\"225\" height=\"300\" srcset=\"https:\/\/www.frankensicht.de\/wp-content\/uploads\/2013\/10\/bamberg8-225x300.jpg 225w, https:\/\/www.frankensicht.de\/wp-content\/uploads\/2013\/10\/bamberg8.jpg 480w\" sizes=\"auto, (max-width: 225px) 100vw, 225px\" \/><\/a><\/p>\n<p>Aiwanger: &#8222;Zu hohe Abgabenlast und fehlende Arbeitsanreize bremsen die Wirtschaft ein&#8220;<\/p>\n<p>Der Bayerische Industrie- und Handelskammertag (BIHK) hat heute die Ergebnisse der aktuellen Konjunkturumfrage ver\u00f6ffentlicht. Demnach liegt der Konjunkturindex erstmals seit dem Corona-Winter 2020\/2021 wieder unterhalb des langj\u00e4hrigen Durchschnitts. Dazu Wirtschaftsminister Hubert Aiwanger: &#8222;Bayerns Wirtschaft kann sich nur teilweise vom Bundestrend abkoppeln. Diese Ergebnisse waren deshalb leider zu erwarten. Seit Jahren trommle ich f\u00fcr bessere bundespolitische Rahmenbedingungen. Die Abgabenlast f\u00fcr B\u00fcrger und Wirtschaft ist viel zu hoch und es fehlen Arbeitsanreize. Kein Wunder also, dass die Nachfrage zur\u00fcckgeht und Unternehmen vergeblich sogar minderqualifizierte Arbeitskr\u00e4fte suchen, w\u00e4hrend zu viele Arbeitsf\u00e4hige im B\u00fcrgergeld sind. Unsere Wirtschaft braucht Entlastung und Flexibilit\u00e4t, beispielsweise bei den Arbeitszeiten anstelle neuer Regularien wie dem Lieferkettengesetz.\u00a0 Die bayerische Staatsregierung stemmt sich mit massiven Investitionsprogrammen wie der Hightech Agenda in Milliardenh\u00f6he gegen den Bundestrend und sorgt f\u00fcr ein innovationsfreundliches\u00a0 Klima. Aiwanger: Man muss die Wirtschaft machen lassen, nicht g\u00e4ngeln. Bayerns Wirtschaft steht immer noch besser da als der Bundesdurchschnitt. W\u00e4hrend Deutschlands Wirtschaftsleistung 2023 insgesamt gesunken ist, k\u00f6nnen wir f\u00fcr Bayern nach Auswertung aller Daten ein Plus erwarten.&#8220;<\/p>\n","protected":false},"excerpt":{"rendered":"<p>M\u00fcnchen: BIHK-Konjunkturumfrage Stimmung der bayerischen Wirtschaft bleibt auf niedrigem Niveau Aiwanger: &#8222;Zu hohe Abgabenlast und fehlende Arbeitsanreize bremsen die Wirtschaft ein&#8220; Der Bayerische Industrie- und Handelskammertag (BIHK) hat heute die Ergebnisse der aktuellen Konjunkturumfrage ver\u00f6ffentlicht. Demnach liegt der Konjunkturindex erstmals seit dem Corona-Winter 2020\/2021 wieder unterhalb des langj\u00e4hrigen Durchschnitts. Dazu Wirtschaftsminister Hubert Aiwanger: &#8222;Bayerns Wirtschaft [&hellip;]<\/p>\n","protected":false},"author":7,"featured_media":6264,"comment_status":"closed","ping_status":"open","sticky":false,"template":"","format":"standard","meta":{"footnotes":""},"categories":[78,71],"tags":[4213],"class_list":["post-16488","post","type-post","status-publish","format-standard","has-post-thumbnail","hentry","category-bayern","category-menue","tag-bihm"],"_links":{"self":[{"href":"https:\/\/www.frankensicht.de\/index.php?rest_route=\/wp\/v2\/posts\/16488","targetHints":{"allow":["GET"]}}],"collection":[{"href":"https:\/\/www.frankensicht.de\/index.php?rest_route=\/wp\/v2\/posts"}],"about":[{"href":"https:\/\/www.frankensicht.de\/index.php?rest_route=\/wp\/v2\/types\/post"}],"author":[{"embeddable":true,"href":"https:\/\/www.frankensicht.de\/index.php?rest_route=\/wp\/v2\/users\/7"}],"replies":[{"embeddable":true,"href":"https:\/\/www.frankensicht.de\/index.php?rest_route=%2Fwp%2Fv2%2Fcomments&post=16488"}],"version-history":[{"count":1,"href":"https:\/\/www.frankensicht.de\/index.php?rest_route=\/wp\/v2\/posts\/16488\/revisions"}],"predecessor-version":[{"id":16489,"href":"https:\/\/www.frankensicht.de\/index.php?rest_route=\/wp\/v2\/posts\/16488\/revisions\/16489"}],"wp:featuredmedia":[{"embeddable":true,"href":"https:\/\/www.frankensicht.de\/index.php?rest_route=\/wp\/v2\/media\/6264"}],"wp:attachment":[{"href":"https:\/\/www.frankensicht.de\/index.php?rest_route=%2Fwp%2Fv2%2Fmedia&parent=16488"}],"wp:term":[{"taxonomy":"category","embeddable":true,"href":"https:\/\/www.frankensicht.de\/index.php?rest_route=%2Fwp%2Fv2%2Fcategories&post=16488"},{"taxonomy":"post_tag","embeddable":true,"href":"https:\/\/www.frankensicht.de\/index.php?rest_route=%2Fwp%2Fv2%2Ftags&post=16488"}],"curies":[{"name":"wp","href":"https:\/\/api.w.org\/{rel}","templated":true}]}}