{"id":16248,"date":"2023-12-05T08:51:57","date_gmt":"2023-12-05T07:51:57","guid":{"rendered":"https:\/\/www.frankensicht.de\/?p=16248"},"modified":"2023-12-05T08:51:57","modified_gmt":"2023-12-05T07:51:57","slug":"erneuerbare-energien-bayerns-wirtschafts-und-energieminister-hubert-aiwanger-wuerdigte-energieprojekt-am-eichamt-bamberg","status":"publish","type":"post","link":"https:\/\/www.frankensicht.de\/?p=16248","title":{"rendered":"Erneuerbare Energien Bayerns Wirtschafts- und Energieminister Hubert Aiwanger w\u00fcrdigte Energieprojekt am Eichamt Bamberg"},"content":{"rendered":"<p><span style=\"color: #ff0000;\">Bamberg:<\/span><\/p>\n<p>Erneuerbare Energien Bayerns Wirtschafts- und Energieminister Hubert Aiwanger w\u00fcrdigte Energieprojekt am Eichamt Bamberg<\/p>\n<p><a href=\"https:\/\/www.frankensicht.de\/?attachment_id=3294\" rel=\"attachment wp-att-3294\"><img loading=\"lazy\" decoding=\"async\" class=\"alignnone size-medium wp-image-3294\" src=\"https:\/\/www.frankensicht.de\/wp-content\/uploads\/2012\/07\/bamberg5-300x225.jpg\" alt=\"\" width=\"300\" height=\"225\" srcset=\"https:\/\/www.frankensicht.de\/wp-content\/uploads\/2012\/07\/bamberg5-300x225.jpg 300w, https:\/\/www.frankensicht.de\/wp-content\/uploads\/2012\/07\/bamberg5.jpg 640w\" sizes=\"auto, (max-width: 300px) 100vw, 300px\" \/><\/a><\/p>\n<p>Aiwanger: &#8222;Am Eichamt Bamberg gehen wir mit gutem Beispiel voran und nutzen das Potenzial von Solarenergie auf staatlichen D\u00e4chern.&#8220;\u00a0 Bayerns Wirtschafts- und Energieminister Hubert Aiwanger w\u00fcrdigte das Photovoltaik-Speicher-System am Eichamt Bamberg. Der Staat muss mit gutem Beispiel vorangehen und regionale Energiequellen nutzen. Bis 2025 wollen wir das Potenzial der Solarenergie auf staatlichen Geb\u00e4uden aussch\u00f6pfen &#8211; so auch am Eichamt Bamberg. Die installierte Photovoltaikanlage soll 58.000 Kilowattstunden Strom im Jahr erzeugen. Das \u00fcbertrifft den erwarteten Strombedarf des Eichamts um mehr als das F\u00fcnffache. In Kombination mit einem Batteriespeicher ist ein effizientes System entstanden. Nicht direkt verbrauchter Strom wird gespeichert, bedarfsgerecht verbraucht und zum Laden der Au\u00dfendienstfahrzeuge genutzt&amp;so Aiwanger. \u00a0 Im n\u00e4chsten Jahr soll zus\u00e4tzlich die bisherige \u00d6lheizung durch eine Pelletheizung ersetzt werden. Minister Aiwanger betonte: Auch diese Entscheidung weist den richtigen Weg. Die Kombination aus regionaler Strom- und W\u00e4rmeversorgung st\u00e4rkt die Vorbildrolle der Staatsverwaltung in der Energiewende.\u00a0 Das Eichamt Bamberg besteht seit 1991. Es untersteht dem Landesamt f\u00fcr Ma\u00df und Gewicht und ist somit dem Gesch\u00e4ftsbereich des Bayerischen Staatsministeriums f\u00fcr Wirtschaft, Landesentwicklung und Energie zugeordnet. Das Eichamt pr\u00fcft unter anderem Messger\u00e4te im Handel und Taxameter in der Region.<\/p>\n<p>Quelle: stmwi.bayern.de<\/p>\n","protected":false},"excerpt":{"rendered":"<p>Bamberg: Erneuerbare Energien Bayerns Wirtschafts- und Energieminister Hubert Aiwanger w\u00fcrdigte Energieprojekt am Eichamt Bamberg Aiwanger: &#8222;Am Eichamt Bamberg gehen wir mit gutem Beispiel voran und nutzen das Potenzial von Solarenergie auf staatlichen D\u00e4chern.&#8220;\u00a0 Bayerns Wirtschafts- und Energieminister Hubert Aiwanger w\u00fcrdigte das Photovoltaik-Speicher-System am Eichamt Bamberg. Der Staat muss mit gutem Beispiel vorangehen und regionale Energiequellen [&hellip;]<\/p>\n","protected":false},"author":7,"featured_media":3294,"comment_status":"closed","ping_status":"open","sticky":false,"template":"","format":"standard","meta":{"footnotes":""},"categories":[91,78,71,83],"tags":[4152],"class_list":["post-16248","post","type-post","status-publish","format-standard","has-post-thumbnail","hentry","category-bamberg-oberfranken","category-bayern","category-menue","category-oberfranken","tag-eichamt-bamberg"],"_links":{"self":[{"href":"https:\/\/www.frankensicht.de\/index.php?rest_route=\/wp\/v2\/posts\/16248","targetHints":{"allow":["GET"]}}],"collection":[{"href":"https:\/\/www.frankensicht.de\/index.php?rest_route=\/wp\/v2\/posts"}],"about":[{"href":"https:\/\/www.frankensicht.de\/index.php?rest_route=\/wp\/v2\/types\/post"}],"author":[{"embeddable":true,"href":"https:\/\/www.frankensicht.de\/index.php?rest_route=\/wp\/v2\/users\/7"}],"replies":[{"embeddable":true,"href":"https:\/\/www.frankensicht.de\/index.php?rest_route=%2Fwp%2Fv2%2Fcomments&post=16248"}],"version-history":[{"count":1,"href":"https:\/\/www.frankensicht.de\/index.php?rest_route=\/wp\/v2\/posts\/16248\/revisions"}],"predecessor-version":[{"id":16249,"href":"https:\/\/www.frankensicht.de\/index.php?rest_route=\/wp\/v2\/posts\/16248\/revisions\/16249"}],"wp:featuredmedia":[{"embeddable":true,"href":"https:\/\/www.frankensicht.de\/index.php?rest_route=\/wp\/v2\/media\/3294"}],"wp:attachment":[{"href":"https:\/\/www.frankensicht.de\/index.php?rest_route=%2Fwp%2Fv2%2Fmedia&parent=16248"}],"wp:term":[{"taxonomy":"category","embeddable":true,"href":"https:\/\/www.frankensicht.de\/index.php?rest_route=%2Fwp%2Fv2%2Fcategories&post=16248"},{"taxonomy":"post_tag","embeddable":true,"href":"https:\/\/www.frankensicht.de\/index.php?rest_route=%2Fwp%2Fv2%2Ftags&post=16248"}],"curies":[{"name":"wp","href":"https:\/\/api.w.org\/{rel}","templated":true}]}}