{"id":16064,"date":"2023-09-18T08:28:55","date_gmt":"2023-09-18T06:28:55","guid":{"rendered":"https:\/\/www.frankensicht.de\/?p=16064"},"modified":"2023-11-06T09:24:52","modified_gmt":"2023-11-06T08:24:52","slug":"regionaler-runder-tisch-energiewende-finale-der-veranstaltungsreihe-des-wirtschaftsministeriums-in-oberfranken-vorfahrt-energiezukunft-im-freistaat-wirtschaftsministerium-ist-der-dienstleister-fue","status":"publish","type":"post","link":"https:\/\/www.frankensicht.de\/?p=16064","title":{"rendered":"Regionaler Runder Tisch Energiewende &#8211; Finale der Veranstaltungsreihe des Wirtschaftsministeriums in Oberfranken -Vorfahrt Energiezukunft im Freistaat: Wirtschaftsministerium ist der Dienstleister f\u00fcr die Energiewende"},"content":{"rendered":"<p><span style=\"color: #ff0000;\">Bayreuth:<\/span><\/p>\n<p><a href=\"https:\/\/www.frankensicht.de\/?attachment_id=15391\" rel=\"attachment wp-att-15391\"><img loading=\"lazy\" decoding=\"async\" class=\"alignnone size-medium wp-image-15391\" src=\"https:\/\/www.frankensicht.de\/wp-content\/uploads\/2022\/11\/P1040775-300x225.jpg\" alt=\"\" width=\"300\" height=\"225\" srcset=\"https:\/\/www.frankensicht.de\/wp-content\/uploads\/2022\/11\/P1040775-300x225.jpg 300w, https:\/\/www.frankensicht.de\/wp-content\/uploads\/2022\/11\/P1040775-1024x768.jpg 1024w, https:\/\/www.frankensicht.de\/wp-content\/uploads\/2022\/11\/P1040775-768x576.jpg 768w, https:\/\/www.frankensicht.de\/wp-content\/uploads\/2022\/11\/P1040775-1536x1152.jpg 1536w, https:\/\/www.frankensicht.de\/wp-content\/uploads\/2022\/11\/P1040775-2048x1536.jpg 2048w\" sizes=\"auto, (max-width: 300px) 100vw, 300px\" \/><\/a><\/p>\n<p>Regionaler Runder Tisch Energiewende &#8211; Finale der Veranstaltungsreihe des Wirtschaftsministeriums in Oberfranken -Vorfahrt Energiezukunft im Freistaat: Wirtschaftsministerium ist der Dienstleister f\u00fcr die Energiewende<\/p>\n<p>Rund 80 Akteure der Energiewende trafen sich beim Regionalen Tisch Energiewende Oberfranken. Im Fokus der Veranstaltung standen zwei Themen: Die Rolle von Wasserstoff im Energiesystem der Zukunft und die Integration von Einzelprojekten im Strom- und Gasbereich in das Gesamtenergiesystem.<\/p>\n<p>Der Freistaat packt bei der Energiezukunft kr\u00e4ftig an. So sorgen im Freistaat bereits rund 830.000 Photovoltaik-Anlagen und 1.150 Windkraftanlagen f\u00fcr die Dekarbonisierung. Das Wirtschaftsministerium ist der Dienstleister der Energiewende. Wir begleiten den Industriestandort Bayern aktiv beim Strukturwandel und wissen um die St\u00e4rken der Regionen sagte Dr. Sabine Jarothe, Amtschefin im Bayerischen Wirtschaftsministerium, anl\u00e4sslich der Veranstaltung in Bayreuth. Die Bayerische Staatsregierung hat ehrgeizige Ziele. Im Bayerischen Energieplan 2030 wollen wir den Anteil im Freistaat erzeugter Erneuerbarer Energie verdoppelt haben. Das Kernelement der bayerischen Energiepolitik ist der gr\u00fcne Wasserstoff. Daher verfolgen wir schon lange eine Wasserstoffstrategie, bei der wir Innovationen, Hightechforschung und den Auf- und Ausbau der Infrastruktur gleicherma\u00dfen unterst\u00fctzen. Bei der k\u00fcnftigen Versorgung mit Wasserstoff darf es aber nicht zu einer Benachteiligung einzelner Regionen kommen. Daher fordert das Wirtschaftsministerium eine schnelle Entscheidungs- und Investitionssicherheit sowohl f\u00fcr die Netzbetreiber als auch f\u00fcr die Industrie- und Gewerbetriebe, damit sie jetzt schon vorausschauend und verl\u00e4sslich planen k\u00f6nnen. Hier muss auch die Verteilnetzebene in die Planung mit aufgenommen werden. Die vom Ministerium initiierten regionalen Tische Energiewende in allen sieben Regionen waren ein Erfolg. Denn wir erhielten viele wichtige Anregungen von den Machern der Energiewende. Ich bin \u00fcberzeugt, dass die Energiewende nur durch den konstruktiven Austausch mit den Menschen vor Ort, Kommunen, Grundbesitzer und den Netzbetreibern gelingen kann. Die Runden Tische geben hierf\u00fcr Impulse und sind eine Initialz\u00fcndung, dass wir gemeinsam die richtigen Weichen f\u00fcr die Energiezukunft des Freistaats stellen.\u00a0\u00a0 \u00a0 I<\/p>\n<p>nsgesamt gab es auf Initiative von Bayerns Wirtschafts- und Energieminister Hubert Aiwanger in allen Regierungsbezirken des Freistaates einen Regionalen Tisch Energiewende. Die Veranstaltung in Oberfranken war das Finale. Bei dieser Veranstaltungsreihe standen aktuelle Herausforderungen in den einzelnen Bezirken im Mittelpunkt, um die Energiewende zu beschleunigen.\u00a0 \u00a0 Im Mittelpunkt der Diskussionen im Landratsamt Bayreuth standen zwei Themen: Professor Dr. Oliver Mayer (Gesch\u00e4ftsf\u00fchrer BayernInnovativ) stellte die Potenziale von Wasserstoff im Energiesystem der Zukunft vor. Axel Kie\u00dfling und Ina-Isabelle Haffke (TenneT TSO GmbH) informierten \u00fcber bereits verwirklichte Einzelprojekte im Strom- und Gasbereich und wie deren Integration in ein Gesamtenergiesystem gelingen kann.<\/p>\n","protected":false},"excerpt":{"rendered":"<p>Bayreuth: Regionaler Runder Tisch Energiewende &#8211; Finale der Veranstaltungsreihe des Wirtschaftsministeriums in Oberfranken -Vorfahrt Energiezukunft im Freistaat: Wirtschaftsministerium ist der Dienstleister f\u00fcr die Energiewende Rund 80 Akteure der Energiewende trafen sich beim Regionalen Tisch Energiewende Oberfranken. Im Fokus der Veranstaltung standen zwei Themen: Die Rolle von Wasserstoff im Energiesystem der Zukunft und die Integration von [&hellip;]<\/p>\n","protected":false},"author":7,"featured_media":15391,"comment_status":"open","ping_status":"open","sticky":false,"template":"","format":"standard","meta":{"footnotes":""},"categories":[78,96,71,83],"tags":[4088],"class_list":["post-16064","post","type-post","status-publish","format-standard","has-post-thumbnail","hentry","category-bayern","category-bayreuth-oberfranken","category-menue","category-oberfranken","tag-runder-tisch-energie"],"_links":{"self":[{"href":"https:\/\/www.frankensicht.de\/index.php?rest_route=\/wp\/v2\/posts\/16064","targetHints":{"allow":["GET"]}}],"collection":[{"href":"https:\/\/www.frankensicht.de\/index.php?rest_route=\/wp\/v2\/posts"}],"about":[{"href":"https:\/\/www.frankensicht.de\/index.php?rest_route=\/wp\/v2\/types\/post"}],"author":[{"embeddable":true,"href":"https:\/\/www.frankensicht.de\/index.php?rest_route=\/wp\/v2\/users\/7"}],"replies":[{"embeddable":true,"href":"https:\/\/www.frankensicht.de\/index.php?rest_route=%2Fwp%2Fv2%2Fcomments&post=16064"}],"version-history":[{"count":1,"href":"https:\/\/www.frankensicht.de\/index.php?rest_route=\/wp\/v2\/posts\/16064\/revisions"}],"predecessor-version":[{"id":16065,"href":"https:\/\/www.frankensicht.de\/index.php?rest_route=\/wp\/v2\/posts\/16064\/revisions\/16065"}],"wp:featuredmedia":[{"embeddable":true,"href":"https:\/\/www.frankensicht.de\/index.php?rest_route=\/wp\/v2\/media\/15391"}],"wp:attachment":[{"href":"https:\/\/www.frankensicht.de\/index.php?rest_route=%2Fwp%2Fv2%2Fmedia&parent=16064"}],"wp:term":[{"taxonomy":"category","embeddable":true,"href":"https:\/\/www.frankensicht.de\/index.php?rest_route=%2Fwp%2Fv2%2Fcategories&post=16064"},{"taxonomy":"post_tag","embeddable":true,"href":"https:\/\/www.frankensicht.de\/index.php?rest_route=%2Fwp%2Fv2%2Ftags&post=16064"}],"curies":[{"name":"wp","href":"https:\/\/api.w.org\/{rel}","templated":true}]}}