{"id":16003,"date":"2023-08-21T08:10:16","date_gmt":"2023-08-21T06:10:16","guid":{"rendered":"https:\/\/www.frankensicht.de\/?p=16003"},"modified":"2023-08-21T08:10:16","modified_gmt":"2023-08-21T06:10:16","slug":"bayern-ist-spitzenreiter-bei-den-zuschlaegen-fuer-photovoltaik-freiflaechenanlagen","status":"publish","type":"post","link":"https:\/\/www.frankensicht.de\/?p=16003","title":{"rendered":"Bayern ist Spitzenreiter bei den Zuschl\u00e4gen f\u00fcr Photovoltaik-Freifl\u00e4chenanlagen"},"content":{"rendered":"<p><span style=\"color: #ff0000;\">M\u00fcnchen:<\/span><\/p>\n<p>Bayern ist Spitzenreiter bei den Zuschl\u00e4gen f\u00fcr Photovoltaik-Freifl\u00e4chenanlagen<\/p>\n<p>&nbsp;<\/p>\n<p>Aiwanger: &#8222;Bayern erh\u00e4lt mit Abstand die meisten Zuschl\u00e4ge bei Photovoltaik-Freifl\u00e4chenanlagen&#8220;<\/p>\n<p><a href=\"https:\/\/www.frankensicht.de\/?attachment_id=12585\" rel=\"attachment wp-att-12585\"><img loading=\"lazy\" decoding=\"async\" class=\"alignnone size-medium wp-image-12585\" src=\"https:\/\/www.frankensicht.de\/wp-content\/uploads\/2019\/05\/schildkroeten-300x225.jpg\" alt=\"\" width=\"300\" height=\"225\" srcset=\"https:\/\/www.frankensicht.de\/wp-content\/uploads\/2019\/05\/schildkroeten-300x225.jpg 300w, https:\/\/www.frankensicht.de\/wp-content\/uploads\/2019\/05\/schildkroeten.jpg 640w\" sizes=\"auto, (max-width: 300px) 100vw, 300px\" \/><\/a><\/p>\n<p>Die Bundesnetzagentur hat die Ergebnisse der Ausschreibung f\u00fcr Photovoltaik-Freifl\u00e4chenanlagen ver\u00f6ffentlicht. Laut dem Pr\u00e4sidenten der Bundesnetzagentur, Klaus M\u00fcller, wurden in dieser Runde so viele Gebote wie noch nie verzeichnet. 124 Gebote erhielten einen Zuschlag, davon gingen 65 nach Bayern. Bayerns Wirtschafts- und Energieminister Hubert Aiwanger: Einmal mehr best\u00e4tigen wir, dass Bayern Sonnenland ist und bleibt. Wir haben mit Abstand die meisten Zuschl\u00e4ge erhalten. Hinter den 65 Zuschl\u00e4gen steht eine Leistung von 741 Megawatt\u00a0 ein kr\u00e4ftiger Schub f\u00fcr den Ausbau erneuerbarer Energien in Bayern.&amp;ldquo; Weit abgeschlagen folgten Niedersachsen (169 Megawatt und sechs Zuschl\u00e4ge) und Mecklenburg-Vorpommern (147 Megawatt und neun Zuschl\u00e4ge). Aiwanger will die Bedingungen f\u00fcr Photovoltaik weiter verbessern: Das Solarpaket der Bundesregierung geht zwar in die richtige Richtung. Um aber wirklich das Tempo beim Solarausbau zu erh\u00f6hen, besteht Nachholbedarf. Ich fordere schon lange, dass Freifl\u00e4chen-Photovoltaik endlich f\u00fcr die Bewertung bei Erbschafts-, Schenkungs- und Grunderwerbsteuer dem land- und forstwirtschaftlichen Betriebsverm\u00f6gen zugeordnet werden. Wir m\u00fcssen alles tun, um den Ausbau erneuerbarer Energien weiter voranzutreiben. Zum 31. Dezember 2022 standen in Bayern 750.000 Photovoltaikanlagen mit rund 18,6 Gigawatt Leistung, davon etwa 6,3 Gigawatt Freifl\u00e4chenanlagen.<\/p>\n<p>Quelle: stmwi.bayern.de<\/p>\n","protected":false},"excerpt":{"rendered":"<p>M\u00fcnchen: Bayern ist Spitzenreiter bei den Zuschl\u00e4gen f\u00fcr Photovoltaik-Freifl\u00e4chenanlagen &nbsp; Aiwanger: &#8222;Bayern erh\u00e4lt mit Abstand die meisten Zuschl\u00e4ge bei Photovoltaik-Freifl\u00e4chenanlagen&#8220; Die Bundesnetzagentur hat die Ergebnisse der Ausschreibung f\u00fcr Photovoltaik-Freifl\u00e4chenanlagen ver\u00f6ffentlicht. Laut dem Pr\u00e4sidenten der Bundesnetzagentur, Klaus M\u00fcller, wurden in dieser Runde so viele Gebote wie noch nie verzeichnet. 124 Gebote erhielten einen Zuschlag, davon gingen [&hellip;]<\/p>\n","protected":false},"author":7,"featured_media":12585,"comment_status":"closed","ping_status":"open","sticky":false,"template":"","format":"standard","meta":{"footnotes":""},"categories":[78,71],"tags":[4064],"class_list":["post-16003","post","type-post","status-publish","format-standard","has-post-thumbnail","hentry","category-bayern","category-menue","tag-freiflaechenanlagen"],"_links":{"self":[{"href":"https:\/\/www.frankensicht.de\/index.php?rest_route=\/wp\/v2\/posts\/16003","targetHints":{"allow":["GET"]}}],"collection":[{"href":"https:\/\/www.frankensicht.de\/index.php?rest_route=\/wp\/v2\/posts"}],"about":[{"href":"https:\/\/www.frankensicht.de\/index.php?rest_route=\/wp\/v2\/types\/post"}],"author":[{"embeddable":true,"href":"https:\/\/www.frankensicht.de\/index.php?rest_route=\/wp\/v2\/users\/7"}],"replies":[{"embeddable":true,"href":"https:\/\/www.frankensicht.de\/index.php?rest_route=%2Fwp%2Fv2%2Fcomments&post=16003"}],"version-history":[{"count":1,"href":"https:\/\/www.frankensicht.de\/index.php?rest_route=\/wp\/v2\/posts\/16003\/revisions"}],"predecessor-version":[{"id":16004,"href":"https:\/\/www.frankensicht.de\/index.php?rest_route=\/wp\/v2\/posts\/16003\/revisions\/16004"}],"wp:featuredmedia":[{"embeddable":true,"href":"https:\/\/www.frankensicht.de\/index.php?rest_route=\/wp\/v2\/media\/12585"}],"wp:attachment":[{"href":"https:\/\/www.frankensicht.de\/index.php?rest_route=%2Fwp%2Fv2%2Fmedia&parent=16003"}],"wp:term":[{"taxonomy":"category","embeddable":true,"href":"https:\/\/www.frankensicht.de\/index.php?rest_route=%2Fwp%2Fv2%2Fcategories&post=16003"},{"taxonomy":"post_tag","embeddable":true,"href":"https:\/\/www.frankensicht.de\/index.php?rest_route=%2Fwp%2Fv2%2Ftags&post=16003"}],"curies":[{"name":"wp","href":"https:\/\/api.w.org\/{rel}","templated":true}]}}