{"id":1600,"date":"2012-05-16T15:04:26","date_gmt":"2012-05-16T13:04:26","guid":{"rendered":"http:\/\/www.frankensicht.de\/?p=1600"},"modified":"2012-05-16T15:04:26","modified_gmt":"2012-05-16T13:04:26","slug":"langzeitforschungsprojekt-zur-sicherheit-von-nanomaterialien-gestartet","status":"publish","type":"post","link":"https:\/\/www.frankensicht.de\/?p=1600","title":{"rendered":"Langzeitforschungsprojekt zur Sicherheit von Nanomaterialien gestartet"},"content":{"rendered":"<p><span style=\"color: #ff0000;\">Berlin:<\/span><\/p>\n<p>\u2022 Bundesumweltministerium, Bundesanstalt f\u00fcr Arbeitsschutz und Arbeitsmedizin und BASF erforschen gemeinsam Langzeiteffekte von Nanopartikeln<br \/>\n\u2022 Rund 5 Millionen Euro Forschungsvolumen<br \/>\n\u2022 Deutschland ist Vorreiter in der Nano-Sicherheitsforschung<\/p>\n<p>Das Bundesministerium f\u00fcr Umwelt, Naturschutz und Reaktorsicherheit (BMU), die Bundesanstalt f\u00fcr Arbeitsschutz und Arbeitsmedizin (BAuA) und die BASF SE haben ein gemeinsames Projekt zur Sicherheitsforschung gestartet. In Langzeitstudien sollen m\u00f6gliche Langzeiteffekte von Nanopartikeln in der Lunge untersucht werden. Bundesumweltminister Dr. Norbert R\u00f6ttgen begr\u00fc\u00dft diese einzigartige Forschungskooperation: \u201eMit dem umfangreichen Projekt nimmt Deutschland nicht nur weltweit eine F\u00fchrungsrolle in der Sicherheitsforschung bei Nanomaterialien ein. Diese vertrauensvolle Zusammenarbeit zwischen Ministerium, Bundesoberbeh\u00f6rden und der Industrie ist auch beispielgebend und in dem Umfang bisher einzigartig\u201d. Die Studien sind auf vier Jahre ausgelegt und richten sich nach den Pr\u00fcfvorgaben der OECD (Organisation for Economic Co-operation and Development). Insgesamt werden f\u00fcr das Projekt rund f\u00fcnf Millionen Euro aufgewendet.<\/p>\n<p>\u201eBisher existieren in diesem Umfang keine vergleichbaren Langzeitstudien \u00fcber die Auswirkungen von Nanomaterialien. Als Unternehmen m\u00f6chten wir die enormen Chancen der Nanotechnologie nutzen. Daher ist es auch unsere Aufgabe, offene Fragen zu kl\u00e4ren und Wissensl\u00fccken zu schlie\u00dfen. So k\u00f6nnen wir die Verantwortung f\u00fcr unser Handeln und gegen\u00fcber der Gesellschaft \u00fcbernehmen\u201d, erkl\u00e4rt Dr. Andreas Kreimeyer, Mitglied des Vorstands und Sprecher der Forschung der BASF. Das Chemieunternehmen verf\u00fcgt \u00fcber langj\u00e4hrige Erfahrung auf dem Gebiet der Nanosicherheitsforschung und international anerkannte wissenschaftliche Expertise. Bei dem Projekt f\u00fchrt die BASF die Inhalationsstudien durch. Die Schirmherrschaft und Gesamtkoordination des Projektes liegt beim BMU. Die Detailkoordination und anschlie\u00dfende Bewertung der Ergebnisse \u00fcbernehmen dann die BAuA, das Umweltbundesamt (UBA) und das Bundesinstitut f\u00fcr Risikobewertung (BfR) als unabh\u00e4ngige Fachbeh\u00f6rden. Ein externer Beraterkreis aus hochrangigen, international renommierten, unabh\u00e4ngigen Wissenschaftlern begleitet die Untersuchungen wissenschaftlich.<\/p>\n<p>Ziel der Studie ist es, fundierte Aussagen \u00fcber die Langzeitwirkung verschiedener wichtiger Nanomaterialien treffen zu k\u00f6nnen. Ein besonderer Fokus liegt dabei auf der Untersuchung von Wirkungen im Bereich niedriger Belastungen, die f\u00fcr den Arbeitsplatz und die Umwelt eine gro\u00dfe Bedeutung haben. \u201eMit der Studie werden erstmals chronische Wirkungen von Nanomaterialien im Niedrigdosisbereich ermittelt. Auf dieser Basis ist es m\u00f6glich, Risiken abzusch\u00e4tzen und Grenzwerte abzuleiten. Damit bringen wir den Gesundheits- und Umweltschutz ein gro\u00dfes St\u00fcck voran\u201d, sagt Isabel Rothe, Pr\u00e4sidentin der Bundesanstalt f\u00fcr Arbeitsschutz und Arbeitsmedizin.<\/p>\n<p>Quelle: bmu.de<\/p>\n<p><a href=\"https:\/\/www.frankensicht.de\/?attachment_id=1601\" rel=\"attachment wp-att-1601\"><img loading=\"lazy\" decoding=\"async\" class=\"alignnone size-medium wp-image-1601\" title=\"nano\" src=\"https:\/\/www.frankensicht.de\/wp-content\/uploads\/2012\/05\/nano-300x187.jpg\" alt=\"\" width=\"300\" height=\"187\" srcset=\"https:\/\/www.frankensicht.de\/wp-content\/uploads\/2012\/05\/nano-300x187.jpg 300w, https:\/\/www.frankensicht.de\/wp-content\/uploads\/2012\/05\/nano.jpg 640w\" sizes=\"auto, (max-width: 300px) 100vw, 300px\" \/><\/a><\/p>\n","protected":false},"excerpt":{"rendered":"<p>Berlin: \u2022 Bundesumweltministerium, Bundesanstalt f\u00fcr Arbeitsschutz und Arbeitsmedizin und BASF erforschen gemeinsam Langzeiteffekte von Nanopartikeln \u2022 Rund 5 Millionen Euro Forschungsvolumen \u2022 Deutschland ist Vorreiter in der Nano-Sicherheitsforschung Das Bundesministerium f\u00fcr Umwelt, Naturschutz und Reaktorsicherheit (BMU), die Bundesanstalt f\u00fcr Arbeitsschutz und Arbeitsmedizin (BAuA) und die BASF SE haben ein gemeinsames Projekt zur Sicherheitsforschung gestartet. In [&hellip;]<\/p>\n","protected":false},"author":7,"featured_media":1601,"comment_status":"open","ping_status":"open","sticky":false,"template":"","format":"standard","meta":{"footnotes":""},"categories":[3,334],"tags":[403],"class_list":["post-1600","post","type-post","status-publish","format-standard","has-post-thumbnail","hentry","category-news","category-wissenschaft","tag-nanoteichen"],"_links":{"self":[{"href":"https:\/\/www.frankensicht.de\/index.php?rest_route=\/wp\/v2\/posts\/1600","targetHints":{"allow":["GET"]}}],"collection":[{"href":"https:\/\/www.frankensicht.de\/index.php?rest_route=\/wp\/v2\/posts"}],"about":[{"href":"https:\/\/www.frankensicht.de\/index.php?rest_route=\/wp\/v2\/types\/post"}],"author":[{"embeddable":true,"href":"https:\/\/www.frankensicht.de\/index.php?rest_route=\/wp\/v2\/users\/7"}],"replies":[{"embeddable":true,"href":"https:\/\/www.frankensicht.de\/index.php?rest_route=%2Fwp%2Fv2%2Fcomments&post=1600"}],"version-history":[{"count":0,"href":"https:\/\/www.frankensicht.de\/index.php?rest_route=\/wp\/v2\/posts\/1600\/revisions"}],"wp:featuredmedia":[{"embeddable":true,"href":"https:\/\/www.frankensicht.de\/index.php?rest_route=\/wp\/v2\/media\/1601"}],"wp:attachment":[{"href":"https:\/\/www.frankensicht.de\/index.php?rest_route=%2Fwp%2Fv2%2Fmedia&parent=1600"}],"wp:term":[{"taxonomy":"category","embeddable":true,"href":"https:\/\/www.frankensicht.de\/index.php?rest_route=%2Fwp%2Fv2%2Fcategories&post=1600"},{"taxonomy":"post_tag","embeddable":true,"href":"https:\/\/www.frankensicht.de\/index.php?rest_route=%2Fwp%2Fv2%2Ftags&post=1600"}],"curies":[{"name":"wp","href":"https:\/\/api.w.org\/{rel}","templated":true}]}}