{"id":15989,"date":"2023-08-13T08:58:26","date_gmt":"2023-08-13T06:58:26","guid":{"rendered":"https:\/\/www.frankensicht.de\/?p=15989"},"modified":"2023-08-13T08:58:26","modified_gmt":"2023-08-13T06:58:26","slug":"tourismus-und-gastgewerbe-in-bayern-ziehen-eine-positive-halbjahresbilanz","status":"publish","type":"post","link":"https:\/\/www.frankensicht.de\/?p=15989","title":{"rendered":"\u00a0Tourismus und Gastgewerbe in Bayern ziehen eine positive Halbjahresbilanz."},"content":{"rendered":"<p><span style=\"color: #ff0000;\">M\u00fcnchen:<\/span><\/p>\n<p>Tourismus und Gastgewerbe in Bayern ziehen eine positive Halbjahresbilanz.<\/p>\n<p><a href=\"https:\/\/www.frankensicht.de\/?attachment_id=8182\" rel=\"attachment wp-att-8182\"><img loading=\"lazy\" decoding=\"async\" class=\"alignnone size-medium wp-image-8182\" src=\"https:\/\/www.frankensicht.de\/wp-content\/uploads\/2015\/02\/bamberg10-300x225.jpg\" alt=\"\" width=\"300\" height=\"225\" srcset=\"https:\/\/www.frankensicht.de\/wp-content\/uploads\/2015\/02\/bamberg10-300x225.jpg 300w, https:\/\/www.frankensicht.de\/wp-content\/uploads\/2015\/02\/bamberg10.jpg 640w\" sizes=\"auto, (max-width: 300px) 100vw, 300px\" \/><\/a><\/p>\n<p>Wie das Bayerische Landesamt f\u00fcr Statistik heute meldet, gab es in den ersten sechs Monaten des Jahres 27,1 Prozent mehr G\u00e4steank\u00fcnfte und 17,9 Prozent mehr \u00dcbernachtungen im Vergleich zum Vorjahreszeitraum. Rund 80 Prozent aller Ank\u00fcnfte und \u00dcbernachtungen gehen auf das Konto deutscher Besucher. Dazu Wirtschaftsminister Hubert Aiwanger: &#8222;Die vielen deutschen G\u00e4ste zeigen: Die Destination Bayern ist und bleibt bundesweit beliebt. Und Urlaub im Freistaat ist gelebter Klimaschutz. Wer aus anderen Bundesl\u00e4ndern oder dem nahen Ausland nach Bayern kommt, muss nicht f\u00fcr zehntausende Kilometer rund um den Globus in den Flieger steigen.&#8220; \u00a0 Wie das Landesamt f\u00fcr Statistik ebenfalls berichtet, sind auch die Ums\u00e4tze im Gastgewerbe und der Beherbergung im ersten Halbjahr gestiegen. Das Gastgewerbe verzeichnete im ersten Halbjahr 2023 ein Umsatzwachstum von nominal 22,7 Prozent und preisbereinigt von 12,2 Prozent. In der Beherbergung sind die Ums\u00e4tze nominal um 26,5 Prozent bzw. real um 16,6 Prozent gestiegen. Aiwanger: &#8222;Dieses Wachstum darf nicht \u00fcber die angespannte Lage bei den Wirten hinwegt\u00e4uschen. Wegen der gestiegenen Kosten ist die Ertragslage schlecht. Finanzminister Lindner muss jetzt die Fortf\u00fchrung der 7 Prozent Mehrwertsteuer ab Januar 2024 f\u00fcr die Gastronomie verk\u00fcnden, nicht erst nach der November-Steuersch\u00e4tzung. Wenn das Essen im Gasthaus bei der aktuellen Inflation noch teurer wird, bleiben viele G\u00e4ste aus. Wie sieht die n\u00e4chste Steuersch\u00e4tzung aus, wenn deshalb tausende Lokale zusperren mussten?&#8220;<\/p>\n<p>Quelle:stmwi.bayern.de<\/p>\n","protected":false},"excerpt":{"rendered":"<p>M\u00fcnchen: Tourismus und Gastgewerbe in Bayern ziehen eine positive Halbjahresbilanz. Wie das Bayerische Landesamt f\u00fcr Statistik heute meldet, gab es in den ersten sechs Monaten des Jahres 27,1 Prozent mehr G\u00e4steank\u00fcnfte und 17,9 Prozent mehr \u00dcbernachtungen im Vergleich zum Vorjahreszeitraum. Rund 80 Prozent aller Ank\u00fcnfte und \u00dcbernachtungen gehen auf das Konto deutscher Besucher. Dazu Wirtschaftsminister [&hellip;]<\/p>\n","protected":false},"author":7,"featured_media":3294,"comment_status":"closed","ping_status":"open","sticky":false,"template":"","format":"standard","meta":{"footnotes":""},"categories":[78,71],"tags":[4057],"class_list":["post-15989","post","type-post","status-publish","format-standard","has-post-thumbnail","hentry","category-bayern","category-menue","tag-gastgewerbe-bayern"],"_links":{"self":[{"href":"https:\/\/www.frankensicht.de\/index.php?rest_route=\/wp\/v2\/posts\/15989","targetHints":{"allow":["GET"]}}],"collection":[{"href":"https:\/\/www.frankensicht.de\/index.php?rest_route=\/wp\/v2\/posts"}],"about":[{"href":"https:\/\/www.frankensicht.de\/index.php?rest_route=\/wp\/v2\/types\/post"}],"author":[{"embeddable":true,"href":"https:\/\/www.frankensicht.de\/index.php?rest_route=\/wp\/v2\/users\/7"}],"replies":[{"embeddable":true,"href":"https:\/\/www.frankensicht.de\/index.php?rest_route=%2Fwp%2Fv2%2Fcomments&post=15989"}],"version-history":[{"count":1,"href":"https:\/\/www.frankensicht.de\/index.php?rest_route=\/wp\/v2\/posts\/15989\/revisions"}],"predecessor-version":[{"id":15990,"href":"https:\/\/www.frankensicht.de\/index.php?rest_route=\/wp\/v2\/posts\/15989\/revisions\/15990"}],"wp:featuredmedia":[{"embeddable":true,"href":"https:\/\/www.frankensicht.de\/index.php?rest_route=\/wp\/v2\/media\/3294"}],"wp:attachment":[{"href":"https:\/\/www.frankensicht.de\/index.php?rest_route=%2Fwp%2Fv2%2Fmedia&parent=15989"}],"wp:term":[{"taxonomy":"category","embeddable":true,"href":"https:\/\/www.frankensicht.de\/index.php?rest_route=%2Fwp%2Fv2%2Fcategories&post=15989"},{"taxonomy":"post_tag","embeddable":true,"href":"https:\/\/www.frankensicht.de\/index.php?rest_route=%2Fwp%2Fv2%2Ftags&post=15989"}],"curies":[{"name":"wp","href":"https:\/\/api.w.org\/{rel}","templated":true}]}}