{"id":15987,"date":"2023-08-12T08:36:37","date_gmt":"2023-08-12T06:36:37","guid":{"rendered":"https:\/\/www.frankensicht.de\/?p=15987"},"modified":"2023-08-12T08:36:37","modified_gmt":"2023-08-12T06:36:37","slug":"bundeskabinett-beschliesst-wirtschaftsplan-des-klima-und-transformationsfonds-ktf-wichtiger-schub-fuer-investitionen-in-zukunftstechnologien-und-klimaschutz","status":"publish","type":"post","link":"https:\/\/www.frankensicht.de\/?p=15987","title":{"rendered":"Bundeskabinett beschlie\u00dft Wirtschaftsplan des Klima- und Transformationsfonds (KTF) Wichtiger Schub f\u00fcr Investitionen in Zukunftstechnologien und Klimaschutz"},"content":{"rendered":"<p><span style=\"color: #ff0000;\">Berlin:<\/span><\/p>\n<p>Bundeskabinett beschlie\u00dft Wirtschaftsplan des Klima- und Transformationsfonds (KTF)<br \/>\nWichtiger Schub f\u00fcr Investitionen in Zukunftstechnologien und Klimaschutz<\/p>\n<p><a href=\"https:\/\/www.frankensicht.de\/?attachment_id=14430\" rel=\"attachment wp-att-14430\"><img loading=\"lazy\" decoding=\"async\" class=\"alignnone size-medium wp-image-14430\" src=\"https:\/\/www.frankensicht.de\/wp-content\/uploads\/2021\/06\/P1020542-300x225.jpg\" alt=\"\" width=\"300\" height=\"225\" srcset=\"https:\/\/www.frankensicht.de\/wp-content\/uploads\/2021\/06\/P1020542-300x225.jpg 300w, https:\/\/www.frankensicht.de\/wp-content\/uploads\/2021\/06\/P1020542.jpg 640w\" sizes=\"auto, (max-width: 300px) 100vw, 300px\" \/><\/a><\/p>\n<p>Das Bundeskabinett hat heute die federf\u00fchrend vom Bundesfinanzministerium eingebrachte Vorlage f\u00fcr<br \/>\nden Regierungsentwurf f\u00fcr den Wirtschaftsplan des Sonderverm\u00f6gens Klima- und Transformationsfonds<br \/>\n(KTF) f\u00fcr das Jahr 2024 sowie die Finanzplanung bis 2027 beschlossen.<br \/>\nDie Programmausgaben im Wirtschaftsplan 2024 belaufen sich auf 57,6 Mrd. \u20ac. Davon entfallen 47,4<br \/>\nMrd. \u20ac auf Programme des Bundesministeriums f\u00fcr Wirtschaft und Klimaschutz (BMWK). F\u00fcr die Jahre<br \/>\n2024 bis 2027 plant die Bundesregierung \u00fcber den KTF&#8211;Klima- und Transformationsfonds Investitionen<br \/>\nin H\u00f6he von insgesamt 211,8 Mrd. \u20ac. Damit leistet der KTF&#8211;Klima- und Transformationsfonds<br \/>\nweiterhin einen zentralen Beitrag zur Erreichung der energie- und klimapolitischen Ziele<br \/>\nDeutschlands, zur Entwicklung und Ansiedlung von Zukunftstechnologien und damit zur Transformation<br \/>\nhin zu einer nachhaltigen und klimaneutralen Volkswirtschaft.<br \/>\nDie Ausgabenschwerpunkte des BMWK im KTF&#8211;Klima- und Transformationsfonds-Wirtschaftsplan belegen<br \/>\ndiese Zielrichtung und geben einen wichtigen Schub f\u00fcr Investitionen in Zukunftstechnologien, den<br \/>\nAufbau von Produktionskapazit\u00e4ten und den Klimaschutz.<\/p>\n<p>Konkret handelt es sich um folgende Aufgabenschwerpunkte \u2013 jeweils bezogen auf das Jahr 2024: die<br \/>\nF\u00f6rderung f\u00fcr effiziente Geb\u00e4ude inklusive der sozialen Abfederung des neuen Geb\u00e4udeenergiegesetzes<br \/>\n(rund 18,8 Mrd. \u20ac), die Finanzierung des EEG (rund 12,6 Mrd. \u20ac), Transformationsprogramme im<br \/>\nBereich der Mikroelektronik, des Aufbaus von Produktionskapazit\u00e4ten f\u00fcr Transformationstechnologien<br \/>\nund Rohstoffe (rund 4,1 Mrd. \u20ac), den Hochlauf der Wasserstoffwirtschaft inklusive der<br \/>\nWasserstoffstrategie Au\u00dfenwirtschaft (u.a. H2Global) und die Dekarbonisierung der Industrie (rund<br \/>\n3,7 Mrd. \u20ac), die Strompreiskompensation zur Entlastung der Unternehmen von den Kosten durch den<br \/>\nEU-Emissionshandel (rund 2,6 Mrd. \u20ac), die F\u00f6rderung der Elektromobilit\u00e4t im BMWK inklusive der<br \/>\nBatteriezellfertigung (rund 1,6 Mrd. \u20ac), die Energieeffizienz in Industrie und Gewerbe (rund 850<br \/>\nMio. \u20ac) und die Transformation der W\u00e4rmenetze (rund 800 Mio. \u20ac).<br \/>\nBei der Mikroelektronik wird die bisher auf unterschiedliche Titel des Bundeshaushalts verteilte<br \/>\nFinanzierung nunmehr zentral im KTF&#8211;Klima- und Transformationsfonds geb\u00fcndelt. Damit wird k\u00fcnftig<br \/>\ndie Komponente Transformation Deutschlands hin zu einer nachhaltigen und klimaneutralen<br \/>\nVolkswirtschaft im KTF&#8211;Klima- und Transformationsfonds verst\u00e4rkt, und es wird sichergestellt, dass<br \/>\ndiese Schl\u00fcsseltechnologie nach Deutschland kommt. Die Mikroelektronik ist Hebel sowie<br \/>\nunverzichtbare Grundlage f\u00fcr das Gelingen wichtiger Transformationsprozesse. Halbleiterprodukte<br \/>\nstellen eine essentielle Komponente und einen Multiplikator f\u00fcr die Wertsch\u00f6pfung in nahezu jeder<br \/>\nwirtschaftlichen T\u00e4tigkeit in Deutschland und Europa dar.<br \/>\nAuch f\u00fcr andere wichtige Transformationstechnologien \u2013 z.B. die Herstellung von Solaranlagen \u2013 soll<br \/>\nk\u00fcnftig \u00f6fter gelten \u201eMade in Germany\u201c. Daher f\u00f6rdern wir aus dem KTF&#8211;Klima- und<br \/>\nTransformationsfonds k\u00fcnftig auch Investitionen zur Ansiedlung entsprechender<br \/>\nProduktionskapazit\u00e4ten.<br \/>\nDer Entwurf des Wirtschaftsplans wird nun zusammen mit dem Entwurf des Bundeshaushalts dem<br \/>\nBundestag f\u00fcr das parlamentarische Verfahren zugeleitet.<br \/>\nDer Klima- und Transformationsfonds liegt als Sonderverm\u00f6gen in der federf\u00fchrenden Zust\u00e4ndigkeit<br \/>\ndes Bundesfinanzministeriums. Die Mittelbewirtschaftung liegt zum Gro\u00dfteil in der Zust\u00e4ndigkeit des<br \/>\nBundesministeriums f\u00fcr Wirtschaft und Klimaschutz.<\/p>\n<p>https:\/\/www.bmwk.de\/Redaktion\/DE\/Pressemitteilungen\/2023\/08\/20230809-bundeskabinett-beschliesst-wirtschaftsplan-des-ktf.html<\/p>\n<p>Quelle: abo-bmwi.de<\/p>\n","protected":false},"excerpt":{"rendered":"<p>Berlin: Bundeskabinett beschlie\u00dft Wirtschaftsplan des Klima- und Transformationsfonds (KTF) Wichtiger Schub f\u00fcr Investitionen in Zukunftstechnologien und Klimaschutz Das Bundeskabinett hat heute die federf\u00fchrend vom Bundesfinanzministerium eingebrachte Vorlage f\u00fcr den Regierungsentwurf f\u00fcr den Wirtschaftsplan des Sonderverm\u00f6gens Klima- und Transformationsfonds (KTF) f\u00fcr das Jahr 2024 sowie die Finanzplanung bis 2027 beschlossen. Die Programmausgaben im Wirtschaftsplan 2024 belaufen [&hellip;]<\/p>\n","protected":false},"author":7,"featured_media":14430,"comment_status":"closed","ping_status":"open","sticky":false,"template":"","format":"standard","meta":{"footnotes":""},"categories":[44,3],"tags":[4056],"class_list":["post-15987","post","type-post","status-publish","format-standard","has-post-thumbnail","hentry","category-deutschland-2","category-news","tag-transformationsfonds"],"_links":{"self":[{"href":"https:\/\/www.frankensicht.de\/index.php?rest_route=\/wp\/v2\/posts\/15987","targetHints":{"allow":["GET"]}}],"collection":[{"href":"https:\/\/www.frankensicht.de\/index.php?rest_route=\/wp\/v2\/posts"}],"about":[{"href":"https:\/\/www.frankensicht.de\/index.php?rest_route=\/wp\/v2\/types\/post"}],"author":[{"embeddable":true,"href":"https:\/\/www.frankensicht.de\/index.php?rest_route=\/wp\/v2\/users\/7"}],"replies":[{"embeddable":true,"href":"https:\/\/www.frankensicht.de\/index.php?rest_route=%2Fwp%2Fv2%2Fcomments&post=15987"}],"version-history":[{"count":1,"href":"https:\/\/www.frankensicht.de\/index.php?rest_route=\/wp\/v2\/posts\/15987\/revisions"}],"predecessor-version":[{"id":15988,"href":"https:\/\/www.frankensicht.de\/index.php?rest_route=\/wp\/v2\/posts\/15987\/revisions\/15988"}],"wp:featuredmedia":[{"embeddable":true,"href":"https:\/\/www.frankensicht.de\/index.php?rest_route=\/wp\/v2\/media\/14430"}],"wp:attachment":[{"href":"https:\/\/www.frankensicht.de\/index.php?rest_route=%2Fwp%2Fv2%2Fmedia&parent=15987"}],"wp:term":[{"taxonomy":"category","embeddable":true,"href":"https:\/\/www.frankensicht.de\/index.php?rest_route=%2Fwp%2Fv2%2Fcategories&post=15987"},{"taxonomy":"post_tag","embeddable":true,"href":"https:\/\/www.frankensicht.de\/index.php?rest_route=%2Fwp%2Fv2%2Ftags&post=15987"}],"curies":[{"name":"wp","href":"https:\/\/api.w.org\/{rel}","templated":true}]}}