{"id":15979,"date":"2023-08-09T08:36:16","date_gmt":"2023-08-09T06:36:16","guid":{"rendered":"https:\/\/www.frankensicht.de\/?p=15979"},"modified":"2023-08-09T08:36:16","modified_gmt":"2023-08-09T06:36:16","slug":"mit-rekordgeschwindigkeit-auf-dem-weg-zum-staatstheater-gemeinsames-eckpunktepapier-zur-weiterentwicklung-des-theaters-regensburg-unterzeichnet","status":"publish","type":"post","link":"https:\/\/www.frankensicht.de\/?p=15979","title":{"rendered":"\u201eMit Rekordgeschwindigkeit auf dem Weg zum Staatstheater!\u201c Gemeinsames Eckpunktepapier zur Weiterentwicklung des Theaters Regensburg unterzeichnet"},"content":{"rendered":"<p><span style=\"color: #ff0000;\">Regensburg:<\/span><\/p>\n<p>\u201eMit Rekordgeschwindigkeit auf dem Weg zum Staatstheater!\u201c Gemeinsames Eckpunktepapier zur Weiterentwicklung des Theaters Regensburg unterzeichnet<\/p>\n<p>Kunst- und Wissenschaftsminister Markus Blume und Oberb\u00fcrgermeisterin Gertrud Maltz-Schwarzfischer unterzeichnen Eckpunktepapier zur Weiterentwicklung des Theaters Regensburg hin zum Staatstheater \u2013 zuk\u00fcnftig sieben bayerische Staatstheater<\/p>\n<p><a href=\"https:\/\/www.frankensicht.de\/?attachment_id=12570\" rel=\"attachment wp-att-12570\"><img loading=\"lazy\" decoding=\"async\" class=\"alignnone size-medium wp-image-12570\" src=\"https:\/\/www.frankensicht.de\/wp-content\/uploads\/2019\/05\/schildkroete-300x225.jpg\" alt=\"\" width=\"300\" height=\"225\" srcset=\"https:\/\/www.frankensicht.de\/wp-content\/uploads\/2019\/05\/schildkroete-300x225.jpg 300w, https:\/\/www.frankensicht.de\/wp-content\/uploads\/2019\/05\/schildkroete.jpg 640w\" sizes=\"auto, (max-width: 300px) 100vw, 300px\" \/><\/a><\/p>\n<p>Auf einem Pressetermin informierten heute Kunst- und Wissenschaftsminister Markus Blume, Finanz- und Heimatminister Albert F\u00fcracker und Oberb\u00fcrgermeisterin Gertrud Maltz-Schwarzfischer im Kurf\u00fcrstenzimmer des Alten Rathauses Regensburg \u00fcber die Weiterentwicklung des Theaters Regensburg hin zum Staatstheater. Kunst- und Wissenschaftsminister Blume und Oberb\u00fcrgermeisterin Maltz-Schwarzfischer unterzeichneten zudem ein Eckpunktepapier zu den weiteren Entwicklungsschritten.\u00a0 Kunst- und Wissenschaftsminister Markus Blume betonte: \u201eMit Rekordgeschwindigkeit auf dem Weg zum Staatstheater! Im April hie\u00df es \u201aVorhang auf\u2018 f\u00fcr den ersten Akt und nun legen wir mit dem Eckpunktepapier bereits die weiteren Schritte fest. Nach dem Auftakt 2023 folgen in den kommenden beiden Jahren bereits die n\u00e4chsten Akte: Wir heben die staatliche F\u00f6rderquote in drei Aufz\u00fcgen sukzessive bis zur parit\u00e4tischen Finanzierung zwischen Staat und Stadt an. Ab der Spielzeit 2025\/2026 ist es dann endlich so weit: Die Urauff\u00fchrung des Erfolgsst\u00fcckes \u201aStaatstheater Regensburg\u2018 kann erfolgen. Ich freue mich auf die Premiere!\u201c<\/p>\n<p>Finanz- und Heimatminister Albert F\u00fcracker sagte: \u201eDas neue Staatstheater Regensburg ist das einzige Staatstheater in Ostbayern und steht damit auf einer Ebene mit gro\u00dfen Staatstheatern zum Beispiel in M\u00fcnchen oder N\u00fcrnberg. Regensburg ist bereits heute ein kultureller Leuchtturm in Bayern \u2013 diese Position wird durch das neue Staatstheater gefestigt und ausgebaut.\u00a0 Es bedeutet einen gro\u00dfen Gewinn f\u00fcr das kulturelle Leben in Regensburg und der ganzen Oberpfalz. Der Freistaat zeigt so nicht nur sein klares Bekenntnis zur F\u00f6rderung von Kunst und Kultur, sondern leistet auch einen wichtigen Beitrag f\u00fcr gleichwertige Lebensbedingungen in ganz Bayern. Ich w\u00fcnsche dem neuen Staatstheater schon jetzt viele spannendende und inspirierende Auff\u00fchrungen und nat\u00fcrlich viele begeisterte Besucherinnen und Besucher.\u201c<\/p>\n<p>Oberb\u00fcrgermeisterin Gertrud Maltz-Schwarzfischer dazu: \u201eEnde April haben wir die offizielle Nachricht des Freistaates erhalten, dass unser Theater Staatstheater wird. Diese Auszeichnung wird die k\u00fcnstlerische Qualit\u00e4t befl\u00fcgeln und die \u00fcberregionale Bedeutung unseres Theaters weiter st\u00e4rken. Ich freue ich mich sehr dar\u00fcber, dass wir heute das gemeinsame Eckpunktepapier dazu unterschreiben k\u00f6nnen\u201c.<\/p>\n<p>Intendant Sebastian Ritschel und Kaufm\u00e4nnischer Direktor Dr. Matthias Schloderer: \u201eDas Theater Regensburg hat in den vergangenen Jahren Gro\u00dfartiges geleistet. Wir freuen uns mit dem gesamten Haus, dass wir mit der Saison 2025\/26 in den Kreis der Staatstheater aufgenommen werden und auf Basis einer gesicherten finanziellen Ausstattung die Qualit\u00e4t und Strahlkraft f\u00fcr Ostbayern weiter ausbauen d\u00fcrfen.\u201c<\/p>\n<p>Das Theater Regensburg \u2013 Bayerns gr\u00f6\u00dftes kommunales Mehrspartenhaus mit eigenen Ensembles f\u00fcr Musiktheater, Schauspiel, Tanz und Junges Theater sowie mit eigenem Philharmonischen Orchester und Opernchor \u2013 soll in einem mehrj\u00e4hrigen Prozess schrittweise in ein Staatstheater \u00fcberf\u00fchrt werden. Mit dem gemeinsamen Eckpunktepapier legen Staat und Stadt nun die n\u00e4chsten Schritte fest und formulieren als Ziel den weiteren Ausbau der k\u00fcnstlerischen Qualit\u00e4t des Theaters Regensburg und damit die St\u00e4rkung dessen \u00fcberregionaler Bedeutung in der Region, in Bayern und deutschlandweit. Vorgesehen ist die sukzessive Anhebung der staatlichen F\u00f6rderquote in den kommenden Jahren: So soll im Jahr 2023 die staatliche F\u00f6rderquote zun\u00e4chst auf 35 Prozent des Theaterbetriebsfehlbetrags angehoben werden. In den n\u00e4chsten Jahren ist ein weiterer stufenweiser Aufwuchs bis hin zur parit\u00e4tischen Finanzierung durch Freistaat und Stadt Regensburg vorgesehen. Das Theater Regensburg wird sodann mit Eintritt der parit\u00e4tischen Finanzierung, welche f\u00fcr die Spielzeit 2025\/2026 angestrebt wird, in \u201eStaatstheater Regensburg\u201c umbenannt.<\/p>\n<p>Zuk\u00fcnftig sieben Staatstheater in Bayern<\/p>\n<p>Bayerische Staatstheater sind derzeit die traditionellen M\u00fcnchner H\u00e4user \u2013 Bayerische Staatsoper, Bayerisches Staatsschauspiel (Residenztheater) und das Staatstheater am G\u00e4rtnerplatz \u2013 sowie die Staatstheater N\u00fcrnberg und Augsburg.\u00a0 Der Prozess zur Entwicklung des Mainfrankentheaters W\u00fcrzburg zu einem Staatstheater wurde 2019 in Gang gesetzt. Mit dem k\u00fcnftigen Staatstheater Regensburg wird die bayerische Staatstheaterlandschaft um einen strahlkr\u00e4ftigen Leuchtturm f\u00fcr Ostbayern bereichert.<\/p>\n<p>Quelle: stmwk.bayern.de<\/p>\n","protected":false},"excerpt":{"rendered":"<p>Regensburg: \u201eMit Rekordgeschwindigkeit auf dem Weg zum Staatstheater!\u201c Gemeinsames Eckpunktepapier zur Weiterentwicklung des Theaters Regensburg unterzeichnet Kunst- und Wissenschaftsminister Markus Blume und Oberb\u00fcrgermeisterin Gertrud Maltz-Schwarzfischer unterzeichnen Eckpunktepapier zur Weiterentwicklung des Theaters Regensburg hin zum Staatstheater \u2013 zuk\u00fcnftig sieben bayerische Staatstheater Auf einem Pressetermin informierten heute Kunst- und Wissenschaftsminister Markus Blume, Finanz- und Heimatminister Albert F\u00fcracker [&hellip;]<\/p>\n","protected":false},"author":7,"featured_media":12585,"comment_status":"closed","ping_status":"open","sticky":false,"template":"","format":"standard","meta":{"footnotes":""},"categories":[78,71],"tags":[4053],"class_list":["post-15979","post","type-post","status-publish","format-standard","has-post-thumbnail","hentry","category-bayern","category-menue","tag-theater-regensburg"],"_links":{"self":[{"href":"https:\/\/www.frankensicht.de\/index.php?rest_route=\/wp\/v2\/posts\/15979","targetHints":{"allow":["GET"]}}],"collection":[{"href":"https:\/\/www.frankensicht.de\/index.php?rest_route=\/wp\/v2\/posts"}],"about":[{"href":"https:\/\/www.frankensicht.de\/index.php?rest_route=\/wp\/v2\/types\/post"}],"author":[{"embeddable":true,"href":"https:\/\/www.frankensicht.de\/index.php?rest_route=\/wp\/v2\/users\/7"}],"replies":[{"embeddable":true,"href":"https:\/\/www.frankensicht.de\/index.php?rest_route=%2Fwp%2Fv2%2Fcomments&post=15979"}],"version-history":[{"count":1,"href":"https:\/\/www.frankensicht.de\/index.php?rest_route=\/wp\/v2\/posts\/15979\/revisions"}],"predecessor-version":[{"id":15980,"href":"https:\/\/www.frankensicht.de\/index.php?rest_route=\/wp\/v2\/posts\/15979\/revisions\/15980"}],"wp:featuredmedia":[{"embeddable":true,"href":"https:\/\/www.frankensicht.de\/index.php?rest_route=\/wp\/v2\/media\/12585"}],"wp:attachment":[{"href":"https:\/\/www.frankensicht.de\/index.php?rest_route=%2Fwp%2Fv2%2Fmedia&parent=15979"}],"wp:term":[{"taxonomy":"category","embeddable":true,"href":"https:\/\/www.frankensicht.de\/index.php?rest_route=%2Fwp%2Fv2%2Fcategories&post=15979"},{"taxonomy":"post_tag","embeddable":true,"href":"https:\/\/www.frankensicht.de\/index.php?rest_route=%2Fwp%2Fv2%2Ftags&post=15979"}],"curies":[{"name":"wp","href":"https:\/\/api.w.org\/{rel}","templated":true}]}}