{"id":15760,"date":"2023-05-04T08:48:25","date_gmt":"2023-05-04T06:48:25","guid":{"rendered":"https:\/\/www.frankensicht.de\/?p=15760"},"modified":"2023-05-04T08:52:32","modified_gmt":"2023-05-04T06:52:32","slug":"legal-revolution-als-fuehrende-kongressmesse-fuer-recht-und-compliance-erstmals-in-nuernberg","status":"publish","type":"post","link":"https:\/\/www.frankensicht.de\/?p=15760","title":{"rendered":"LEGAL REVOLUTION als f\u00fchrende Kongressmesse f\u00fcr Recht und Compliance erstmals in N\u00fcrnberg"},"content":{"rendered":"<p><span style=\"color: #ff0000;\">M\u00fcnchen &#8211; N\u00fcrnberg:<\/span><\/p>\n<p>Justizminister Eisenreich:<br \/>\n&#8222;Es freut mich sehr, dass die LEGAL REVOLUTION als f\u00fchrende Kongressmesse<br \/>\nf\u00fcr Recht und Compliance erstmals in N\u00fcrnberg stattfindet.&#8220;<\/p>\n<p><a href=\"https:\/\/www.frankensicht.de\/?attachment_id=11259\" rel=\"attachment wp-att-11259\"><img loading=\"lazy\" decoding=\"async\" class=\"alignnone size-medium wp-image-11259\" src=\"https:\/\/www.frankensicht.de\/wp-content\/uploads\/2017\/12\/computer1-300x225.jpeg\" alt=\"\" width=\"300\" height=\"225\" srcset=\"https:\/\/www.frankensicht.de\/wp-content\/uploads\/2017\/12\/computer1-300x225.jpeg 300w, https:\/\/www.frankensicht.de\/wp-content\/uploads\/2017\/12\/computer1.jpeg 430w\" sizes=\"auto, (max-width: 300px) 100vw, 300px\" \/><\/a><\/p>\n<p>Legal Tech und der Einsatz moderner<br \/>\nInformationstechnologien im Rechts- und Wirtschaftsleben ver\u00e4ndern<br \/>\ndie Berufswelt der Juristinnen und Juristen. Bayerns Justizminister<br \/>\nGeorg Eisenreich: &#8222;Die fortschreitende Digitalisierung stellt<br \/>\ndas Recht vor neue Herausforderungen. Legal Tech schafft neue M\u00f6glichkeiten<br \/>\nsowohl zur Automatisierung von Abl\u00e4ufen als auch zur Sachbearbeitung<br \/>\nund\u00a0Rechtsberatung. Deshalb treiben wir die Digitaloffensive der bayerischen<br \/>\nJustiz weiter voran.&#8220; Heute (3. Mai)<br \/>\ntauschen sich mehr als 1.200 Expertinnen und Experten aus der Rechts- und<br \/>\nIT-Branche auf der LEGAL REVOLUTION in N\u00fcrnberg zu Recht und Compliance<br \/>\naus. Im Mittelpunkt stehen innovative Dienstleistungen und Softwarel\u00f6sungen<br \/>\nzur Erh\u00f6hung der Qualit\u00e4t der Rechtsberatung und zur Steigerung<br \/>\nder Effizienz von Rechtsabteilungen, Compliance-Abteilungen und Wirtschaftskanzleien.<br \/>\nJustizminister Georg Eisenreich hat die Messe mit einer Keynote er\u00f6ffnet.<br \/>\nEisenreich: &#8222;Es freut mich sehr, dass die LEGAL REVOLUTION<br \/>\nals f\u00fchrende Kongressmesse f\u00fcr Recht und Compliance erstmals<br \/>\nin N\u00fcrnberg stattfindet.&#8220; Hintergrund<br \/>\nzur Digitaloffensive der bayerischen Justiz:<br \/>\nElektronischer Rechtsverkehr:<br \/>\nDer elektronische Rechtsverkehr ist bei allen bayerischen Gerichten eingef\u00fchrt.<br \/>\nVideoverhandlungen:<br \/>\nZudem haben seit Juli 2021 alle 99 ordentlichen Gerichte in Bayern<br \/>\nZugang zu einer Videokonferenzanlage. Daneben setzt die Justiz<br \/>\nauf ein Videokonferenz-Tool, das bayernweit freigegeben wurde. Eisenreich:<br \/>\n&#8222;Allein im Jahr 2022 gab es mehr als 12.000 Videoverhandlungen und<br \/>\n-anh\u00f6rungen im Freistaat.&#8220; Einf\u00fchrung<br \/>\nder E-Akte: Bis 2026 muss die elektronische Akte deutschlandweit<br \/>\neingef\u00fchrt sein. In Bayern m\u00fcssen 127 Standorte mit etwa 14.000<br \/>\nArbeitspl\u00e4tzen mit der E-Akte ausgestattet werden. Die Regeleinf\u00fchrung<br \/>\nder E-Akte an den Landgerichten in Zivilsachen erster Instanz und an den<br \/>\nOberlandesgerichten in Zivilsachen ist abgeschlossen. An den Amtsgerichten<br \/>\nl\u00e4uft die Regeleinf\u00fchrung. Bis heute wurden bereits \u00fcber<br \/>\n206.000 Verfahren rein elektronisch gef\u00fchrt. Start-up-Gr\u00fcndung: Auf Initiative<br \/>\ndes Justizministers hat die bayerische Justiz 2022 gemeinsam mit der UnternehmerTUM<br \/>\ndas &#8222;Legal Tech Colab&#8220; ins Leben gerufen &amp;ndash;<br \/>\neinen Inkubator und Accelerator f\u00fcr Start-ups im Legal-Tech-Bereich.<br \/>\nEisenreich: &#8222;Wir wollen ein f\u00fchrender Legal<br \/>\nTech Hub werden.&#8220; Aufbau<br \/>\neines Think Tanks: Im M\u00e4rz 2018 wurde die &#8222;Denkfabrik<br \/>\nLegal Tech&#8220; gegr\u00fcndet, die etwa 250 Juristen und IT-Experten<br \/>\naus Justiz, Wirtschaft, Anwaltschaft und Forschung vernetzt. Ziel ist es,<br \/>\ndie Kenntnisse \u00fcber Einsatzm\u00f6glichkeiten moderner Legal-IT-Tools<br \/>\nzu vertiefen. Minister Eisenreich richtete zudem f\u00fcr strategische<br \/>\nAufgaben im Oktober 2019 die &#8222;Stabsstelle<br \/>\nLegal Tech&#8220; ein. Neues<br \/>\nBerufsfeld f\u00fcr Referendarinnen und Referendare: Ab Juli 2023<br \/>\nk\u00f6nnen sie in Bayern das neue Berufsfeld &#8222;IT-Recht und Legal<br \/>\nTech&#8220; w\u00e4hlen. Eisenreich: &#8222;Durch das neue<br \/>\nBerufsfeld k\u00f6nnen Referendarinnen und Referendare wertvolle Zusatzkompetenzen<br \/>\nerwerben.&#8220; Neues<br \/>\nDeep-Tech-Tool: Die bayerische Justiz entwickelt gemeinsam mit<br \/>\nSpitzenforschern aus den Niederlanden den &#8222;Dark Web Monitor&#8220;<br \/>\n&amp;ndash; eine Art Suchmaschine f\u00fcr das Darknet. Im<br \/>\nJuni 2022 stiegen auch Wiener Blockchain-Spezialisten in das Projekt ein.<br \/>\nMit dem Analyse-Tool GraphSense k\u00f6nnen die Ermittler<br \/>\njetzt besser der Spur des Geldes folgen, wenn z. B. f\u00fcr Kinderpornografie<br \/>\nmit Bitcoins bezahlt wird. Forschungs-<br \/>\nund Pilotprojekte: Auf Initiative von Justizminister Eisenreich<br \/>\nhat die bayerische Justiz eine Reihe von Legal-Tech-Projekten auf den Weg<br \/>\ngebracht, z. B. zum Umgang mit Massenverfahren und zur Anonymisierung von<br \/>\nUrteilen.<\/p>\n<p>Quelle : stmj.bayern.de<\/p>\n","protected":false},"excerpt":{"rendered":"<p>M\u00fcnchen &#8211; N\u00fcrnberg: Justizminister Eisenreich: &#8222;Es freut mich sehr, dass die LEGAL REVOLUTION als f\u00fchrende Kongressmesse f\u00fcr Recht und Compliance erstmals in N\u00fcrnberg stattfindet.&#8220; Legal Tech und der Einsatz moderner Informationstechnologien im Rechts- und Wirtschaftsleben ver\u00e4ndern die Berufswelt der Juristinnen und Juristen. Bayerns Justizminister Georg Eisenreich: &#8222;Die fortschreitende Digitalisierung stellt das Recht vor neue Herausforderungen. [&hellip;]<\/p>\n","protected":false},"author":7,"featured_media":11259,"comment_status":"closed","ping_status":"open","sticky":false,"template":"","format":"standard","meta":{"footnotes":""},"categories":[78,71,85,100],"tags":[3967],"class_list":["post-15760","post","type-post","status-publish","format-standard","has-post-thumbnail","hentry","category-bayern","category-menue","category-mittelfranken","category-nurnberg-mittelfranken","tag-kegal-revolution"],"_links":{"self":[{"href":"https:\/\/www.frankensicht.de\/index.php?rest_route=\/wp\/v2\/posts\/15760","targetHints":{"allow":["GET"]}}],"collection":[{"href":"https:\/\/www.frankensicht.de\/index.php?rest_route=\/wp\/v2\/posts"}],"about":[{"href":"https:\/\/www.frankensicht.de\/index.php?rest_route=\/wp\/v2\/types\/post"}],"author":[{"embeddable":true,"href":"https:\/\/www.frankensicht.de\/index.php?rest_route=\/wp\/v2\/users\/7"}],"replies":[{"embeddable":true,"href":"https:\/\/www.frankensicht.de\/index.php?rest_route=%2Fwp%2Fv2%2Fcomments&post=15760"}],"version-history":[{"count":2,"href":"https:\/\/www.frankensicht.de\/index.php?rest_route=\/wp\/v2\/posts\/15760\/revisions"}],"predecessor-version":[{"id":15762,"href":"https:\/\/www.frankensicht.de\/index.php?rest_route=\/wp\/v2\/posts\/15760\/revisions\/15762"}],"wp:featuredmedia":[{"embeddable":true,"href":"https:\/\/www.frankensicht.de\/index.php?rest_route=\/wp\/v2\/media\/11259"}],"wp:attachment":[{"href":"https:\/\/www.frankensicht.de\/index.php?rest_route=%2Fwp%2Fv2%2Fmedia&parent=15760"}],"wp:term":[{"taxonomy":"category","embeddable":true,"href":"https:\/\/www.frankensicht.de\/index.php?rest_route=%2Fwp%2Fv2%2Fcategories&post=15760"},{"taxonomy":"post_tag","embeddable":true,"href":"https:\/\/www.frankensicht.de\/index.php?rest_route=%2Fwp%2Fv2%2Ftags&post=15760"}],"curies":[{"name":"wp","href":"https:\/\/api.w.org\/{rel}","templated":true}]}}