{"id":15614,"date":"2023-03-03T08:45:15","date_gmt":"2023-03-03T07:45:15","guid":{"rendered":"https:\/\/www.frankensicht.de\/?p=15614"},"modified":"2023-03-03T08:45:15","modified_gmt":"2023-03-03T07:45:15","slug":"wirtschaftspolitik-staatssekretaer-begruesst-neue-partner-im-technologie-hub-fuer-die-bayerische-sicherheits-und-verteidigungsindustrie","status":"publish","type":"post","link":"https:\/\/www.frankensicht.de\/?p=15614","title":{"rendered":"Wirtschaftspolitik Staatssekret\u00e4r begr\u00fc\u00dft neue Partner im Technologie-Hub f\u00fcr die bayerische Sicherheits- und Verteidigungsindustrie"},"content":{"rendered":"<p><span style=\"color: #ff0000;\">M\u00fcnchen &#8211; N\u00fcrnberg:<\/span><\/p>\n<p>Wirtschaftspolitik Staatssekret\u00e4r begr\u00fc\u00dft neue Partner im Technologie-Hub f\u00fcr die bayerische Sicherheits-<br \/>\nund Verteidigungsindustrie Weigert: &#8222;Wir st\u00e4rken Bayerns<br \/>\nPosition als f\u00fchrender Wehrtechnikstandort&#8220;<\/p>\n<p>Bayerns Wirtschaftsstaatssekret\u00e4r Roland Weigert trifft die<br \/>\nPartner des neu gegr\u00fcndeten Technologie-Hubs f\u00fcr die bayerische Sicherheits-<br \/>\nund Verteidigungsindustrie am Rande der Branchenmesse Enforce Tac in N\u00fcrnberg.<\/p>\n<p>Der Technologie-Hub f\u00fcr die bayerische Sicherheits- und Verteidigungsindustrie<br \/>\nkommt in der Branche gut an. Bereits \u00fcber 20 Partner haben sich der<br \/>\nInitiative von Wirtschaftsstaatssekret\u00e4r Roland Weigert angeschlossen.<br \/>\nDas Zentrum ist bei der Innovations- und Wissenstransferagentur Bayern<br \/>\nInnovativ angegliedert.<br \/>\nWeigert: Die neuen Partner sind f\u00fcr<br \/>\nunser junges Branchen- und Technologienetzwerk eine gro\u00dfe Bereicherung.<br \/>\nInzwischen haben sich schon \u00fcber 20 Unternehmen und Institutionen<br \/>\nunserer deutschlandweit einzigartigen Initiative angeschlossen. Gemeinsam<br \/>\nst\u00e4rken wir Bayerns Position als f\u00fchrender Wehrtechnikstandort.<br \/>\nDaf\u00fcr investieren wir allein in diesem Jahr eine halbe Million Euro.<\/p>\n<p><a href=\"https:\/\/www.frankensicht.de\/?attachment_id=7610\" rel=\"attachment wp-att-7610\"><img loading=\"lazy\" decoding=\"async\" class=\"alignnone size-medium wp-image-7610\" src=\"https:\/\/www.frankensicht.de\/wp-content\/uploads\/2014\/09\/bayern-300x180.png\" alt=\"\" width=\"300\" height=\"180\" srcset=\"https:\/\/www.frankensicht.de\/wp-content\/uploads\/2014\/09\/bayern-300x180.png 300w, https:\/\/www.frankensicht.de\/wp-content\/uploads\/2014\/09\/bayern.png 1000w\" sizes=\"auto, (max-width: 300px) 100vw, 300px\" \/><\/a><\/p>\n<p>Mit der Gr\u00fcndung des Technologie-Hubs setze die bayerische Staatsregierung<br \/>\nihre konsequente Unterst\u00fctzung der Branche fort, betonte der Staatssekret\u00e4r<br \/>\nbei einem Netzwerktreffen am Rande der Branchenmesse Enforce Tac: Wir<br \/>\nwissen um die strategische und technologische Bedeutung unserer Sicherheits-<br \/>\nund Verteidigungsindustrie. Die Unternehmen stehen f\u00fcr eine hohe Industriekompetenz<br \/>\nund Innovationsdynamik. Beides ist f\u00fcr den Hightech-Standort Bayern<br \/>\nunverzichtbar.\u00a0 Weigert richtete in diesem Zusammenhang erneut<br \/>\neinen Appell an die Bundesregierung, die heimische Branche bei den \u00fcberf\u00e4lligen<br \/>\nBeschaffungen f\u00fcr die Bundeswehr angemessen zu ber\u00fccksichtigen.<br \/>\nSeit Bundeskanzler Olaf Scholz vor einem Jahr die Zeitenwende f\u00fcr<br \/>\ndie Bundeswehr ausgerufen hat, ist so gut wie nichts Konkretes passiert.<br \/>\nW\u00e4hrend das Ausland die Spitzentechnologie der bayerischen Wehrtechnikunternehmen<br \/>\nsch\u00e4tzt und umfangreich bestellt, fehlen die Auftr\u00e4ge aus dem<br \/>\n100 Milliarden Euro schweren Sonderverm\u00f6gen. Viele bayerische Unternehmen<br \/>\nsind trotzdem in Vorleistung gegangen. Sie k\u00f6nnten die Bundeswehr<br \/>\nmit ihren Produkten jetzt schnell ert\u00fcchtigen. Stattdessen erleben<br \/>\nwir weiter Berliner Mangelwirtschaft und Milit\u00e4rb\u00fcrokratie.<br \/>\nDie<br \/>\nfehlgeleitete Politik der Berliner Ampel werde auch beim geplanten R\u00fcstungsexportkontrollgesetz<br \/>\noffensichtlich, konstatierte Staatssekret\u00e4r Weigert: Die Pl\u00e4ne<br \/>\naus dem Bundeswirtschaftsministerium gef\u00e4hrden die internationale<br \/>\nWettbewerbsf\u00e4higkeit der deutschen Sicherheits- und Verteidigungsindustrie.<br \/>\nStatt die Unternehmen durch einen nationalen Sonderweg unverh\u00e4ltnism\u00e4\u00dfig<br \/>\nzu belasten, brauchen wir eine Harmonisierung der Regelungen auf EU-Ebene.<\/p>\n<p>Quelle: stmwi.bayern.de<\/p>\n","protected":false},"excerpt":{"rendered":"<p>M\u00fcnchen &#8211; N\u00fcrnberg: Wirtschaftspolitik Staatssekret\u00e4r begr\u00fc\u00dft neue Partner im Technologie-Hub f\u00fcr die bayerische Sicherheits- und Verteidigungsindustrie Weigert: &#8222;Wir st\u00e4rken Bayerns Position als f\u00fchrender Wehrtechnikstandort&#8220; Bayerns Wirtschaftsstaatssekret\u00e4r Roland Weigert trifft die Partner des neu gegr\u00fcndeten Technologie-Hubs f\u00fcr die bayerische Sicherheits- und Verteidigungsindustrie am Rande der Branchenmesse Enforce Tac in N\u00fcrnberg. Der Technologie-Hub f\u00fcr die bayerische Sicherheits- [&hellip;]<\/p>\n","protected":false},"author":7,"featured_media":7610,"comment_status":"closed","ping_status":"open","sticky":false,"template":"","format":"standard","meta":{"footnotes":""},"categories":[78,71,85,100],"tags":[3914],"class_list":["post-15614","post","type-post","status-publish","format-standard","has-post-thumbnail","hentry","category-bayern","category-menue","category-mittelfranken","category-nurnberg-mittelfranken","tag-technologie-hubs"],"_links":{"self":[{"href":"https:\/\/www.frankensicht.de\/index.php?rest_route=\/wp\/v2\/posts\/15614","targetHints":{"allow":["GET"]}}],"collection":[{"href":"https:\/\/www.frankensicht.de\/index.php?rest_route=\/wp\/v2\/posts"}],"about":[{"href":"https:\/\/www.frankensicht.de\/index.php?rest_route=\/wp\/v2\/types\/post"}],"author":[{"embeddable":true,"href":"https:\/\/www.frankensicht.de\/index.php?rest_route=\/wp\/v2\/users\/7"}],"replies":[{"embeddable":true,"href":"https:\/\/www.frankensicht.de\/index.php?rest_route=%2Fwp%2Fv2%2Fcomments&post=15614"}],"version-history":[{"count":1,"href":"https:\/\/www.frankensicht.de\/index.php?rest_route=\/wp\/v2\/posts\/15614\/revisions"}],"predecessor-version":[{"id":15615,"href":"https:\/\/www.frankensicht.de\/index.php?rest_route=\/wp\/v2\/posts\/15614\/revisions\/15615"}],"wp:featuredmedia":[{"embeddable":true,"href":"https:\/\/www.frankensicht.de\/index.php?rest_route=\/wp\/v2\/media\/7610"}],"wp:attachment":[{"href":"https:\/\/www.frankensicht.de\/index.php?rest_route=%2Fwp%2Fv2%2Fmedia&parent=15614"}],"wp:term":[{"taxonomy":"category","embeddable":true,"href":"https:\/\/www.frankensicht.de\/index.php?rest_route=%2Fwp%2Fv2%2Fcategories&post=15614"},{"taxonomy":"post_tag","embeddable":true,"href":"https:\/\/www.frankensicht.de\/index.php?rest_route=%2Fwp%2Fv2%2Ftags&post=15614"}],"curies":[{"name":"wp","href":"https:\/\/api.w.org\/{rel}","templated":true}]}}