{"id":1560,"date":"2012-05-15T16:18:47","date_gmt":"2012-05-15T14:18:47","guid":{"rendered":"http:\/\/www.frankensicht.de\/?p=1560"},"modified":"2012-05-15T16:18:47","modified_gmt":"2012-05-15T14:18:47","slug":"3-181-asylantrage-im-april-2012","status":"publish","type":"post","link":"https:\/\/www.frankensicht.de\/?p=1560","title":{"rendered":"3.181 Asylantr\u00e4ge im April 2012"},"content":{"rendered":"<p><span style=\"color: #ff0000;\">Berlin:<\/span><\/p>\n<p>Im April 2012 wurden beim Bundesamt f\u00fcr Migration und Fl\u00fcchtlinge 3.181 Asylerstantr\u00e4ge gestellt. Die Zahl der Asylbewerber sank im Vergleich zum Vormonat um 421 Personen (-11,7 Prozent).<\/p>\n<p class=\"MsoBodyTextIndent\">Im Vergleich zum Vorjahresmonat April 2011 stieg die Zahl der Asylbewerber um 222 Personen (7,5\u00a0Prozent).<\/p>\n<p class=\"MsoBodyTextIndent\">1.008 Personen erhielten im April 2012 die Rechtsstellung eines Fl\u00fcchtlings nach der Genfer Konvention (21,5 Prozent aller Asylentscheidungen), darunter 431 syrische Asylbewerber. Zudem erhielten 1.268 Personen (27,0 Prozent) sogenannten \u201esubsidi\u00e4ren Schutz\u201c (Abschiebungsverbote gem\u00e4\u00df \u00a7 60 <abbr title=\"Absatz\">Abs.<\/abbr> 2, 3, 5 und 7 Aufenthaltsgesetz), darunter 968 syrische Asylbewerber.<\/p>\n<p class=\"MsoBodyTextIndent\">Die Zahlen im Einzelnen:<\/p>\n<p class=\"MsoBodyTextIndent\"><strong>I. Aktueller Monat<\/strong><\/p>\n<p class=\"MsoNormal\">Beim Bundesamt f\u00fcr Migration und Fl\u00fcchtlinge haben im April 2012 3.181\u00a0Personen (Vormonat 3.602 Personen) Asyl beantragt. Damit ist die Zahl der Asylbewerber gegen\u00fcber dem Vormonat um 421<\/p>\n<p>(-11,7\u00a0Prozent) gesunken und gegen\u00fcber dem Vorjahresmonat um 222 (7,5 Prozent) gestiegen.<\/p>\n<p class=\"MsoNormal\">Hauptherkunftsl\u00e4nder im <strong>April 2012<\/strong> waren:<\/p>\n<p class=\"center MsoNormal\">Zum Vergleich<\/p>\n<table class=\"MsoNormalTable\">\n<colgroup>\n<col width=\"15%\" \/>\n<col width=\"40%\" \/>\n<col width=\"15%\" \/>\n<col width=\"15%\" \/>\n<col width=\"15%\" \/><\/colgroup>\n<thead>\n<tr>\n<th class=\"left\" rowspan=\"1\" colspan=\"1\"><abbr title=\"Nummer\">Nr.<\/abbr><\/th>\n<th class=\"left\" rowspan=\"1\" colspan=\"1\">Land<\/th>\n<th rowspan=\"1\" colspan=\"1\">Februar<\/th>\n<th rowspan=\"1\" colspan=\"1\">M\u00e4rz<\/th>\n<th rowspan=\"1\" colspan=\"1\">April<\/th>\n<\/tr>\n<\/thead>\n<tbody>\n<tr>\n<td class=\"MsoNormal\" rowspan=\"1\" colspan=\"1\" valign=\"top\">\u00a01.<\/td>\n<td rowspan=\"1\" colspan=\"1\" valign=\"top\">Afghanistan<\/td>\n<td rowspan=\"1\" colspan=\"1\" valign=\"top\">579<\/td>\n<td rowspan=\"1\" colspan=\"1\" valign=\"top\">628<\/td>\n<td rowspan=\"1\" colspan=\"1\" valign=\"top\">496<\/td>\n<\/tr>\n<tr>\n<td class=\"MsoNormal\" rowspan=\"1\" colspan=\"1\" valign=\"top\">\u00a02.<\/td>\n<td rowspan=\"1\" colspan=\"1\" valign=\"top\">Iran<\/td>\n<td rowspan=\"1\" colspan=\"1\" valign=\"top\">306<\/td>\n<td rowspan=\"1\" colspan=\"1\" valign=\"top\">224<\/td>\n<td rowspan=\"1\" colspan=\"1\" valign=\"top\">356<\/td>\n<\/tr>\n<tr>\n<td class=\"MsoNormal\" rowspan=\"1\" colspan=\"1\" valign=\"top\">\u00a03.<\/td>\n<td rowspan=\"1\" colspan=\"1\" valign=\"top\">Irak<\/td>\n<td rowspan=\"1\" colspan=\"1\" valign=\"top\">416<\/td>\n<td rowspan=\"1\" colspan=\"1\" valign=\"top\">385<\/td>\n<td rowspan=\"1\" colspan=\"1\" valign=\"top\">289<\/td>\n<\/tr>\n<tr>\n<td class=\"MsoNormal\" rowspan=\"1\" colspan=\"1\" valign=\"top\">\u00a04.<\/td>\n<td rowspan=\"1\" colspan=\"1\" valign=\"top\">Syrien<\/td>\n<td rowspan=\"1\" colspan=\"1\" valign=\"top\">233<\/td>\n<td rowspan=\"1\" colspan=\"1\" valign=\"top\">165<\/td>\n<td rowspan=\"1\" colspan=\"1\" valign=\"top\">241<\/td>\n<\/tr>\n<tr>\n<td class=\"MsoNormal\" rowspan=\"1\" colspan=\"1\" valign=\"top\">\u00a05.<\/td>\n<td rowspan=\"1\" colspan=\"1\" valign=\"top\">Pakistan<\/td>\n<td rowspan=\"1\" colspan=\"1\" valign=\"top\">230<\/td>\n<td rowspan=\"1\" colspan=\"1\" valign=\"top\">240<\/td>\n<td rowspan=\"1\" colspan=\"1\" valign=\"top\">197<\/td>\n<\/tr>\n<tr>\n<td class=\"MsoNormal\" rowspan=\"1\" colspan=\"1\" valign=\"top\">\u00a06.<\/td>\n<td rowspan=\"1\" colspan=\"1\" valign=\"top\">Serbien<\/td>\n<td rowspan=\"1\" colspan=\"1\" valign=\"top\">399<\/td>\n<td rowspan=\"1\" colspan=\"1\" valign=\"top\">308<\/td>\n<td rowspan=\"1\" colspan=\"1\" valign=\"top\">148<\/td>\n<\/tr>\n<tr>\n<td class=\"MsoNormal\" rowspan=\"1\" colspan=\"1\" valign=\"top\">\u00a07.<\/td>\n<td rowspan=\"1\" colspan=\"1\" valign=\"top\">T\u00fcrkei<\/td>\n<td rowspan=\"1\" colspan=\"1\" valign=\"top\">123<\/td>\n<td rowspan=\"1\" colspan=\"1\" valign=\"top\">128<\/td>\n<td rowspan=\"1\" colspan=\"1\" valign=\"top\">118<\/td>\n<\/tr>\n<tr>\n<td class=\"MsoNormal\" rowspan=\"1\" colspan=\"1\" valign=\"top\">\u00a08.<\/td>\n<td rowspan=\"1\" colspan=\"1\" valign=\"top\">Mazedonien<\/td>\n<td rowspan=\"1\" colspan=\"1\" valign=\"top\">127<\/td>\n<td rowspan=\"1\" colspan=\"1\" valign=\"top\">87<\/td>\n<td rowspan=\"1\" colspan=\"1\" valign=\"top\">110<\/td>\n<\/tr>\n<tr>\n<td class=\"MsoNormal\" rowspan=\"1\" colspan=\"1\" valign=\"top\">\u00a09.<\/td>\n<td rowspan=\"1\" colspan=\"1\" valign=\"top\">Russ. F\u00f6d.<\/td>\n<td rowspan=\"1\" colspan=\"1\" valign=\"top\">137<\/td>\n<td rowspan=\"1\" colspan=\"1\" valign=\"top\">162<\/td>\n<td rowspan=\"1\" colspan=\"1\" valign=\"top\">110<\/td>\n<\/tr>\n<tr>\n<td class=\"MsoNormal\" rowspan=\"1\" colspan=\"1\" valign=\"top\">10.<\/td>\n<td rowspan=\"1\" colspan=\"1\" valign=\"top\">Somalia<\/td>\n<td rowspan=\"1\" colspan=\"1\" valign=\"top\">58<\/td>\n<td rowspan=\"1\" colspan=\"1\" valign=\"top\">91<\/td>\n<td rowspan=\"1\" colspan=\"1\" valign=\"top\">108<\/td>\n<\/tr>\n<\/tbody>\n<\/table>\n<p class=\"MsoNormal\">Neben den 3.181 Erstantr\u00e4gen wurden im April 2012 beim Bundesamt f\u00fcr Migration und Fl\u00fcchtlinge 772 Folgeantr\u00e4ge gestellt.<\/p>\n<p class=\"MsoNormal\">Im April 2012 hat das Bundesamt \u00fcber die Antr\u00e4ge von 4.691\u00a0Personen (Vormonat: 4.482) entschieden.<\/p>\n<p class=\"MsoNormal\">Insgesamt 1.008 Personen (21,5 Prozent) wurde die Rechtsstellung eines Fl\u00fcchtlings nach dem Abkommen \u00fcber die Rechtsstellung der Fl\u00fcchtlinge vom 28.\u00a0Juli\u00a01951 (Genfer Fl\u00fcchtlingskonvention) zuerkannt. Darunter waren 62 Personen (1,3 Prozent), die als Asylberechtigte nach <abbr title=\"Artikel\">Art.<\/abbr> 16a des Grundgesetzes anerkannt wurden, sowie 946 Personen (20,2 Prozent), die Fl\u00fcchtlingsschutz nach \u00a7\u00a03 des Asylverfahrensgesetzes <abbr title=\"in Verbindung mit\">i. V. m.<\/abbr> \u00a7\u00a060 <abbr title=\"Absatz\">Abs.<\/abbr> 1 des Aufenthaltsgesetzes erhielten.<\/p>\n<p class=\"MsoNormal\">Dar\u00fcber hinaus hat das Bundesamt im April 2012 bei 1.268 Personen (27,0\u00a0Prozent) Abschiebungsverbote gem\u00e4\u00df \u00a7\u00a060 <abbr title=\"Absatz\">Abs.<\/abbr> 2, 3, 5 und 7 des Aufenthaltsgesetzes (<abbr title=\"sogenannte\">sog.<\/abbr> subsidi\u00e4rer Schutz) festgestellt.<\/p>\n<p class=\"MsoNormal\">Abgelehnt wurden die Antr\u00e4ge von 1.593 Personen (34,0 Prozent). Anderweitig erledigt (<abbr title=\"zum Beispiel\">z.B.<\/abbr> durch Verfahrenseinstellungen wegen R\u00fccknahme des Asylantrages) wurden die Antr\u00e4ge von 822\u00a0Personen (17,5 Prozent).<\/p>\n<p class=\"MsoNormal\"><strong>II. Laufendes Jahr<\/strong><\/p>\n<p class=\"MsoNormal\">F\u00fcr den Zeitraum Januar bis April 2012 ergeben sich folgende Zahlen:<\/p>\n<p class=\"MsoNormal\">In der Zeit von Januar bis April 2012 haben insgesamt 15.482 Personen in Deutschland Asyl beantragt. Gegen\u00fcber dem Vergleichszeitraum im Vorjahr (13.868\u00a0Personen) bedeutet dies eine Erh\u00f6hung um 1.614 Personen<\/p>\n<p>(11,6\u00a0Prozent).<\/p>\n<p class=\"MsoNormal\">Die Hauptherkunftsl\u00e4nder in der Zeit von <strong>Januar bis April 2012<\/strong>:<\/p>\n<table class=\"MsoNormalTable\">\n<colgroup>\n<col width=\"15%\" \/>\n<col width=\"50%\" \/>\n<col width=\"35%\" \/><\/colgroup>\n<tbody>\n<tr>\n<td class=\"MsoNormal\" rowspan=\"1\" colspan=\"1\" valign=\"top\">\u00a01.<\/td>\n<td rowspan=\"1\" colspan=\"1\" valign=\"top\">Afghanistan<\/td>\n<td rowspan=\"1\" colspan=\"1\" valign=\"top\">2.404<\/td>\n<\/tr>\n<tr>\n<td class=\"MsoNormal\" rowspan=\"1\" colspan=\"1\" valign=\"top\">\u00a02.<\/td>\n<td rowspan=\"1\" colspan=\"1\" valign=\"top\">Irak<\/td>\n<td rowspan=\"1\" colspan=\"1\" valign=\"top\">1.701<\/td>\n<\/tr>\n<tr>\n<td class=\"MsoNormal\" rowspan=\"1\" colspan=\"1\" valign=\"top\">\u00a03.<\/td>\n<td rowspan=\"1\" colspan=\"1\" valign=\"top\">Serbien<\/td>\n<td rowspan=\"1\" colspan=\"1\" valign=\"top\">1.562<\/td>\n<\/tr>\n<tr>\n<td class=\"MsoNormal\" rowspan=\"1\" colspan=\"1\" valign=\"top\">\u00a04.<\/td>\n<td rowspan=\"1\" colspan=\"1\" valign=\"top\">Iran<\/td>\n<td rowspan=\"1\" colspan=\"1\" valign=\"top\">1.221<\/td>\n<\/tr>\n<tr>\n<td class=\"MsoNormal\" rowspan=\"1\" colspan=\"1\" valign=\"top\">\u00a05.<\/td>\n<td rowspan=\"1\" colspan=\"1\" valign=\"top\">Pakistan<\/td>\n<td rowspan=\"1\" colspan=\"1\" valign=\"top\">1.038<\/td>\n<\/tr>\n<tr>\n<td class=\"MsoNormal\" rowspan=\"1\" colspan=\"1\" valign=\"top\">\u00a06.<\/td>\n<td rowspan=\"1\" colspan=\"1\" valign=\"top\">Syrien<\/td>\n<td rowspan=\"1\" colspan=\"1\" valign=\"top\">850<\/td>\n<\/tr>\n<tr>\n<td class=\"MsoNormal\" rowspan=\"1\" colspan=\"1\" valign=\"top\">\u00a07.<\/td>\n<td rowspan=\"1\" colspan=\"1\" valign=\"top\">Russ. F\u00f6d.<\/td>\n<td rowspan=\"1\" colspan=\"1\" valign=\"top\">608<\/td>\n<\/tr>\n<tr>\n<td class=\"MsoNormal\" rowspan=\"1\" colspan=\"1\" valign=\"top\">\u00a08.<\/td>\n<td rowspan=\"1\" colspan=\"1\" valign=\"top\">T\u00fcrkei<\/td>\n<td rowspan=\"1\" colspan=\"1\" valign=\"top\">496<\/td>\n<\/tr>\n<tr>\n<td class=\"MsoNormal\" rowspan=\"1\" colspan=\"1\" valign=\"top\">\u00a09.<\/td>\n<td rowspan=\"1\" colspan=\"1\" valign=\"top\">Mazedonien<\/td>\n<td rowspan=\"1\" colspan=\"1\" valign=\"top\">478<\/td>\n<\/tr>\n<tr>\n<td class=\"MsoNormal\" rowspan=\"1\" colspan=\"1\" valign=\"top\">10.<\/td>\n<td rowspan=\"1\" colspan=\"1\" valign=\"top\">Kosovo<\/td>\n<td rowspan=\"1\" colspan=\"1\" valign=\"top\">457<\/td>\n<\/tr>\n<\/tbody>\n<\/table>\n<p class=\"MsoNormal\">Neben den 15.482 Erstantr\u00e4gen wurden insgesamt 3.168 Folgeantr\u00e4ge gestellt.<\/p>\n<p class=\"MsoNormal\">Im Zeitraum von Januar bis April 2012 hat das Bundesamt 17.188 Entscheidungen (Vorjahr: 16.376) getroffen.<\/p>\n<p class=\"MsoNormal\">Insgesamt 2.932 Personen (17,1 Prozent) wurde die Rechtsstellung eines Fl\u00fcchtlings nach dem Abkommen \u00fcber die Rechtsstellung der Fl\u00fcchtlinge vom 28.\u00a0Juli\u00a01951 (Genfer Fl\u00fcchtlingskonvention) zuerkannt. Darunter waren 187\u00a0Personen (1,1 Prozent), die als Asylberechtigte nach <abbr title=\"Artikel\">Art.<\/abbr> 16a des Grundgesetzes anerkannt wurden, sowie 2.745 Personen (16,0 Prozent), die Fl\u00fcchtlingsschutz nach \u00a7\u00a03 des Asylverfahrensgesetzes <abbr title=\"in Verbindung mit\">i. V. m.<\/abbr> \u00a7\u00a060 <abbr title=\"Absatz\">Abs.<\/abbr> 1 des Aufenthaltsgesetzes erhielten.<\/p>\n<p class=\"MsoNormal\">Dar\u00fcber hinaus hat das Bundesamt von Januar bis April 2012 bei 1.820 Personen (10,6 Prozent) Abschiebungsverbote gem\u00e4\u00df \u00a7\u00a060 <abbr title=\"Absatz\">Abs.<\/abbr> 2, 3, 5 und 7 des Aufenthaltsgesetzes (<abbr title=\"sogenannte\">sog.<\/abbr> subsidi\u00e4rer Schutz) festgestellt.<\/p>\n<p class=\"MsoNormal\">Abgelehnt wurden die Antr\u00e4ge von 8.442 Personen (49,1 Prozent). Anderweitig erledigt (<abbr title=\"zum Beispiel\">z.B.<\/abbr> durch Verfahrenseinstellungen wegen R\u00fccknahme des Asylantrages) wurden die Antr\u00e4ge von 3.994 Personen (23,2 Prozent).<\/p>\n<p class=\"MsoNormal\">Die Zahl der\u00a0Personen, \u00fcber deren Antr\u00e4ge noch nicht entschieden wurde, betrug Ende April 2012 35.519, darunter 31.452 Erstantr\u00e4ge und 4.067 Folgeantr\u00e4ge (Vormonat: 36.060 anh\u00e4ngige Verfahren, davon 31.724 Erst- und 4.336 Folgeantr\u00e4ge).<\/p>\n<p class=\"MsoNormal\">Quelle: bva.bund.de<\/p>\n<p class=\"MsoNormal\"><a href=\"https:\/\/www.frankensicht.de\/?attachment_id=1596\" rel=\"attachment wp-att-1596\"><img loading=\"lazy\" decoding=\"async\" class=\"alignnone size-full wp-image-1596\" title=\"schild\" src=\"https:\/\/www.frankensicht.de\/wp-content\/uploads\/2012\/05\/schild.jpg\" alt=\"\" width=\"140\" height=\"164\" \/><\/a><\/p>\n<p>&nbsp;<\/p>\n<p>&nbsp;<\/p>\n","protected":false},"excerpt":{"rendered":"<p>Berlin: Im April 2012 wurden beim Bundesamt f\u00fcr Migration und Fl\u00fcchtlinge 3.181 Asylerstantr\u00e4ge gestellt. Die Zahl der Asylbewerber sank im Vergleich zum Vormonat um 421 Personen (-11,7 Prozent). Im Vergleich zum Vorjahresmonat April 2011 stieg die Zahl der Asylbewerber um 222 Personen (7,5\u00a0Prozent). 1.008 Personen erhielten im April 2012 die Rechtsstellung eines Fl\u00fcchtlings nach der [&hellip;]<\/p>\n","protected":false},"author":7,"featured_media":0,"comment_status":"open","ping_status":"open","sticky":false,"template":"","format":"standard","meta":{"footnotes":""},"categories":[44,3],"tags":[399],"class_list":["post-1560","post","type-post","status-publish","format-standard","hentry","category-deutschland-2","category-news","tag-asylantrage"],"_links":{"self":[{"href":"https:\/\/www.frankensicht.de\/index.php?rest_route=\/wp\/v2\/posts\/1560","targetHints":{"allow":["GET"]}}],"collection":[{"href":"https:\/\/www.frankensicht.de\/index.php?rest_route=\/wp\/v2\/posts"}],"about":[{"href":"https:\/\/www.frankensicht.de\/index.php?rest_route=\/wp\/v2\/types\/post"}],"author":[{"embeddable":true,"href":"https:\/\/www.frankensicht.de\/index.php?rest_route=\/wp\/v2\/users\/7"}],"replies":[{"embeddable":true,"href":"https:\/\/www.frankensicht.de\/index.php?rest_route=%2Fwp%2Fv2%2Fcomments&post=1560"}],"version-history":[{"count":0,"href":"https:\/\/www.frankensicht.de\/index.php?rest_route=\/wp\/v2\/posts\/1560\/revisions"}],"wp:attachment":[{"href":"https:\/\/www.frankensicht.de\/index.php?rest_route=%2Fwp%2Fv2%2Fmedia&parent=1560"}],"wp:term":[{"taxonomy":"category","embeddable":true,"href":"https:\/\/www.frankensicht.de\/index.php?rest_route=%2Fwp%2Fv2%2Fcategories&post=1560"},{"taxonomy":"post_tag","embeddable":true,"href":"https:\/\/www.frankensicht.de\/index.php?rest_route=%2Fwp%2Fv2%2Ftags&post=1560"}],"curies":[{"name":"wp","href":"https:\/\/api.w.org\/{rel}","templated":true}]}}