{"id":15592,"date":"2023-02-21T05:52:17","date_gmt":"2023-02-21T04:52:17","guid":{"rendered":"https:\/\/www.frankensicht.de\/?p=15592"},"modified":"2023-11-06T09:27:04","modified_gmt":"2023-11-06T08:27:04","slug":"gas-und-waermepreisbremse-frist-fuer-erstattungsantraege-der-versorger-beim-bund-wird-fuer-das-erste-quartal-bis-zum-31-maerz-verlaengert","status":"publish","type":"post","link":"https:\/\/www.frankensicht.de\/?p=15592","title":{"rendered":"Gas- und W\u00e4rmepreisbremse: Frist fu\u0308r Erstattungsantr\u00e4ge der Versorger beim Bund wird fu\u0308r das erste Quartal bis zum 31. M\u00e4rz verl\u00e4ngert"},"content":{"rendered":"<p><span style=\"color: #ff0000;\">Berlin:<\/span><\/p>\n<p>Gas- und W\u00e4rmepreisbremse: Frist fu\u0308r Erstattungsantr\u00e4ge der Versorger beim Bund wird fu\u0308r das<br \/>\nerste Quartal bis zum 31. M\u00e4rz verl\u00e4ngert<\/p>\n<p>Verbraucherinnen und Verbraucher von Erdgas und W\u00e4rme profitieren ab M\u00e4rz 2023 ru\u0308ckwirkend auch<br \/>\nfu\u0308r Januar und Februar 2023 von den Entlastungen durch die Gas- und W\u00e4rmepreisbremse u\u0308ber ihre<br \/>\nVersorger, Gro\u00dfverbraucher werden bereits seit Januar entlastet. Die Versorger erhalten fu\u0308r die<br \/>\ngew\u00e4hrten Entlastungen eine Erstattung vom Bund. Die Antragstellung fu\u0308r die Erstattungsantr\u00e4ge der<br \/>\nVersorger fu\u0308r das erste Quartal 2023 ist seit dem 9. Januar 2023 m\u00f6glich. Die Frist fu\u0308r die<br \/>\nStellung dieser Antr\u00e4ge fu\u0308r das erste Quartal endete bislang Ende Februar. Sie wird jetzt bis Ende<br \/>\nM\u00e4rz 2023 verl\u00e4ngert.<\/p>\n<p><a href=\"https:\/\/www.frankensicht.de\/?attachment_id=12574\" rel=\"attachment wp-att-12574\"><img loading=\"lazy\" decoding=\"async\" class=\"alignnone size-medium wp-image-12574\" src=\"https:\/\/www.frankensicht.de\/wp-content\/uploads\/2019\/05\/fisch-300x225.jpg\" alt=\"\" width=\"300\" height=\"225\" srcset=\"https:\/\/www.frankensicht.de\/wp-content\/uploads\/2019\/05\/fisch-300x225.jpg 300w, https:\/\/www.frankensicht.de\/wp-content\/uploads\/2019\/05\/fisch.jpg 640w\" sizes=\"auto, (max-width: 300px) 100vw, 300px\" \/><\/a><br \/>\nFu\u0308r Verbraucherinnen und Verbraucher \u00e4ndert sich nichts: Die Preisbremsen gelten ab dem 1. M\u00e4rz<br \/>\nru\u0308ckwirkend fu\u0308r Januar und Februar und sie gelten fu\u0308r das ganze Jahr 2023 und werden automatisch<br \/>\nu\u0308ber die jeweiligen Energieversorger gew\u00e4hrt.<br \/>\nN\u00e4her zur Einordnung:<br \/>\nDie Versorger sind die Schnittstelle zwischen dem Bund und den Verbraucherinnen und Verbrauchern,<br \/>\num die Entlastungen administrativ abzuwickeln. Um den Versorgern ausreichend Zeit fu\u0308r die<br \/>\nErstattungsantr\u00e4ge zu geben, verl\u00e4ngert PwC als Beauftragter des Bundes in Abstimmung mit dem<br \/>\nBundesministerium fu\u0308r Wirtschaft und Klimaschutz (BMWK) die Antragsfrist fu\u0308r alle<br \/>\nErdgaslieferanten und W\u00e4rmeversorgungsunternehmen fu\u0308r das erste Quartal 2023 einmalig pauschal um<br \/>\neinen Monat, das hei\u00dft bis zum 31. M\u00e4rz 2023. Die Antragsfristen fu\u0308r die Folgequartale bleiben<br \/>\nunver\u00e4ndert wie nach dem Erdgas-W\u00e4rme-Preisbremsengesetz vorgegeben jeweils bis Ende des zweiten<br \/>\nMonats des Quartals.<br \/>\nDurch diese Verl\u00e4ngerung erhalten die Versorger ihre Erstattungen vom Bund, wenn sie ihre Kundinnen<br \/>\nund Kunden pu\u0308nktlich entlasten, es aber mit dem Zusammenstellen der Antragsunterlagen nicht bis<br \/>\nEnde Februar schaffen. Eine individuelle Anfrage beim Beauftragten PwC zur Inanspruchnahme der<br \/>\nFristverl\u00e4ngerung bis 31. M\u00e4rz 2023 ist nicht erforderlich.<\/p>\n<p>https:\/\/www.bmwk.de\/Redaktion\/DE\/Pressemitteilungen\/2023\/02\/20230220-gas-und-warmepreisbremse-frist-fur-erstattungsantrage-der-versorger-verlangert.html<\/p>\n<p>Quelle:abo-bmwi.de<\/p>\n","protected":false},"excerpt":{"rendered":"<p>Berlin: Gas- und W\u00e4rmepreisbremse: Frist fu\u0308r Erstattungsantr\u00e4ge der Versorger beim Bund wird fu\u0308r das erste Quartal bis zum 31. M\u00e4rz verl\u00e4ngert Verbraucherinnen und Verbraucher von Erdgas und W\u00e4rme profitieren ab M\u00e4rz 2023 ru\u0308ckwirkend auch fu\u0308r Januar und Februar 2023 von den Entlastungen durch die Gas- und W\u00e4rmepreisbremse u\u0308ber ihre Versorger, Gro\u00dfverbraucher werden bereits seit Januar [&hellip;]<\/p>\n","protected":false},"author":7,"featured_media":12574,"comment_status":"closed","ping_status":"open","sticky":false,"template":"","format":"standard","meta":{"footnotes":""},"categories":[44,383,3],"tags":[3906],"class_list":["post-15592","post","type-post","status-publish","format-standard","has-post-thumbnail","hentry","category-deutschland-2","category-energie","category-news","tag-gaspreisbremse"],"_links":{"self":[{"href":"https:\/\/www.frankensicht.de\/index.php?rest_route=\/wp\/v2\/posts\/15592","targetHints":{"allow":["GET"]}}],"collection":[{"href":"https:\/\/www.frankensicht.de\/index.php?rest_route=\/wp\/v2\/posts"}],"about":[{"href":"https:\/\/www.frankensicht.de\/index.php?rest_route=\/wp\/v2\/types\/post"}],"author":[{"embeddable":true,"href":"https:\/\/www.frankensicht.de\/index.php?rest_route=\/wp\/v2\/users\/7"}],"replies":[{"embeddable":true,"href":"https:\/\/www.frankensicht.de\/index.php?rest_route=%2Fwp%2Fv2%2Fcomments&post=15592"}],"version-history":[{"count":1,"href":"https:\/\/www.frankensicht.de\/index.php?rest_route=\/wp\/v2\/posts\/15592\/revisions"}],"predecessor-version":[{"id":15593,"href":"https:\/\/www.frankensicht.de\/index.php?rest_route=\/wp\/v2\/posts\/15592\/revisions\/15593"}],"wp:featuredmedia":[{"embeddable":true,"href":"https:\/\/www.frankensicht.de\/index.php?rest_route=\/wp\/v2\/media\/12574"}],"wp:attachment":[{"href":"https:\/\/www.frankensicht.de\/index.php?rest_route=%2Fwp%2Fv2%2Fmedia&parent=15592"}],"wp:term":[{"taxonomy":"category","embeddable":true,"href":"https:\/\/www.frankensicht.de\/index.php?rest_route=%2Fwp%2Fv2%2Fcategories&post=15592"},{"taxonomy":"post_tag","embeddable":true,"href":"https:\/\/www.frankensicht.de\/index.php?rest_route=%2Fwp%2Fv2%2Ftags&post=15592"}],"curies":[{"name":"wp","href":"https:\/\/api.w.org\/{rel}","templated":true}]}}