{"id":1552,"date":"2012-05-15T15:49:19","date_gmt":"2012-05-15T13:49:19","guid":{"rendered":"http:\/\/www.frankensicht.de\/?p=1552"},"modified":"2012-05-15T15:49:19","modified_gmt":"2012-05-15T13:49:19","slug":"deutsche-wirtschaft-nimmt-wieder-fahrt-auf","status":"publish","type":"post","link":"https:\/\/www.frankensicht.de\/?p=1552","title":{"rendered":"Deutsche Wirtschaft nimmt wieder Fahrt auf"},"content":{"rendered":"<p><span style=\"color: #ff0000;\">Berlin:<\/span><\/p>\n<p>Die wirtschaftliche Aktivit\u00e4t in Deutschland hat im ersten Quartal 2012<br \/>\n\u00fcberraschend stark zugelegt. Das Bruttoinlandsprodukt lag nach vorl\u00e4ufigen Daten<br \/>\ndes Statistischen Bundesamtes im ersten Quartal um preisbereinigt +0,5 % \u00fcber dem<br \/>\nVorquartal.<\/p>\n<p>Der Bundesminister f\u00fcr Wirtschaft und Technologie, Dr. Philipp R\u00f6sler: &#8222;Die<br \/>\ndeutsche Volkswirtschaft hat die konjunkturelle Schw\u00e4chephase im Winterhalbjahr<br \/>\nz\u00fcgig \u00fcberwunden. Nach einem leichten R\u00fcckgang der Wirtschaftsleistung im vierten<br \/>\nQuartal 2011 hat die wirtschaftliche Aktivit\u00e4t im ersten Vierteljahr dieses<br \/>\nJahres wieder Fahrt aufgenommen. Auch die Besch\u00e4ftigung hat weiter zugenommen.<br \/>\nDie deutsche Volkswirtschaft pr\u00e4sentiert sich trotz weiter bestehender Risiken<br \/>\ninsbesondere aus dem europ\u00e4ischen Umfeld in guter Verfassung. Dies zeigt, wie<br \/>\nwichtig eine klare, stabilit\u00e4tsorientierte Wirtschaftspolitik<br \/>\n&lt;http:\/\/www.bmwi.de\/BMWi\/Navigation\/Wirtschaft\/wirtschaftspolitik.html&gt; und<br \/>\nsolide Staatsfinanzen f\u00fcr nachhaltiges Wachstum sind &#8211; f\u00fcr Deutschland und f\u00fcr<br \/>\nEuropa.&#8220;<\/p>\n<p>Quelle: \u00a0bmwi.de<\/p>\n<p><a href=\"https:\/\/www.frankensicht.de\/?attachment_id=1580\" rel=\"attachment wp-att-1580\"><img loading=\"lazy\" decoding=\"async\" class=\"alignnone size-medium wp-image-1580\" title=\"P1000817\" src=\"https:\/\/www.frankensicht.de\/wp-content\/uploads\/2012\/05\/P1000817-300x225.jpg\" alt=\"\" width=\"300\" height=\"225\" srcset=\"https:\/\/www.frankensicht.de\/wp-content\/uploads\/2012\/05\/P1000817-300x225.jpg 300w, https:\/\/www.frankensicht.de\/wp-content\/uploads\/2012\/05\/P1000817.jpg 640w\" sizes=\"auto, (max-width: 300px) 100vw, 300px\" \/><\/a><\/p>\n","protected":false},"excerpt":{"rendered":"<p>Berlin: Die wirtschaftliche Aktivit\u00e4t in Deutschland hat im ersten Quartal 2012 \u00fcberraschend stark zugelegt. Das Bruttoinlandsprodukt lag nach vorl\u00e4ufigen Daten des Statistischen Bundesamtes im ersten Quartal um preisbereinigt +0,5 % \u00fcber dem Vorquartal. Der Bundesminister f\u00fcr Wirtschaft und Technologie, Dr. Philipp R\u00f6sler: &#8222;Die deutsche Volkswirtschaft hat die konjunkturelle Schw\u00e4chephase im Winterhalbjahr z\u00fcgig \u00fcberwunden. Nach einem [&hellip;]<\/p>\n","protected":false},"author":7,"featured_media":1580,"comment_status":"open","ping_status":"open","sticky":false,"template":"","format":"standard","meta":{"footnotes":""},"categories":[1,3,334],"tags":[395],"class_list":["post-1552","post","type-post","status-publish","format-standard","has-post-thumbnail","hentry","category-allgemein","category-news","category-wissenschaft","tag-wirtschaft-2"],"_links":{"self":[{"href":"https:\/\/www.frankensicht.de\/index.php?rest_route=\/wp\/v2\/posts\/1552","targetHints":{"allow":["GET"]}}],"collection":[{"href":"https:\/\/www.frankensicht.de\/index.php?rest_route=\/wp\/v2\/posts"}],"about":[{"href":"https:\/\/www.frankensicht.de\/index.php?rest_route=\/wp\/v2\/types\/post"}],"author":[{"embeddable":true,"href":"https:\/\/www.frankensicht.de\/index.php?rest_route=\/wp\/v2\/users\/7"}],"replies":[{"embeddable":true,"href":"https:\/\/www.frankensicht.de\/index.php?rest_route=%2Fwp%2Fv2%2Fcomments&post=1552"}],"version-history":[{"count":0,"href":"https:\/\/www.frankensicht.de\/index.php?rest_route=\/wp\/v2\/posts\/1552\/revisions"}],"wp:featuredmedia":[{"embeddable":true,"href":"https:\/\/www.frankensicht.de\/index.php?rest_route=\/wp\/v2\/media\/1580"}],"wp:attachment":[{"href":"https:\/\/www.frankensicht.de\/index.php?rest_route=%2Fwp%2Fv2%2Fmedia&parent=1552"}],"wp:term":[{"taxonomy":"category","embeddable":true,"href":"https:\/\/www.frankensicht.de\/index.php?rest_route=%2Fwp%2Fv2%2Fcategories&post=1552"},{"taxonomy":"post_tag","embeddable":true,"href":"https:\/\/www.frankensicht.de\/index.php?rest_route=%2Fwp%2Fv2%2Ftags&post=1552"}],"curies":[{"name":"wp","href":"https:\/\/api.w.org\/{rel}","templated":true}]}}