{"id":15408,"date":"2022-12-02T08:51:32","date_gmt":"2022-12-02T07:51:32","guid":{"rendered":"https:\/\/www.frankensicht.de\/?p=15408"},"modified":"2022-12-02T08:51:32","modified_gmt":"2022-12-02T07:51:32","slug":"achter-einsatz-gegen-hass-und-hetze","status":"publish","type":"post","link":"https:\/\/www.frankensicht.de\/?p=15408","title":{"rendered":"Achter Einsatz gegen Hass und Hetze"},"content":{"rendered":"<p><span style=\"color: #ff0000;\">M\u00fcnchen:<\/span><\/p>\n<p>Achter Einsatz gegen Hass und Hetze \/ Ermittler durchsuchen acht Wohnungen in Bayern beim bundesweiten &#8222;Joint Action Day&#8220; \/ Bayerns Justizminister Eisenreich: &#8222;Wer die Meinungsfreiheit und die Demokratie sch\u00fctzen will, muss Hass und Hetze im Netz konsequent bek\u00e4mpfen.&#8220;<\/p>\n<p>Hausdurchsuchungen gegen Hass und Hetze: Beim achten &#8222;Joint Action Day&#8220; sind Polizei und Justiz heute (30. November) erneut bundesweit im Einsatz gegen Hasskriminalit\u00e4t. In Bayern wird dabei gegen acht Beschuldigte ermittelt. Der bayerische Justizminister Georg Eisenreich: &#8222;Wer die Meinungsfreiheit und die Demokratie sch\u00fctzen will, muss Hass und Hetze im Netz konsequent bek\u00e4mpfen. Das tun wir in Bayern. Unsere Hate-Speech-Spezialisten haben allein in den Jahren 2020 und 2021 bereits rund 4.000 Verfahren wegen Hasskriminalit\u00e4t im Internet gef\u00fchrt.&#8220;<\/p>\n<p><a href=\"https:\/\/www.frankensicht.de\/?attachment_id=3002\" rel=\"attachment wp-att-3002\"><img loading=\"lazy\" decoding=\"async\" class=\"alignnone size-medium wp-image-3002\" src=\"https:\/\/www.frankensicht.de\/wp-content\/uploads\/2012\/06\/handy-300x225.jpg\" alt=\"\" width=\"300\" height=\"225\" srcset=\"https:\/\/www.frankensicht.de\/wp-content\/uploads\/2012\/06\/handy-300x225.jpg 300w, https:\/\/www.frankensicht.de\/wp-content\/uploads\/2012\/06\/handy.jpg 640w\" sizes=\"auto, (max-width: 300px) 100vw, 300px\" \/><\/a><\/p>\n<p>Den Beschuldigten des achten &#8222;Joint Action Day&#8220; werden u. a. Volksverhetzung und die Verwendung von Kennzeichen verfassungswidriger Organisationen vorgeworfen. Die Ermittler sicherten Laptops und Smartphones als Beweismittel. Eisenreich warnt: &#8222;Mit dem Aktionstag senden wir erneut das klare Signal: Wer im Internet rassistische, beleidigende, antisemitische oder volksverhetzende Straftaten begeht, muss mit ernsthaften Konsequenzen rechnen. Volksverhetzung kann bereits bei Erstt\u00e4tern Geldstrafen von mehreren Monatsgeh\u00e4ltern zur Folge haben. Im Wiederholungsfall und in schweren F\u00e4llen sind auch Freiheitsstrafen m\u00f6glich.&#8220;<\/p>\n<p>Zur effektiven Bek\u00e4mpfung von Hate Speech hat die bayerische Justiz ihre Strukturen kontinuierlich verst\u00e4rkt. Justizminister Eisenreich hat 2020 Deutschlands ersten Hate-Speech-Beauftragten bei der Generalstaatsanwaltschaft M\u00fcnchen und 22 Sonderdezernate bei den Staatsanwaltschaften in ganz Bayern eingesetzt. F\u00fcnf Online-Meldeverfahren f\u00fcr Online-Straftaten wurden mit verschiedenen Kooperationspartnern etabliert, u.a. mit der baden-w\u00fcrttembergischen Meldestelle REspect!, der Bayerischen Landeszentrale f\u00fcr Neue Medien, der Recherche- und Informationsstelle Antisemitismus Bayern und der Fachstelle &#8222;Strong!&#8220; zur Beratung und Unterst\u00fctzung f\u00fcr Opfer queerfeindlicher Hate Speech. Der Minister: &#8222;Alle B\u00fcrgerinnen und B\u00fcrger in Bayern k\u00f6nnen online Anzeige erstatten. Damit k\u00f6nnen Pr\u00fcfbitten und Anzeigen schnell und einfach an die bayerischen Spezialstaatsanw\u00e4ltinnen und -anw\u00e4lte \u00fcbermittelt werden. Unsere Ermittlerinnen und Ermittler leisten hervorragende Arbeit, wie der heutige Tag wieder einmal gezeigt hat. Aber auch die sozialen Netzwerke m\u00fcssen mehr tun und die Auskunftsverlangen der Strafverfolgungsbeh\u00f6rden ohne Wenn und Aber beantworten.&#8220;<\/p>\n<p>Quelle: stmj.bayern.de<\/p>\n","protected":false},"excerpt":{"rendered":"<p>M\u00fcnchen: Achter Einsatz gegen Hass und Hetze \/ Ermittler durchsuchen acht Wohnungen in Bayern beim bundesweiten &#8222;Joint Action Day&#8220; \/ Bayerns Justizminister Eisenreich: &#8222;Wer die Meinungsfreiheit und die Demokratie sch\u00fctzen will, muss Hass und Hetze im Netz konsequent bek\u00e4mpfen.&#8220; Hausdurchsuchungen gegen Hass und Hetze: Beim achten &#8222;Joint Action Day&#8220; sind Polizei und Justiz heute (30. [&hellip;]<\/p>\n","protected":false},"author":7,"featured_media":3002,"comment_status":"closed","ping_status":"open","sticky":false,"template":"","format":"standard","meta":{"footnotes":""},"categories":[78,71],"tags":[3834],"class_list":["post-15408","post","type-post","status-publish","format-standard","has-post-thumbnail","hentry","category-bayern","category-menue","tag-hass-hetze"],"_links":{"self":[{"href":"https:\/\/www.frankensicht.de\/index.php?rest_route=\/wp\/v2\/posts\/15408","targetHints":{"allow":["GET"]}}],"collection":[{"href":"https:\/\/www.frankensicht.de\/index.php?rest_route=\/wp\/v2\/posts"}],"about":[{"href":"https:\/\/www.frankensicht.de\/index.php?rest_route=\/wp\/v2\/types\/post"}],"author":[{"embeddable":true,"href":"https:\/\/www.frankensicht.de\/index.php?rest_route=\/wp\/v2\/users\/7"}],"replies":[{"embeddable":true,"href":"https:\/\/www.frankensicht.de\/index.php?rest_route=%2Fwp%2Fv2%2Fcomments&post=15408"}],"version-history":[{"count":1,"href":"https:\/\/www.frankensicht.de\/index.php?rest_route=\/wp\/v2\/posts\/15408\/revisions"}],"predecessor-version":[{"id":15409,"href":"https:\/\/www.frankensicht.de\/index.php?rest_route=\/wp\/v2\/posts\/15408\/revisions\/15409"}],"wp:featuredmedia":[{"embeddable":true,"href":"https:\/\/www.frankensicht.de\/index.php?rest_route=\/wp\/v2\/media\/3002"}],"wp:attachment":[{"href":"https:\/\/www.frankensicht.de\/index.php?rest_route=%2Fwp%2Fv2%2Fmedia&parent=15408"}],"wp:term":[{"taxonomy":"category","embeddable":true,"href":"https:\/\/www.frankensicht.de\/index.php?rest_route=%2Fwp%2Fv2%2Fcategories&post=15408"},{"taxonomy":"post_tag","embeddable":true,"href":"https:\/\/www.frankensicht.de\/index.php?rest_route=%2Fwp%2Fv2%2Ftags&post=15408"}],"curies":[{"name":"wp","href":"https:\/\/api.w.org\/{rel}","templated":true}]}}