{"id":15390,"date":"2022-11-27T09:09:44","date_gmt":"2022-11-27T08:09:44","guid":{"rendered":"https:\/\/www.frankensicht.de\/?p=15390"},"modified":"2022-11-27T09:09:44","modified_gmt":"2022-11-27T08:09:44","slug":"bayerns-wirtschaftsminister-nahm-an-der-versammlung-des-regionalen-planungsverbands-main-rhoen-teil","status":"publish","type":"post","link":"https:\/\/www.frankensicht.de\/?p=15390","title":{"rendered":"Bayerns Wirtschaftsminister nahm an der Versammlung des Regionalen Planungsverbands Main-Rh\u00f6n teil"},"content":{"rendered":"<p><span style=\"color: #ff0000;\">Oelenbach:<\/span><\/p>\n<p>-Aiwanger: &#8222;Neue Windr\u00e4der sind eine gro\u00dfe Chance, um die Stromversorgung der regionalen Wirtschaft unabh\u00e4ngiger zu gestalten.&#8220;<\/p>\n<p>Windkraft Bayerns Wirtschaftsminister nahm an der Versammlung des Regionalen Planungsverbands Main-Rh\u00f6n teil Aiwanger: &#8222;Neue Windr\u00e4der sind eine gro\u00dfe Chance, um die Stromversorgung der regionalen Wirtschaft unabh\u00e4ngiger zu gestalten.&#8220;<\/p>\n<p><a href=\"https:\/\/www.frankensicht.de\/?attachment_id=15391\" rel=\"attachment wp-att-15391\"><img loading=\"lazy\" decoding=\"async\" class=\"alignnone size-medium wp-image-15391\" src=\"https:\/\/www.frankensicht.de\/wp-content\/uploads\/2022\/11\/P1040775-300x225.jpg\" alt=\"\" width=\"300\" height=\"225\" srcset=\"https:\/\/www.frankensicht.de\/wp-content\/uploads\/2022\/11\/P1040775-300x225.jpg 300w, https:\/\/www.frankensicht.de\/wp-content\/uploads\/2022\/11\/P1040775-1024x768.jpg 1024w, https:\/\/www.frankensicht.de\/wp-content\/uploads\/2022\/11\/P1040775-768x576.jpg 768w, https:\/\/www.frankensicht.de\/wp-content\/uploads\/2022\/11\/P1040775-1536x1152.jpg 1536w, https:\/\/www.frankensicht.de\/wp-content\/uploads\/2022\/11\/P1040775-2048x1536.jpg 2048w\" sizes=\"auto, (max-width: 300px) 100vw, 300px\" \/><\/a><\/p>\n<p>Der Bayerische Wirtschaftsminister Hubert Aiwanger hat beim Regionalen Planungsverband Main-Rh\u00f6n f\u00fcr einen gezielten Ausbau der Windenergie geworben. Aiwanger: Windenergie hat eine hohe Fl\u00e4cheneffizienz und erg\u00e4nzt sich bestens mit der Photovoltaik. Die Windkraft muss intelligent ausgebaut werden. Die 10H-Lockerung gibt der Windkraft den n\u00f6tigen R\u00fcckenwind. Die Region Main-Rh\u00f6n ist mit 118 Anlagen bereits gut aufgestellt. Ich unterst\u00fctze alle Anstrengungen, dass weitere Windenergieanlagen mit Akzeptanz der Bev\u00f6lkerung und zu deren Nutzen dazukommen. Diese neuen Windr\u00e4der sind eine gro\u00dfe Chance f\u00fcr die Region, um die Stromversorgung der regionalen Wirtschaft unabh\u00e4ngiger zu gestalten.; \u00a0 In Bayern wurde zum 16. November die bisherige strikte 10H-Regel deutlich gelockert, der Bayerische Wirtschaftsminister Aiwanger hat mit den regionalen Planungsverb\u00e4nden zahlreiche Gespr\u00e4che, um die Windkraft gezielt auszubauen. Aiwanger: Die wichtigsten Koordinatoren in den Regionen sind die regionalen Planungsverb\u00e4nde, die die Gegebenheiten vor Ort bestens kennen und die B\u00fcrger bei Entscheidungen mitnehmen. Meine Gespr\u00e4che mit B\u00fcrgermeistern, Landr\u00e4ten und B\u00fcrgern sind sehr wichtig, um vor Ort ein eigenes Bild \u00fcber die Herausforderungen beim Ausbau der Erneuerbaren Energien zu erhalten. Dieser Austausch ist f\u00fcr mich ein wichtiger Kompass f\u00fcr politische Entscheidungen und Voraussetzung f\u00fcr den Erfolg.\u00a0 Beim Dialog hatten die anwesenden Teilnehmer aus Landkreisen und Gemeinden den Wunsch nach mehr Flexibilit\u00e4t im Verteilnetz ge\u00e4u\u00dfert. Nur so k\u00f6nnten Netzkunden, Wirtschaft und Umwelt von dem Ausbau der Erneuerbaren Energien optimal profitieren. Diese Ideen und Initiativen begr\u00fc\u00dfte Aiwanger, weil alles unternommen werden m\u00fcsse, um den Ausbau der Erneuerbaren Energien nach vorne zu bringen. Aiwanger: Daher werden ab Fr\u00fchjahr 2023 auch die Fachstellen der Regierungen personell deutlich verst\u00e4rkt, um die Organisation des Windkraftausbaus zu stemmen. Ich bin \u00fcberzeugt dass Bayern bei der Windenergie jetzt schnell und deutlich zulegen wird und unser Wirtschaftsstandort davon profitiert.<\/p>\n<p>Quelle:stmwi.bayern.de<\/p>\n","protected":false},"excerpt":{"rendered":"<p>Oelenbach: -Aiwanger: &#8222;Neue Windr\u00e4der sind eine gro\u00dfe Chance, um die Stromversorgung der regionalen Wirtschaft unabh\u00e4ngiger zu gestalten.&#8220; Windkraft Bayerns Wirtschaftsminister nahm an der Versammlung des Regionalen Planungsverbands Main-Rh\u00f6n teil Aiwanger: &#8222;Neue Windr\u00e4der sind eine gro\u00dfe Chance, um die Stromversorgung der regionalen Wirtschaft unabh\u00e4ngiger zu gestalten.&#8220; Der Bayerische Wirtschaftsminister Hubert Aiwanger hat beim Regionalen Planungsverband Main-Rh\u00f6n [&hellip;]<\/p>\n","protected":false},"author":7,"featured_media":15391,"comment_status":"closed","ping_status":"open","sticky":false,"template":"","format":"standard","meta":{"footnotes":""},"categories":[78,71],"tags":[3828],"class_list":["post-15390","post","type-post","status-publish","format-standard","has-post-thumbnail","hentry","category-bayern","category-menue","tag-windraeder-rhoen"],"_links":{"self":[{"href":"https:\/\/www.frankensicht.de\/index.php?rest_route=\/wp\/v2\/posts\/15390","targetHints":{"allow":["GET"]}}],"collection":[{"href":"https:\/\/www.frankensicht.de\/index.php?rest_route=\/wp\/v2\/posts"}],"about":[{"href":"https:\/\/www.frankensicht.de\/index.php?rest_route=\/wp\/v2\/types\/post"}],"author":[{"embeddable":true,"href":"https:\/\/www.frankensicht.de\/index.php?rest_route=\/wp\/v2\/users\/7"}],"replies":[{"embeddable":true,"href":"https:\/\/www.frankensicht.de\/index.php?rest_route=%2Fwp%2Fv2%2Fcomments&post=15390"}],"version-history":[{"count":1,"href":"https:\/\/www.frankensicht.de\/index.php?rest_route=\/wp\/v2\/posts\/15390\/revisions"}],"predecessor-version":[{"id":15392,"href":"https:\/\/www.frankensicht.de\/index.php?rest_route=\/wp\/v2\/posts\/15390\/revisions\/15392"}],"wp:featuredmedia":[{"embeddable":true,"href":"https:\/\/www.frankensicht.de\/index.php?rest_route=\/wp\/v2\/media\/15391"}],"wp:attachment":[{"href":"https:\/\/www.frankensicht.de\/index.php?rest_route=%2Fwp%2Fv2%2Fmedia&parent=15390"}],"wp:term":[{"taxonomy":"category","embeddable":true,"href":"https:\/\/www.frankensicht.de\/index.php?rest_route=%2Fwp%2Fv2%2Fcategories&post=15390"},{"taxonomy":"post_tag","embeddable":true,"href":"https:\/\/www.frankensicht.de\/index.php?rest_route=%2Fwp%2Fv2%2Ftags&post=15390"}],"curies":[{"name":"wp","href":"https:\/\/api.w.org\/{rel}","templated":true}]}}