{"id":15369,"date":"2022-11-17T08:49:29","date_gmt":"2022-11-17T07:49:29","guid":{"rendered":"https:\/\/www.frankensicht.de\/?p=15369"},"modified":"2022-11-17T08:49:29","modified_gmt":"2022-11-17T07:49:29","slug":"alle-landgerichte-in-bayern-setzen-die-elektronische-akte-ein","status":"publish","type":"post","link":"https:\/\/www.frankensicht.de\/?p=15369","title":{"rendered":"Alle Landgerichte in Bayern setzen die elektronische Akte ein"},"content":{"rendered":"<p><span style=\"color: #ff0000;\">M\u00fcnchen &#8211; Aschaffenburg:<\/span><\/p>\n<p>Alle Landgerichte in Bayern setzen die elektronische<br \/>\nAkte ein \/ Justizminister Eisenreich: &#8222;Das Landgericht Aschaffenburg f\u00fchrt<br \/>\ndie E-Akte ein. Damit arbeiten nun alle 22 bayerischen Landgerichte mit<br \/>\nder E-Akte. Die Justiz treibt die Digitaloffensive voran.&#8220; Die<br \/>\nRegeleinf\u00fchrung der E-Akte an den Landgerichten in Zivilsachen erster<br \/>\nInstanz und Oberlandesgerichten in Zivilsachen wird Ende dieses Jahres abgeschlossen sein.<\/p>\n<p><a href=\"https:\/\/www.frankensicht.de\/?attachment_id=15370\" rel=\"attachment wp-att-15370\"><img loading=\"lazy\" decoding=\"async\" class=\"alignnone size-medium wp-image-15370\" src=\"https:\/\/www.frankensicht.de\/wp-content\/uploads\/2022\/11\/235_Foto_Staatsminister_Georg_Eisenreich_Olaf_Beller_RiLG_Felicitas_Behuetuns_OLGPraes_Lothar_Schmitt_RiLG_Tamara_Imgrund_LGPraes_Andreas_Burghardt_v.l-300x225.jpg\" alt=\"\" width=\"300\" height=\"225\" srcset=\"https:\/\/www.frankensicht.de\/wp-content\/uploads\/2022\/11\/235_Foto_Staatsminister_Georg_Eisenreich_Olaf_Beller_RiLG_Felicitas_Behuetuns_OLGPraes_Lothar_Schmitt_RiLG_Tamara_Imgrund_LGPraes_Andreas_Burghardt_v.l-300x225.jpg 300w, https:\/\/www.frankensicht.de\/wp-content\/uploads\/2022\/11\/235_Foto_Staatsminister_Georg_Eisenreich_Olaf_Beller_RiLG_Felicitas_Behuetuns_OLGPraes_Lothar_Schmitt_RiLG_Tamara_Imgrund_LGPraes_Andreas_Burghardt_v.l-1024x768.jpg 1024w, https:\/\/www.frankensicht.de\/wp-content\/uploads\/2022\/11\/235_Foto_Staatsminister_Georg_Eisenreich_Olaf_Beller_RiLG_Felicitas_Behuetuns_OLGPraes_Lothar_Schmitt_RiLG_Tamara_Imgrund_LGPraes_Andreas_Burghardt_v.l-768x576.jpg 768w, https:\/\/www.frankensicht.de\/wp-content\/uploads\/2022\/11\/235_Foto_Staatsminister_Georg_Eisenreich_Olaf_Beller_RiLG_Felicitas_Behuetuns_OLGPraes_Lothar_Schmitt_RiLG_Tamara_Imgrund_LGPraes_Andreas_Burghardt_v.l-1536x1152.jpg 1536w, https:\/\/www.frankensicht.de\/wp-content\/uploads\/2022\/11\/235_Foto_Staatsminister_Georg_Eisenreich_Olaf_Beller_RiLG_Felicitas_Behuetuns_OLGPraes_Lothar_Schmitt_RiLG_Tamara_Imgrund_LGPraes_Andreas_Burghardt_v.l-2048x1536.jpg 2048w\" sizes=\"auto, (max-width: 300px) 100vw, 300px\" \/><\/a> @stmj.bayern.de<\/p>\n<p>Alle bayerischen Landgerichte und zwei der drei Oberlandesgerichte<br \/>\nsetzen die E-Akte ein. Nach den Landgerichten Landshut, Regensburg, Coburg,<br \/>\nIngolstadt, Weiden\u00a0i.d.OPf., Hof, Amberg, W\u00fcrzburg, Memmingen,<br \/>\nAnsbach, N\u00fcrnberg-F\u00fcrth, Passau, Kempten (Allg\u00e4u), Bamberg,<br \/>\nSchweinfurt, Traunstein, M\u00fcnchen I, Augsburg, Bayreuth, Deggendorf,<br \/>\nM\u00fcnchen II sowie den Oberlandesgerichten M\u00fcnchen und N\u00fcrnberg<br \/>\nwird nun am Landgericht Aschaffenburg die E-Akte regul\u00e4r eingef\u00fchrt.<br \/>\nAb kommenden Montag (21. November) setzt das Gericht bei neuen Zivilverfahren<br \/>\nerster Instanz nur noch elektronische Akten ein. Der bayerische<br \/>\nJustizminister Georg\u00a0Eisenreich: &#8222;Die Welt wird<br \/>\nimmer digitaler. Die Justiz treibt die Digitaloffensive weiter voran. Das<br \/>\nLandgericht Aschaffenburg f\u00fchrt die E-Akte ein. Damit arbeiten<br \/>\nnun alle 22 bayerischen Landgerichte in erstinstanzlichen Zivilsachen mit<br \/>\nelektronischen Akten. Das verk\u00fcrzt Verfahren, erspart Wartezeiten<br \/>\nund sch\u00fctzt in Zeiten der Pandemie die Gesundheit der Prozessbeteiligten.&#8220;<br \/>\nBis heute wurden \u00fcber 130.000 Verfahren rein elektronisch<br \/>\ngef\u00fchrt. Minister Eisenreich: &#8222;Wir<br \/>\nm\u00fcssen bis Ende 2025 127\u00a0Standorte mit etwa 15.000 Arbeitspl\u00e4tzen<br \/>\nmit der elektronischen Akte ausstatten. Wir wollen und werden das fr\u00fcher<br \/>\nschaffen.&#8220; Bei den Amtsgerichten wurde die elektronische Aktenf\u00fchrung<br \/>\nin Zivil- und Familiensachen zun\u00e4chst bei den Amtsgerichten Straubing,<br \/>\nDachau und Regensburg pilotiert. Aufgrund der guten Erfahrungen im Rahmen<br \/>\nder Pilotierung hat zwischenzeitlich auch die Regeleinf\u00fchrung bei<br \/>\nden Amtsgerichten in diesen Bereichen begonnen. Im Zuge dessen erfolgt<br \/>\nsukzessive auch die Umstellung der Landgerichte auf eine elektronische<br \/>\nAktenf\u00fchrung in zweitinstanzlichen Zivilsachen, so dass durchg\u00e4ngig<br \/>\nelektronisch gearbeitet werden kann. Zudem wird die elektronische<br \/>\nAkte derzeit an f\u00fcnf Amtsgerichten in besonderen Rechtsgebieten erprobt:<br \/>\nBeim Amtsgericht Kelheim in Grundbuchsachen, beim Amtsgericht Erlangen<br \/>\nin Betreuungs- und Grundbuchsachen, beim Amtsgericht Regensburg in Immobiliarvollstreckungssachen,<br \/>\nbeim Amtsgericht Ingolstadt in Insolvenzsachen und beim Amtsgericht F\u00fcrth<br \/>\nin Nachlasssachen. Der elektronische Rechtsverkehr<br \/>\nist bereits bei allen Gerichten im Freistaat eingef\u00fchrt. Der<br \/>\nFreistaat Bayern setzt neben der E-Akte auch auf Videotechnik. Minister<br \/>\nEisenreich: &#8222;Tausende Zivilprozesse werden an Bayerns Gerichten<br \/>\ninzwischen digital als Videokonferenz gef\u00fchrt. Unser Ziel war es,<br \/>\ndie Gerichte fl\u00e4chendeckend mit mobilen Videokonferenzanlagen<br \/>\nauszustatten. Im Juli 2021 haben wir unser Ziel erreicht: Seit Juli 2021<br \/>\nhaben alle 99 bayerischen Gerichte Zugang zu einer Anlage. Insgesamt wurden<br \/>\nhierf\u00fcr 126 Videokonferenzanlagen beschafft. Zum Ausbau der Videoverhandlungen<br \/>\nsetzt die Justiz neben der Ausstattung der Gerichte mit Videokonferenzanlagen<br \/>\nauch auf ein\u00a0Video-Konferenz-Tool. Nach einer erfolgreichen<br \/>\nPilotphase wurde der Einsatz bayernweit freigegeben. Das bayerische Justizministerium<br \/>\ngeht davon aus, dass im Jahr 2021 rund 10.000 Videoverhandlungen durchgef\u00fchrt<br \/>\nwurden. Ob sich ein Verfahren f\u00fcr eine Videoverhandlung anbietet,<br \/>\nentscheidet der jeweilige Richter\/die jeweilige Richterin.&#8220; Auf<br \/>\ndem Weg zu einem modernen Zivilprozess sieht der bayerische Justizminister<br \/>\naber noch erheblichen rechtspolitischen Handlungsbedarf.<br \/>\nVorschl\u00e4ge zur Modernisierung des Zivilprozesses liegen vor. Er fordert<br \/>\ndas Bundesjustizministerium zu schnellerem Handeln auf. Eisenreich:<br \/>\n&#8222;Die Zivilprozessordnung ist f\u00fcr die Papierakte gemacht, nicht<br \/>\nf\u00fcr die elektronische Akte. Eine Modernisierung des Zivilprozesses<br \/>\nist daher notwendig. Der Bund muss jetzt t\u00e4tig werden. Wir brauchen<br \/>\neine breit gef\u00fchrte Diskussion, die alle Akteure einbezieht: Gerichte,<br \/>\nRechtsanw\u00e4lte, Wissenschaftler, Wirtschaft, Verbraucherverb\u00e4nde.&#8220;<br \/>\nUnd auch grenz\u00fcberschreitend will Bayern das Verhandeln erleichtern.<br \/>\nAuf bayerische Initiative hat die Justizministerkonferenz im Fr\u00fchjahr<br \/>\n2021 das Bundesjustizministerium aufgefordert, sich f\u00fcr eine umfassende<br \/>\nRechtsgrundlage auf europ\u00e4ischer Ebene einzusetzen. Eisenreich:<br \/>\n&#8222;Der Reformprozess ist dringend notwendig. Die Justiz will die Chancen<br \/>\nder Digitalisierung nutzen. Jetzt sind Berlin und Br\u00fcssel gefordert.&#8220;<br \/>\nEisenreich bedankte sich abschlie\u00dfend bei Andreas<br \/>\nBurghardt, dem Pr\u00e4sidenten des Landgerichts Aschaffenburg: &#8222;F\u00fcr<br \/>\nIhr gro\u00dfes Engagement bei der Digitalisierung der Justiz am Landgericht<br \/>\nAschaffenburg darf ich mich bei Ihnen und Ihren Mitarbeiterinnen und Mitarbeitern<br \/>\nherzlich bedanken.&#8220;<\/p>\n<p>Quelle:stmj.bayern.de<\/p>\n","protected":false},"excerpt":{"rendered":"<p>M\u00fcnchen &#8211; Aschaffenburg: Alle Landgerichte in Bayern setzen die elektronische Akte ein \/ Justizminister Eisenreich: &#8222;Das Landgericht Aschaffenburg f\u00fchrt die E-Akte ein. Damit arbeiten nun alle 22 bayerischen Landgerichte mit der E-Akte. Die Justiz treibt die Digitaloffensive voran.&#8220; Die Regeleinf\u00fchrung der E-Akte an den Landgerichten in Zivilsachen erster Instanz und Oberlandesgerichten in Zivilsachen wird Ende [&hellip;]<\/p>\n","protected":false},"author":7,"featured_media":15370,"comment_status":"closed","ping_status":"open","sticky":false,"template":"","format":"standard","meta":{"footnotes":""},"categories":[86,78,71,84],"tags":[3007],"class_list":["post-15369","post","type-post","status-publish","format-standard","has-post-thumbnail","hentry","category-aschaffenburg-unterfranken","category-bayern","category-menue","category-unterfranken","tag-landgericht-aschaffenburg"],"_links":{"self":[{"href":"https:\/\/www.frankensicht.de\/index.php?rest_route=\/wp\/v2\/posts\/15369","targetHints":{"allow":["GET"]}}],"collection":[{"href":"https:\/\/www.frankensicht.de\/index.php?rest_route=\/wp\/v2\/posts"}],"about":[{"href":"https:\/\/www.frankensicht.de\/index.php?rest_route=\/wp\/v2\/types\/post"}],"author":[{"embeddable":true,"href":"https:\/\/www.frankensicht.de\/index.php?rest_route=\/wp\/v2\/users\/7"}],"replies":[{"embeddable":true,"href":"https:\/\/www.frankensicht.de\/index.php?rest_route=%2Fwp%2Fv2%2Fcomments&post=15369"}],"version-history":[{"count":2,"href":"https:\/\/www.frankensicht.de\/index.php?rest_route=\/wp\/v2\/posts\/15369\/revisions"}],"predecessor-version":[{"id":15372,"href":"https:\/\/www.frankensicht.de\/index.php?rest_route=\/wp\/v2\/posts\/15369\/revisions\/15372"}],"wp:featuredmedia":[{"embeddable":true,"href":"https:\/\/www.frankensicht.de\/index.php?rest_route=\/wp\/v2\/media\/15370"}],"wp:attachment":[{"href":"https:\/\/www.frankensicht.de\/index.php?rest_route=%2Fwp%2Fv2%2Fmedia&parent=15369"}],"wp:term":[{"taxonomy":"category","embeddable":true,"href":"https:\/\/www.frankensicht.de\/index.php?rest_route=%2Fwp%2Fv2%2Fcategories&post=15369"},{"taxonomy":"post_tag","embeddable":true,"href":"https:\/\/www.frankensicht.de\/index.php?rest_route=%2Fwp%2Fv2%2Ftags&post=15369"}],"curies":[{"name":"wp","href":"https:\/\/api.w.org\/{rel}","templated":true}]}}