{"id":1533,"date":"2012-05-14T18:46:55","date_gmt":"2012-05-14T16:46:55","guid":{"rendered":"http:\/\/www.frankensicht.de\/?p=1533"},"modified":"2012-05-14T18:46:55","modified_gmt":"2012-05-14T16:46:55","slug":"seminar-zur-flurneuordnung-im-regnitzgrund","status":"publish","type":"post","link":"https:\/\/www.frankensicht.de\/?p=1533","title":{"rendered":"Seminar zur Flurneuordnung im Regnitzgrund"},"content":{"rendered":"<p><span style=\"color: #ff0000;\">Erlangen:<\/span><br \/>\nUm das Vorgehen f\u00fcr eine m\u00f6gliche Flurneuordnung im Regnitzgrund ging es vor kurzem bei einem Seminar, das vom Amt f\u00fcr L\u00e4ndliche Entwicklung und vom Baureferat der Stadt Erlangen organisiert worden war. An der Schule f\u00fcr Dorf- und Flurentwicklung in Klosterlangheim kamen dazu Landwirte, Grundst\u00fcckseigent\u00fcmer sowie Vertreter des Wasserwirtschaftsamtes und der Kommune, angef\u00fchrt von Baureferent Josef Weber, zusammen. Ziel der Veranstaltung war zum einen die m\u00f6glichen Schritte der Flurneuordnung vorzustellen und zu erl\u00e4utern. Zum anderen ging es um Diskussions- und Konfliktl\u00f6sungstechniken. Sie sollen m\u00f6gliche Probleme in den geplanten Arbeitsgruppen (AG) am besten gar nicht erst aufkommen lassen.<br \/>\nVorgesehen ist, mit gemeinsamen AGs eine Zustandsanalyse zu erarbeiten sowie k\u00fcnftige Anforderungen an bzw. Ziele f\u00fcr den Regnitzgrund zu kl\u00e4ren.<\/p>\n<p>Quelle: erlangen.de<\/p>\n<p><a href=\"https:\/\/www.frankensicht.de\/?attachment_id=1534\" rel=\"attachment wp-att-1534\"><img loading=\"lazy\" decoding=\"async\" class=\"alignnone size-medium wp-image-1534\" title=\"regnitz\" src=\"https:\/\/www.frankensicht.de\/wp-content\/uploads\/2012\/05\/regnitz-300x131.jpg\" alt=\"\" width=\"300\" height=\"131\" srcset=\"https:\/\/www.frankensicht.de\/wp-content\/uploads\/2012\/05\/regnitz-300x131.jpg 300w, https:\/\/www.frankensicht.de\/wp-content\/uploads\/2012\/05\/regnitz-173x75.jpg 173w, https:\/\/www.frankensicht.de\/wp-content\/uploads\/2012\/05\/regnitz.jpeg 393w\" sizes=\"auto, (max-width: 300px) 100vw, 300px\" \/><\/a><\/p>\n","protected":false},"excerpt":{"rendered":"<p>Erlangen: Um das Vorgehen f\u00fcr eine m\u00f6gliche Flurneuordnung im Regnitzgrund ging es vor kurzem bei einem Seminar, das vom Amt f\u00fcr L\u00e4ndliche Entwicklung und vom Baureferat der Stadt Erlangen organisiert worden war. An der Schule f\u00fcr Dorf- und Flurentwicklung in Klosterlangheim kamen dazu Landwirte, Grundst\u00fcckseigent\u00fcmer sowie Vertreter des Wasserwirtschaftsamtes und der Kommune, angef\u00fchrt von Baureferent [&hellip;]<\/p>\n","protected":false},"author":7,"featured_media":1534,"comment_status":"open","ping_status":"open","sticky":false,"template":"","format":"standard","meta":{"footnotes":""},"categories":[111,71,85],"tags":[393],"class_list":["post-1533","post","type-post","status-publish","format-standard","has-post-thumbnail","hentry","category-erlangen-mittelfranken","category-menue","category-mittelfranken","tag-regnitz"],"_links":{"self":[{"href":"https:\/\/www.frankensicht.de\/index.php?rest_route=\/wp\/v2\/posts\/1533","targetHints":{"allow":["GET"]}}],"collection":[{"href":"https:\/\/www.frankensicht.de\/index.php?rest_route=\/wp\/v2\/posts"}],"about":[{"href":"https:\/\/www.frankensicht.de\/index.php?rest_route=\/wp\/v2\/types\/post"}],"author":[{"embeddable":true,"href":"https:\/\/www.frankensicht.de\/index.php?rest_route=\/wp\/v2\/users\/7"}],"replies":[{"embeddable":true,"href":"https:\/\/www.frankensicht.de\/index.php?rest_route=%2Fwp%2Fv2%2Fcomments&post=1533"}],"version-history":[{"count":0,"href":"https:\/\/www.frankensicht.de\/index.php?rest_route=\/wp\/v2\/posts\/1533\/revisions"}],"wp:featuredmedia":[{"embeddable":true,"href":"https:\/\/www.frankensicht.de\/index.php?rest_route=\/wp\/v2\/media\/1534"}],"wp:attachment":[{"href":"https:\/\/www.frankensicht.de\/index.php?rest_route=%2Fwp%2Fv2%2Fmedia&parent=1533"}],"wp:term":[{"taxonomy":"category","embeddable":true,"href":"https:\/\/www.frankensicht.de\/index.php?rest_route=%2Fwp%2Fv2%2Fcategories&post=1533"},{"taxonomy":"post_tag","embeddable":true,"href":"https:\/\/www.frankensicht.de\/index.php?rest_route=%2Fwp%2Fv2%2Ftags&post=1533"}],"curies":[{"name":"wp","href":"https:\/\/api.w.org\/{rel}","templated":true}]}}