{"id":1498,"date":"2012-05-14T15:03:17","date_gmt":"2012-05-14T13:03:17","guid":{"rendered":"http:\/\/www.frankensicht.de\/?p=1498"},"modified":"2012-05-14T15:03:17","modified_gmt":"2012-05-14T13:03:17","slug":"briefmarke-grimms-marchen","status":"publish","type":"post","link":"https:\/\/www.frankensicht.de\/?p=1498","title":{"rendered":"Briefmarke Grimms M\u00e4rchen"},"content":{"rendered":"<p><span style=\"color: #ff0000;\">Kassel:<\/span><\/p>\n<p>Und wenn sie nicht gestorben sind ?<\/p>\n<p>Staatssekret\u00e4r Hartmut Koschyk stellt in Kassel M\u00fcnze und Briefmarke &#8222;200 Jahre Grimms M\u00e4rchen&#8220; vor<\/p>\n<p>Ab dem 14. Juni 2012 ist die Briefmarke und Gedenkm\u00fcnze erh\u00e4ltlich.<\/p>\n<p>Quelle: Bundesfinanzministerium.de<\/p>\n<p><a href=\"https:\/\/www.frankensicht.de\/?attachment_id=1499\" rel=\"attachment wp-att-1499\"><img loading=\"lazy\" decoding=\"async\" class=\"alignnone size-full wp-image-1499\" title=\"grimms\" src=\"https:\/\/www.frankensicht.de\/wp-content\/uploads\/2012\/05\/grimms.jpeg\" alt=\"\" width=\"246\" height=\"174\" \/><\/a><\/p>\n","protected":false},"excerpt":{"rendered":"<p>Kassel: Und wenn sie nicht gestorben sind ? Staatssekret\u00e4r Hartmut Koschyk stellt in Kassel M\u00fcnze und Briefmarke &#8222;200 Jahre Grimms M\u00e4rchen&#8220; vor Ab dem 14. Juni 2012 ist die Briefmarke und Gedenkm\u00fcnze erh\u00e4ltlich. Quelle: Bundesfinanzministerium.de<\/p>\n","protected":false},"author":7,"featured_media":1499,"comment_status":"open","ping_status":"open","sticky":false,"template":"","format":"standard","meta":{"footnotes":""},"categories":[10],"tags":[386],"class_list":["post-1498","post","type-post","status-publish","format-standard","has-post-thumbnail","hentry","category-kultur","tag-grimms-marchen"],"_links":{"self":[{"href":"https:\/\/www.frankensicht.de\/index.php?rest_route=\/wp\/v2\/posts\/1498","targetHints":{"allow":["GET"]}}],"collection":[{"href":"https:\/\/www.frankensicht.de\/index.php?rest_route=\/wp\/v2\/posts"}],"about":[{"href":"https:\/\/www.frankensicht.de\/index.php?rest_route=\/wp\/v2\/types\/post"}],"author":[{"embeddable":true,"href":"https:\/\/www.frankensicht.de\/index.php?rest_route=\/wp\/v2\/users\/7"}],"replies":[{"embeddable":true,"href":"https:\/\/www.frankensicht.de\/index.php?rest_route=%2Fwp%2Fv2%2Fcomments&post=1498"}],"version-history":[{"count":0,"href":"https:\/\/www.frankensicht.de\/index.php?rest_route=\/wp\/v2\/posts\/1498\/revisions"}],"wp:featuredmedia":[{"embeddable":true,"href":"https:\/\/www.frankensicht.de\/index.php?rest_route=\/wp\/v2\/media\/1499"}],"wp:attachment":[{"href":"https:\/\/www.frankensicht.de\/index.php?rest_route=%2Fwp%2Fv2%2Fmedia&parent=1498"}],"wp:term":[{"taxonomy":"category","embeddable":true,"href":"https:\/\/www.frankensicht.de\/index.php?rest_route=%2Fwp%2Fv2%2Fcategories&post=1498"},{"taxonomy":"post_tag","embeddable":true,"href":"https:\/\/www.frankensicht.de\/index.php?rest_route=%2Fwp%2Fv2%2Ftags&post=1498"}],"curies":[{"name":"wp","href":"https:\/\/api.w.org\/{rel}","templated":true}]}}