{"id":14959,"date":"2022-05-26T08:42:26","date_gmt":"2022-05-26T06:42:26","guid":{"rendered":"https:\/\/www.frankensicht.de\/?p=14959"},"modified":"2022-05-26T08:42:26","modified_gmt":"2022-05-26T06:42:26","slug":"habeck-in-bruessel-positive-signale-im-beihilfeverfahren-zur-bundesfoerderung-effiziente-waermenetze-erhalten","status":"publish","type":"post","link":"https:\/\/www.frankensicht.de\/?p=14959","title":{"rendered":"Habeck in Br\u00fcssel: \u201ePositive Signale im Beihilfeverfahren zur Bundesf\u00f6rderung Effiziente W\u00e4rmenetze erhalten\u201c"},"content":{"rendered":"<p><span style=\"color: #ff0000;\">Berlin:<\/span><\/p>\n<p>Habeck in Br\u00fcssel: \u201ePositive Signale im Beihilfeverfahren zur Bundesf\u00f6rderung Effiziente W\u00e4rmenetze<br \/>\nerhalten\u201c<\/p>\n<p>Bundeswirtschaftsminister Habeck ist heute zu Gespr\u00e4chen in Br\u00fcssel. Er trifft sich dort mit<br \/>\nVizepr\u00e4sident \u0160ef\u010dovi\u010d, Energiekommissarin Kadri Simson, Binnenmarktkommissar Thierry Breton und<br \/>\nExekutiv- Vizepr\u00e4sidentin Margrethe Vestager. Die Themenpalette ist gro\u00df und reicht von der<br \/>\naktuellen Lage in der Ukraine, \u00fcber Fitfor55 bis hin zu konkreten gemeinsamen Projekten. Ein<br \/>\nwichtiger Schritt konnte im Beihilfeverfahren zur sogenannten Bundesf\u00f6rderung f\u00fcr effiziente<br \/>\nW\u00e4rmenetze (BEW) erreicht werden. Hier hat die Europ\u00e4ische Kommission eine vorl\u00e4ufige positive<br \/>\nBewertung abgegeben. Die Kommission wird nun das Verfahren weiter vorantreiben, damit die<br \/>\nendg\u00fcltige Beihilfeentscheidung z\u00fcgig erlassen werden kann.<\/p>\n<p><a href=\"https:\/\/www.frankensicht.de\/?attachment_id=6571\" rel=\"attachment wp-att-6571\"><img loading=\"lazy\" decoding=\"async\" class=\"alignnone size-medium wp-image-6571\" src=\"https:\/\/www.frankensicht.de\/wp-content\/uploads\/2013\/12\/euro-fahne-300x200.jpg\" alt=\"\" width=\"300\" height=\"200\" srcset=\"https:\/\/www.frankensicht.de\/wp-content\/uploads\/2013\/12\/euro-fahne-300x200.jpg 300w, https:\/\/www.frankensicht.de\/wp-content\/uploads\/2013\/12\/euro-fahne-220x146.jpg 220w, https:\/\/www.frankensicht.de\/wp-content\/uploads\/2013\/12\/euro-fahne.jpg 794w\" sizes=\"auto, (max-width: 300px) 100vw, 300px\" \/><\/a><\/p>\n<p>Vizekanzler und Bundeswirtschafts- und Klimaschutzminister Habeck: \u201eKlimaneutralit\u00e4t bis 2045<br \/>\nerfordert enorme Fortschritte im W\u00e4rmebereich. Eine Schl\u00fcsselrolle spielen dabei Fernw\u00e4rmenetze:<br \/>\n\u00dcber sie k\u00f6nnen sich in Zukunft viele Haushalte effizient und kosteng\u00fcnstig mit gr\u00fcner W\u00e4rme<br \/>\nversorgen; auch Abw\u00e4rme aus industriellen Prozessen kann \u00fcber W\u00e4rmenetze genutzt werden. Um diese<br \/>\nEntwicklung voranzutreiben, m\u00fcssen wir die Umstellung der W\u00e4rmenetze auf CO2-Neutralit\u00e4t mit den<br \/>\nrichtigen Anreizen f\u00f6rdern. Wir haben daher ein neues F\u00f6rderprogramm f\u00fcr nachhaltige Fernw\u00e4rme<br \/>\naufgelegt und der Europ\u00e4ischen Kommission zur Pr\u00fcfung vorgelegt. Ich begr\u00fc\u00dfe die vorl\u00e4ufige<br \/>\npositive Bewertung sehr. Das Programm ist f\u00fcr uns ein wichtiger Schritt, um die Klimaziele im<br \/>\nW\u00e4rmesektor zu erreichen.\u201c<\/p>\n<p>Die BEW soll die Umstellung von Fernw\u00e4rme auf CO2-Neutralit\u00e4t unterst\u00fctzen. Das F\u00f6rderprogramm soll<br \/>\ndie richtigen finanziellen Anreize f\u00fcr W\u00e4rmenetzbetreiber setzen, um in neue W\u00e4rmenetze zu<br \/>\ninvestieren und bestehende Netze so umzubauen, dass sie zunehmend durch W\u00e4rme aus erneuerbaren<br \/>\nEnergien und Abw\u00e4rme gespeist werden k\u00f6nnen.<\/p>\n<p>https:\/\/www.bmwk.de\/Redaktion\/DE\/Pressemitteilungen\/2022\/05\/20220524-habeck-in-brussel-positive-signale-im-beihilfeverfahren-zur-bundesforderung-effiziente-warmenetze-erhalten.html<\/p>\n<p>Quelle: abo-bmwi.de<\/p>\n","protected":false},"excerpt":{"rendered":"<p>Berlin: Habeck in Br\u00fcssel: \u201ePositive Signale im Beihilfeverfahren zur Bundesf\u00f6rderung Effiziente W\u00e4rmenetze erhalten\u201c Bundeswirtschaftsminister Habeck ist heute zu Gespr\u00e4chen in Br\u00fcssel. Er trifft sich dort mit Vizepr\u00e4sident \u0160ef\u010dovi\u010d, Energiekommissarin Kadri Simson, Binnenmarktkommissar Thierry Breton und Exekutiv- Vizepr\u00e4sidentin Margrethe Vestager. Die Themenpalette ist gro\u00df und reicht von der aktuellen Lage in der Ukraine, \u00fcber Fitfor55 bis [&hellip;]<\/p>\n","protected":false},"author":7,"featured_media":6571,"comment_status":"closed","ping_status":"open","sticky":false,"template":"","format":"standard","meta":{"footnotes":""},"categories":[44,75,3],"tags":[3671],"class_list":["post-14959","post","type-post","status-publish","format-standard","has-post-thumbnail","hentry","category-deutschland-2","category-europa-2","category-news","tag-beihilfeverfahren"],"_links":{"self":[{"href":"https:\/\/www.frankensicht.de\/index.php?rest_route=\/wp\/v2\/posts\/14959","targetHints":{"allow":["GET"]}}],"collection":[{"href":"https:\/\/www.frankensicht.de\/index.php?rest_route=\/wp\/v2\/posts"}],"about":[{"href":"https:\/\/www.frankensicht.de\/index.php?rest_route=\/wp\/v2\/types\/post"}],"author":[{"embeddable":true,"href":"https:\/\/www.frankensicht.de\/index.php?rest_route=\/wp\/v2\/users\/7"}],"replies":[{"embeddable":true,"href":"https:\/\/www.frankensicht.de\/index.php?rest_route=%2Fwp%2Fv2%2Fcomments&post=14959"}],"version-history":[{"count":1,"href":"https:\/\/www.frankensicht.de\/index.php?rest_route=\/wp\/v2\/posts\/14959\/revisions"}],"predecessor-version":[{"id":14960,"href":"https:\/\/www.frankensicht.de\/index.php?rest_route=\/wp\/v2\/posts\/14959\/revisions\/14960"}],"wp:featuredmedia":[{"embeddable":true,"href":"https:\/\/www.frankensicht.de\/index.php?rest_route=\/wp\/v2\/media\/6571"}],"wp:attachment":[{"href":"https:\/\/www.frankensicht.de\/index.php?rest_route=%2Fwp%2Fv2%2Fmedia&parent=14959"}],"wp:term":[{"taxonomy":"category","embeddable":true,"href":"https:\/\/www.frankensicht.de\/index.php?rest_route=%2Fwp%2Fv2%2Fcategories&post=14959"},{"taxonomy":"post_tag","embeddable":true,"href":"https:\/\/www.frankensicht.de\/index.php?rest_route=%2Fwp%2Fv2%2Ftags&post=14959"}],"curies":[{"name":"wp","href":"https:\/\/api.w.org\/{rel}","templated":true}]}}