{"id":14957,"date":"2022-05-25T08:40:40","date_gmt":"2022-05-25T06:40:40","guid":{"rendered":"https:\/\/www.frankensicht.de\/?p=14957"},"modified":"2022-05-25T08:44:04","modified_gmt":"2022-05-25T06:44:04","slug":"14957","status":"publish","type":"post","link":"https:\/\/www.frankensicht.de\/?p=14957","title":{"rendered":"Bayerisches Kabinett: Amtswechsel bei der Generalstaatsanwaltschaft N\u00fcrnberg \/ Generalstaatsanwalt Andreas Wimmer folgt Dr. Walter Kimmel"},"content":{"rendered":"<p><span style=\"color: #ff0000;\">N\u00fcrnberg:<\/span><\/p>\n<p>Bayerisches Kabinett: Amtswechsel bei der Generalstaatsanwaltschaft N\u00fcrnberg \/ Generalstaatsanwalt Andreas Wimmer folgt Dr. Walter Kimmel<\/p>\n<p>Das bayerische Kabinett hat heute (24. Mai) Andreas Wimmer zum neuen Generalstaatsanwalt in N\u00fcrnberg ernannt. Andreas Wimmer wird sein neues Amt zum 1. August 2022 antreten. Der noch amtierende Generalstaatsanwalt Dr. Walter Kimmel wird dann in den Ruhestand treten.<\/p>\n<p>Bayerns Justizminister Georg Eisenreich: &#8222;Ich gratuliere Herrn Andreas Wimmer zu seiner neuen Aufgabe als Generalstaatsanwalt in N\u00fcrnberg. Gleichzeitig gilt mein gro\u00dfer Dank Herrn Generalstaatsanwalt Dr. Walter Kimmel f\u00fcr sein herausragendes Engagement f\u00fcr die bayerische Justiz.&#8220;<\/p>\n<p>Minister Eisenreich zum bisherigen Amtsinhaber Dr. Walter Kimmel: &#8222;Mit Ihrer herausragenden Fachkompetenz, Ihrem unerm\u00fcdlichen Engagement und Ihrer gro\u00dfen Entschlusskraft haben Sie die Generalstaatsanwaltschaft N\u00fcrnberg ma\u00dfgeblich gepr\u00e4gt. Sie waren ein hochengagierter Beh\u00f6rdenleiter und stets ein Vorbild f\u00fcr andere. Herzlichen Dank f\u00fcr all das, was Sie in den vergangenen Jahrzehnten f\u00fcr die bayerische Justiz geleistet haben. F\u00fcr Ihren Ruhestand w\u00fcnsche ich Ihnen alles Gute.&#8220;<\/p>\n<p>Der Justizminister zum neuen Generalstaatsanwalt in N\u00fcrnberg, Andreas Wimmer: &#8222;In allen Stationen Ihrer Laufbahn haben Sie mit hervorragender fachlicher Kompetenz \u00fcberzeugt. Sie \u00fcben Ihren Beruf mit gro\u00dfer Leidenschaft und unerm\u00fcdlichem Engagement aus. Ihre strafrechtliche Expertise und Ihre F\u00fchrungsst\u00e4rke machen Sie f\u00fcr die Generalstaatsanwaltschaft N\u00fcrnberg deshalb zu einer Idealbesetzung. Ich bin \u00fcberzeugt, dass Sie die Generalstaatsanwaltschaft N\u00fcrnberg mit gro\u00dfem Erfolg weiterf\u00fchren werden.&#8220;<\/p>\n<p><a href=\"https:\/\/www.frankensicht.de\/?attachment_id=1410\" rel=\"attachment wp-att-1410\"><img loading=\"lazy\" decoding=\"async\" class=\"alignnone size-medium wp-image-1410\" src=\"https:\/\/www.frankensicht.de\/wp-content\/uploads\/2012\/05\/paragraf-300x187.jpg\" alt=\"\" width=\"300\" height=\"187\" srcset=\"https:\/\/www.frankensicht.de\/wp-content\/uploads\/2012\/05\/paragraf-300x187.jpg 300w, https:\/\/www.frankensicht.de\/wp-content\/uploads\/2012\/05\/paragraf.jpg 640w\" sizes=\"auto, (max-width: 300px) 100vw, 300px\" \/><\/a><\/p>\n<p>Hintergrund:<\/p>\n<p>Dr. Walter Kimmel (68 Jahre) trat seine erste Stellung in der bayerischen Justiz 1981 als Richter in Regensburg an und war sp\u00e4ter als Staatsanwalt in N\u00fcrnberg-F\u00fcrth eingesetzt. Ab Oktober 1988 war er f\u00fcr rund f\u00fcnf Jahre als Richter am Landgericht N\u00fcrnberg-F\u00fcrth t\u00e4tig, bevor er im August 1993 als Gruppenleiter wieder an die dortige Staatsanwaltschaft wechselte. Es folgten Stationen als Vorsitzender Richter am Landgericht sowie als Oberstaatsanwalt und st\u00e4ndiger Vertreter des Leitenden Oberstaatsanwalts in N\u00fcrnberg-F\u00fcrth. Im November 2008 wurde er zum Leitenden Oberstaatsanwalt bei der Generalstaatsanwaltschaft N\u00fcrnberg ernannt, bevor er im Juli 2013 als Leitender Oberstaatsanwalt an die Staatsanwaltschaft N\u00fcrnberg-F\u00fcrth zur\u00fcckkehrte. Seit 1. Februar 2020 war Dr. Kimmel Generalstaatsanwalt in N\u00fcrnberg.<\/p>\n<p>Andreas Wimmer (61 Jahre) begann seine Justizkarriere im Jahre 1989 bei der Staatsanwaltschaft M\u00fcnchen I. Nach sechs Monaten wechselte er f\u00fcr zweieinhalb Jahre ins Bayerische Justizministerium. Nach zehn Monaten als Richter am Landgericht M\u00fcnchen I war er von 1993 bis 1996 an das Bayerische Staatsministerium f\u00fcr Bundes- und Europaangelegenheiten abgeordnet und anschlie\u00dfend im Bayerischen Staatsministerium der Justiz t\u00e4tig. 2005 folgte eine Versetzung an das Oberlandesgericht M\u00fcnchen mit teilweiser Abordnung an das Bayerische Oberste Landesgericht. Ab 2006 war Herr Wimmer f\u00fcr weitere f\u00fcnf Jahre am Bayerischen Staatsministerium der Justiz t\u00e4tig, bevor er im November 2011 als Leitender Oberstaatsanwalt zur Generalstaatsanwaltschaft M\u00fcnchen wechselte. Seit 2013 war er dort st\u00e4ndiger Vertreter des Generalstaatsanwalts und unter anderem f\u00fcr Revisionen, Gesetzesvorhaben sowie Terrorismusbek\u00e4mpfung und Grundsatzfragen des Prozessrechts zust\u00e4ndig. 2018 wurde er zum Pr\u00e4sidenten des Landgerichts Landshut ernannt, 2020 zum Pr\u00e4sidenten des Landgerichts Augsburg. Ab 1. August 2022 ist Andreas Wimmer neuer Generalstaatsanwalt in N\u00fcrnberg.<\/p>\n<p>Quelle: stmj.bayern.de<\/p>\n","protected":false},"excerpt":{"rendered":"<p>N\u00fcrnberg: Bayerisches Kabinett: Amtswechsel bei der Generalstaatsanwaltschaft N\u00fcrnberg \/ Generalstaatsanwalt Andreas Wimmer folgt Dr. Walter Kimmel Das bayerische Kabinett hat heute (24. Mai) Andreas Wimmer zum neuen Generalstaatsanwalt in N\u00fcrnberg ernannt. Andreas Wimmer wird sein neues Amt zum 1. August 2022 antreten. Der noch amtierende Generalstaatsanwalt Dr. Walter Kimmel wird dann in den Ruhestand treten. [&hellip;]<\/p>\n","protected":false},"author":7,"featured_media":1410,"comment_status":"closed","ping_status":"open","sticky":false,"template":"","format":"standard","meta":{"footnotes":""},"categories":[78,85,100],"tags":[3670],"class_list":["post-14957","post","type-post","status-publish","format-standard","has-post-thumbnail","hentry","category-bayern","category-mittelfranken","category-nurnberg-mittelfranken","tag-dr-walter-kimmel"],"_links":{"self":[{"href":"https:\/\/www.frankensicht.de\/index.php?rest_route=\/wp\/v2\/posts\/14957","targetHints":{"allow":["GET"]}}],"collection":[{"href":"https:\/\/www.frankensicht.de\/index.php?rest_route=\/wp\/v2\/posts"}],"about":[{"href":"https:\/\/www.frankensicht.de\/index.php?rest_route=\/wp\/v2\/types\/post"}],"author":[{"embeddable":true,"href":"https:\/\/www.frankensicht.de\/index.php?rest_route=\/wp\/v2\/users\/7"}],"replies":[{"embeddable":true,"href":"https:\/\/www.frankensicht.de\/index.php?rest_route=%2Fwp%2Fv2%2Fcomments&post=14957"}],"version-history":[{"count":2,"href":"https:\/\/www.frankensicht.de\/index.php?rest_route=\/wp\/v2\/posts\/14957\/revisions"}],"predecessor-version":[{"id":14961,"href":"https:\/\/www.frankensicht.de\/index.php?rest_route=\/wp\/v2\/posts\/14957\/revisions\/14961"}],"wp:featuredmedia":[{"embeddable":true,"href":"https:\/\/www.frankensicht.de\/index.php?rest_route=\/wp\/v2\/media\/1410"}],"wp:attachment":[{"href":"https:\/\/www.frankensicht.de\/index.php?rest_route=%2Fwp%2Fv2%2Fmedia&parent=14957"}],"wp:term":[{"taxonomy":"category","embeddable":true,"href":"https:\/\/www.frankensicht.de\/index.php?rest_route=%2Fwp%2Fv2%2Fcategories&post=14957"},{"taxonomy":"post_tag","embeddable":true,"href":"https:\/\/www.frankensicht.de\/index.php?rest_route=%2Fwp%2Fv2%2Ftags&post=14957"}],"curies":[{"name":"wp","href":"https:\/\/api.w.org\/{rel}","templated":true}]}}