{"id":14908,"date":"2022-05-02T08:14:02","date_gmt":"2022-05-02T06:14:02","guid":{"rendered":"https:\/\/www.frankensicht.de\/?p=14908"},"modified":"2022-05-02T08:14:02","modified_gmt":"2022-05-02T06:14:02","slug":"bayerisches-erfolgsmodell-gegen-radikalisierung-hinter-gittern","status":"publish","type":"post","link":"https:\/\/www.frankensicht.de\/?p=14908","title":{"rendered":"Bayerisches Erfolgsmodell gegen Radikalisierung hinter Gittern"},"content":{"rendered":"<p><span style=\"color: #ff0000;\">M\u00fcnchen:<\/span><\/p>\n<p>\/ Neue Studie belegt: &#8222;ReStart&#8220; reduziert fundamentalistische Einstellungen bei Gefangenen \/ Justizminister Eisenreich: &#8222;Der Justizvollzug darf kein N\u00e4hrboden f\u00fcr Extremismus werden. Deshalb verl\u00e4ngern wir das Projekt mit Ahmad Mansour.&#8220;<\/p>\n<p>Haftanstalten d\u00fcrfen nicht &amp;ndash; wie beispielsweise in Frankreich im Zusammenhang mit den Anschl\u00e4gen in Paris geschehen &amp;ndash; zu Radikalisierungsorten von Gefangenen werden. Die bayerische Justiz ist sich der Gefahr seit langem bewusst und hat fr\u00fchzeitig das Ma\u00dfnahmenpaket im Justizvollzug um das Projekt &#8222;ReStart Freiheit beginnt im Kopf&#8220; zur Islamismusbek\u00e4mpfung und Radikalisierungspr\u00e4vention mit dem renommierten Psychologen Ahmad Mansour erg\u00e4nzt.<\/p>\n<p><a href=\"https:\/\/www.frankensicht.de\/?attachment_id=3276\" rel=\"attachment wp-att-3276\"><img loading=\"lazy\" decoding=\"async\" class=\"alignnone size-medium wp-image-3276\" src=\"https:\/\/www.frankensicht.de\/wp-content\/uploads\/2012\/07\/knast-300x225.png\" alt=\"\" width=\"300\" height=\"225\" srcset=\"https:\/\/www.frankensicht.de\/wp-content\/uploads\/2012\/07\/knast-300x225.png 300w, https:\/\/www.frankensicht.de\/wp-content\/uploads\/2012\/07\/knast.png 840w\" sizes=\"auto, (max-width: 300px) 100vw, 300px\" \/><\/a><br \/>\nDer Vorsitzende der 93. Justizministerkonferenz und bayerische Justizminister Georg Eisenreich: &#8222;Der Justizvollzug darf kein N\u00e4hrboden f\u00fcr Extremismus werden. Deshalb freue ich mich sehr, dass sich das Projekt &#8218;ReStart&#8216; als echtes Erfolgsmodell erwiesen hat. Es reduziert nachweislich fundamentalistische Einstellungen. Bislang haben bereits mehr als 1.500 Gefangene teilgenommen. Mir ist wichtig, dass wir gerade junge Straft\u00e4ter vor Radikalisierung sch\u00fctzen, die besonders leicht zu beeinflussen sind.&#8220;<\/p>\n<p>Prof. Dr. Mark Stemmler von der Friedrich-Alexander-Universit\u00e4t Erlangen-N\u00fcrnberg (FAU) wurde im Jahr 2020 mit der Evaluation des Projekts &#8222;ReStart\u00a0 Freiheit beginnt im Kopf&#8220; beauftragt. Der Bayerische Landtag hat die Studie durch die Gew\u00e4hrung besonderer Haushaltsmittel erm\u00f6glicht. Eisenreich: &#8222;Das Ergebnis ist sehr erfreulich: Die Wissenschaftler bewerten &#8218;ReStart&#8216; als eine wertvolle Ma\u00dfnahme, mit der junge Straft\u00e4ter aus patriarchalisch gepr\u00e4gten Kulturen erreicht werden k\u00f6nnen. Den gr\u00f6\u00dften Effekt hatte das Projekt auf fundamentalistische Einstellungen, die sich nach den Workshops deutlich reduziert hatten. Sie f\u00fchrten auch dazu, unerw\u00fcnschte Einstellungen wie politische Ressentiments, traditionellen Gehorsam, Patriarchalismus und Sexismus abzubauen.&#8220; Die Vorsitzende des Rechtsausschusses im Bayerischen Landtag Petra Guttenberger: &#8222;Die Evaluation verdeutlicht, dass das Hinterfragen gesellschaftlicher Strukturen und das Hinterfragen der eigenen Denkstruktur eine Basis f\u00fcr ein erfolgreiches gesellschaftliches Miteinander schafft. Einmal mehr zeigt sich, dass diese Initiative dazu beitragen kann, islamistischen und anderen ideologisch gepr\u00e4gten Straftaten auf Dauer etwas entgegenzusetzen.&#8220;<\/p>\n<p>Das Konzept von &#8222;ReStart&#8220; wurde 2017 von der im Justizministerium angesiedelten Zentralen Koordinierungsstelle f\u00fcr Ma\u00dfnahmen gegen Salafismus\/Islamismus im Justizvollzug (jetzt: Zentrale Koordinierungsstelle f\u00fcr Ma\u00dfnahmen gegen Extremismus im Justizvollzug, angesiedelt bei der Justizvollzugsanstalt N\u00fcrnberg) und der Mansour-Initiative f\u00fcr Demokratief\u00f6rderung und Extremismuspr\u00e4vention (kurz MIND prevention) speziell f\u00fcr die Bed\u00fcrfnisse des bayerischen Justizvollzugs entwickelt. Speziell geschulte P\u00e4dagogen und Psychologen mit \u00e4hnlichem sozio-kulturellen Hintergrund arbeiten mit den Gefangenen in aufeinander aufbauenden Workshops. Darin werden Tabuthemen und Wertevollstellungen, die den N\u00e4hrboden f\u00fcr extremistische Radikalisierungstendenzen bilden, in Rollenspielen aufgearbeitet (sog. Peer-Education-Ansatz).<\/p>\n<p>Bislang fanden die Workshops vor allem in f\u00fcnf Justizvollzugsanstalten in Bayern statt (Ebrach, Laufen-Lebenau, M\u00fcnchen, Neuburg-Herrenw\u00f6rth und Niedersch\u00f6nenfeld). Minister Eisenreich k\u00fcndigt an: &#8222;Die Resonanz ist \u00fcberaus positiv, bei Projektteilnehmern, Experten wie Bediensteten. Deshalb werde ich das Projekt verl\u00e4ngern und auf weitere Vollzugsanstalten in Bayern ausweiten. Ahmad Mansour und seinem Team m\u00f6chte ich f\u00fcr seine wertvolle Arbeit herzlich danken. Unser zentrales Ziel im Justizvollzug ist die Resozialisierung. Wir wollen den Gefangenen eine Perspektive nach der Haft geben, die frei von Gewalt ist. Das Projekt ist auch eine Investition in die Sicherheit der B\u00fcrgerinnen und B\u00fcrger Bayerns.&#8220;<\/p>\n<p>Hintergrund:<\/p>\n<p>Inhaltlich werden bei den Workshops von &#8222;ReStart&#8220; folgende Themen er\u00f6rtert:<\/p>\n<p>Geschlechterrollen und religi\u00f6se Geschlechterverh\u00e4ltnisse;<\/p>\n<p>Patriarchalische Strukturen in Bezug zum Islamverst\u00e4ndnis;<\/p>\n<p>Aufbrechen bestimmter Denkmuster, die den ideologischen N\u00e4hrboden f\u00fcr Extremismus bilden, sowie Erlernen von verschiedenen Kommunikationsstrategien durch Diskussion und Auseinandersetzung;<\/p>\n<p>Erziehung in den Familien und ihre Konsequenzen f\u00fcr Radikalisierungsprozesse;<\/p>\n<p>Fragen der eigenen Identit\u00e4t.<\/p>\n<p>Quelle: stmj.bayern.de<\/p>\n","protected":false},"excerpt":{"rendered":"<p>M\u00fcnchen: \/ Neue Studie belegt: &#8222;ReStart&#8220; reduziert fundamentalistische Einstellungen bei Gefangenen \/ Justizminister Eisenreich: &#8222;Der Justizvollzug darf kein N\u00e4hrboden f\u00fcr Extremismus werden. Deshalb verl\u00e4ngern wir das Projekt mit Ahmad Mansour.&#8220; Haftanstalten d\u00fcrfen nicht &amp;ndash; wie beispielsweise in Frankreich im Zusammenhang mit den Anschl\u00e4gen in Paris geschehen &amp;ndash; zu Radikalisierungsorten von Gefangenen werden. Die bayerische Justiz [&hellip;]<\/p>\n","protected":false},"author":7,"featured_media":3276,"comment_status":"closed","ping_status":"open","sticky":false,"template":"","format":"standard","meta":{"footnotes":""},"categories":[78,71],"tags":[3651],"class_list":["post-14908","post","type-post","status-publish","format-standard","has-post-thumbnail","hentry","category-bayern","category-menue","tag-freiheit"],"_links":{"self":[{"href":"https:\/\/www.frankensicht.de\/index.php?rest_route=\/wp\/v2\/posts\/14908","targetHints":{"allow":["GET"]}}],"collection":[{"href":"https:\/\/www.frankensicht.de\/index.php?rest_route=\/wp\/v2\/posts"}],"about":[{"href":"https:\/\/www.frankensicht.de\/index.php?rest_route=\/wp\/v2\/types\/post"}],"author":[{"embeddable":true,"href":"https:\/\/www.frankensicht.de\/index.php?rest_route=\/wp\/v2\/users\/7"}],"replies":[{"embeddable":true,"href":"https:\/\/www.frankensicht.de\/index.php?rest_route=%2Fwp%2Fv2%2Fcomments&post=14908"}],"version-history":[{"count":1,"href":"https:\/\/www.frankensicht.de\/index.php?rest_route=\/wp\/v2\/posts\/14908\/revisions"}],"predecessor-version":[{"id":14909,"href":"https:\/\/www.frankensicht.de\/index.php?rest_route=\/wp\/v2\/posts\/14908\/revisions\/14909"}],"wp:featuredmedia":[{"embeddable":true,"href":"https:\/\/www.frankensicht.de\/index.php?rest_route=\/wp\/v2\/media\/3276"}],"wp:attachment":[{"href":"https:\/\/www.frankensicht.de\/index.php?rest_route=%2Fwp%2Fv2%2Fmedia&parent=14908"}],"wp:term":[{"taxonomy":"category","embeddable":true,"href":"https:\/\/www.frankensicht.de\/index.php?rest_route=%2Fwp%2Fv2%2Fcategories&post=14908"},{"taxonomy":"post_tag","embeddable":true,"href":"https:\/\/www.frankensicht.de\/index.php?rest_route=%2Fwp%2Fv2%2Ftags&post=14908"}],"curies":[{"name":"wp","href":"https:\/\/api.w.org\/{rel}","templated":true}]}}