{"id":14903,"date":"2022-04-30T08:27:53","date_gmt":"2022-04-30T06:27:53","guid":{"rendered":"https:\/\/www.frankensicht.de\/?p=14903"},"modified":"2022-04-30T08:27:53","modified_gmt":"2022-04-30T06:27:53","slug":"wissenschaftlicher-beirat-beim-bmwk-veroeffentlicht-gutachten-zur-zukunft-der-arbeit-in-der-digitalen-transformation","status":"publish","type":"post","link":"https:\/\/www.frankensicht.de\/?p=14903","title":{"rendered":"Wissenschaftlicher Beirat beim BMWK ver\u00f6ffentlicht Gutachten zur Zukunft der Arbeit in der digitalen Transformation"},"content":{"rendered":"<p>Berlin:<\/p>\n<p>Wissenschaftlicher Beirat beim BMWK ver\u00f6ffentlicht Gutachten zur Zukunft der Arbeit in der<br \/>\ndigitalen Transformation<\/p>\n<p>Der Wissenschaftliche Beirat beim Bundesministerium f\u00fcr Wirtschaft und Klimaschutz (BMWK) hat heute<br \/>\nein Gutachten zum Thema \u201eDie Zukunft der Arbeit in der digitalen Transformation\u201c ver\u00f6ffentlicht.<br \/>\nDarin empfiehlt der Beirat einen digitalen Aufholprozess zur St\u00e4rkung der Marktposition deutscher<br \/>\nUnternehmen und ein integriertes System der Aus- und Weiterbildung. Das Gutachten des<br \/>\nWissenschaftlichen Beirats lenkt damit den Blick darauf, dass wir aktuell mehrere Transformationen<br \/>\ndurchlaufen: Die Transformation hin zu \u00f6kologischer Nachhaltigkeit und Klimaneutralit\u00e4t und die<br \/>\nfortschreitende Digitalisierung.<\/p>\n<p><a href=\"https:\/\/www.frankensicht.de\/?attachment_id=10003\" rel=\"attachment wp-att-10003\"><img loading=\"lazy\" decoding=\"async\" class=\"alignnone size-medium wp-image-10003\" src=\"https:\/\/www.frankensicht.de\/wp-content\/uploads\/2016\/09\/baeume-300x225.jpg\" alt=\"\" width=\"300\" height=\"225\" srcset=\"https:\/\/www.frankensicht.de\/wp-content\/uploads\/2016\/09\/baeume-300x225.jpg 300w, https:\/\/www.frankensicht.de\/wp-content\/uploads\/2016\/09\/baeume-768x576.jpg 768w, https:\/\/www.frankensicht.de\/wp-content\/uploads\/2016\/09\/baeume-1024x768.jpg 1024w, https:\/\/www.frankensicht.de\/wp-content\/uploads\/2016\/09\/baeume.jpg 1600w\" sizes=\"auto, (max-width: 300px) 100vw, 300px\" \/><\/a><\/p>\n<p>Der Wissenschaftliche Beirat ber\u00e4t das Bundesministerium f\u00fcr Wirtschaft und Klimaschutz unabh\u00e4ngig<br \/>\nin Form von Briefen und Gutachten in Fragen der Wirtschaftspolitik. Den Gegenstand seiner<br \/>\nBeratungen bestimmt der Beirat selbst.<\/p>\n<p>Das Gutachten des Wissenschaftlichen Beirats finden Sie hier.<\/p>\n<p>https:\/\/www.bmwk.de\/Redaktion\/DE\/Pressemitteilungen\/2022\/04\/20220428-wissenschaftlicher-beirat-beim-bmwk-veroffentlicht-gutachten-zur-zukunft-der-arbeit-in-der-digitalen-transformation.html<\/p>\n<p>Quelle:abo-bmwi.de<\/p>\n","protected":false},"excerpt":{"rendered":"<p>Berlin: Wissenschaftlicher Beirat beim BMWK ver\u00f6ffentlicht Gutachten zur Zukunft der Arbeit in der digitalen Transformation Der Wissenschaftliche Beirat beim Bundesministerium f\u00fcr Wirtschaft und Klimaschutz (BMWK) hat heute ein Gutachten zum Thema \u201eDie Zukunft der Arbeit in der digitalen Transformation\u201c ver\u00f6ffentlicht. Darin empfiehlt der Beirat einen digitalen Aufholprozess zur St\u00e4rkung der Marktposition deutscher Unternehmen und ein [&hellip;]<\/p>\n","protected":false},"author":7,"featured_media":10003,"comment_status":"closed","ping_status":"open","sticky":false,"template":"","format":"standard","meta":{"footnotes":""},"categories":[44,3],"tags":[3626],"class_list":["post-14903","post","type-post","status-publish","format-standard","has-post-thumbnail","hentry","category-deutschland-2","category-news","tag-bmwk"],"_links":{"self":[{"href":"https:\/\/www.frankensicht.de\/index.php?rest_route=\/wp\/v2\/posts\/14903","targetHints":{"allow":["GET"]}}],"collection":[{"href":"https:\/\/www.frankensicht.de\/index.php?rest_route=\/wp\/v2\/posts"}],"about":[{"href":"https:\/\/www.frankensicht.de\/index.php?rest_route=\/wp\/v2\/types\/post"}],"author":[{"embeddable":true,"href":"https:\/\/www.frankensicht.de\/index.php?rest_route=\/wp\/v2\/users\/7"}],"replies":[{"embeddable":true,"href":"https:\/\/www.frankensicht.de\/index.php?rest_route=%2Fwp%2Fv2%2Fcomments&post=14903"}],"version-history":[{"count":1,"href":"https:\/\/www.frankensicht.de\/index.php?rest_route=\/wp\/v2\/posts\/14903\/revisions"}],"predecessor-version":[{"id":14904,"href":"https:\/\/www.frankensicht.de\/index.php?rest_route=\/wp\/v2\/posts\/14903\/revisions\/14904"}],"wp:featuredmedia":[{"embeddable":true,"href":"https:\/\/www.frankensicht.de\/index.php?rest_route=\/wp\/v2\/media\/10003"}],"wp:attachment":[{"href":"https:\/\/www.frankensicht.de\/index.php?rest_route=%2Fwp%2Fv2%2Fmedia&parent=14903"}],"wp:term":[{"taxonomy":"category","embeddable":true,"href":"https:\/\/www.frankensicht.de\/index.php?rest_route=%2Fwp%2Fv2%2Fcategories&post=14903"},{"taxonomy":"post_tag","embeddable":true,"href":"https:\/\/www.frankensicht.de\/index.php?rest_route=%2Fwp%2Fv2%2Ftags&post=14903"}],"curies":[{"name":"wp","href":"https:\/\/api.w.org\/{rel}","templated":true}]}}