{"id":14895,"date":"2022-04-27T08:21:30","date_gmt":"2022-04-27T06:21:30","guid":{"rendered":"https:\/\/www.frankensicht.de\/?p=14895"},"modified":"2022-04-27T08:21:30","modified_gmt":"2022-04-27T06:21:30","slug":"weichen-fuer-den-digital-services-act-dsa-in-bruessel-gestellt","status":"publish","type":"post","link":"https:\/\/www.frankensicht.de\/?p=14895","title":{"rendered":"Weichen f\u00fcr den &#8222;Digital Services Act&#8220; (DSA) in Br\u00fcssel gestellt"},"content":{"rendered":"<p><span style=\"color: #ff0000;\">M\u00fcnchen:<\/span><\/p>\n<p>Weichen f\u00fcr den &#8222;Digital Services Act&#8220; (DSA) in Br\u00fcssel gestellt \/ Bayern sieht gro\u00dfe Fortschritte aber auch einen klaren R\u00fcckschritt bei der Bek\u00e4mpfung strafbarer Inhalte im Internet \/ Justizminister Eisenreich: &#8222;Das europ\u00e4ische Regelwerk bleibt hinter dem hohen Schutzniveau des NetzDG deutlich zur\u00fcck.&#8220;<\/p>\n<p>Vertreter des Europ\u00e4ischen Parlaments, des Rates und der EU-Kommission haben heute Nacht (23. April) in den Trilogverhandlungen eine politische Einigung zum &#8222;Digital Services Act&#8220; (DSA) gefunden &amp;ndash; dem k\u00fcnftigen europ\u00e4ischen Regelwerk f\u00fcr Internet-Plattformen. Wegen des Vorrangs des Unionsrechts w\u00fcrden damit die Vorschriften im deutschen Recht, insbesondere das Netzwerkdurchsetzungsgesetz (NetzDG), weitgehend abgel\u00f6st, wenn Rat und Parlament dieser Einigung f\u00f6rmlich zustimmen. Bayerns Justizminister Georg Eisenreich: &#8222;Der DSA kann im weltweiten Kampf gegen Hass und Hetze helfen. Es gibt richtige und wichtige Ans\u00e4tze. Aber: Der DSA f\u00fchrt in seiner jetzigen Fassung an entscheidenden Stellen zu klaren R\u00fcckschritten gegen\u00fcber dem Schutzniveau des deutschen Netzwerkdurchsetzungsgesetzes (NetzDG). Das ist nicht akzeptabel. Wenn der DSA das NetzDG ersetzen soll, dann muss das ein Fortschritt und kein R\u00fcckschritt sein.&#8220;<\/p>\n<p><a href=\"https:\/\/www.frankensicht.de\/?attachment_id=3481\" rel=\"attachment wp-att-3481\"><img loading=\"lazy\" decoding=\"async\" class=\"alignnone size-medium wp-image-3481\" src=\"https:\/\/www.frankensicht.de\/wp-content\/uploads\/2012\/07\/computer-300x225.jpg\" alt=\"\" width=\"300\" height=\"225\" srcset=\"https:\/\/www.frankensicht.de\/wp-content\/uploads\/2012\/07\/computer-300x225.jpg 300w, https:\/\/www.frankensicht.de\/wp-content\/uploads\/2012\/07\/computer.jpg 500w\" sizes=\"auto, (max-width: 300px) 100vw, 300px\" \/><\/a><\/p>\n<p>Justizminister Eisenreich sieht insbesondere bei den folgenden Punkten deutliche R\u00fcckschritte:<\/p>\n<p>L\u00f6schen strafbarer Inhalte: Der DSA in seiner jetzigen Fassung sieht keine generelle gesetzliche und sanktionsbewehrte L\u00f6schpflicht vor. Eisenreich: &#8222;Das hei\u00dft: Selbst wenn Plattformen strafbare Inhalte systematisch nicht l\u00f6schen, droht ihnen &amp;ndash; anders als nach dem NetzDG &amp;ndash; beim DSA kein Bu\u00dfgeld. Das ist ein klarer R\u00fcckschritt.&#8220;<\/p>\n<p>Verfolgung der T\u00e4ter: Plattformen m\u00fcssen bestimmte strafbare Inhalte den Strafverfolgungsbeh\u00f6rden zwar melden. Nicht erfasst sind jedoch &amp;ndash; anders als im NetzDG &amp;ndash; Straftaten gegen die \u00f6ffentliche Ordnung wie etwa Volksverhetzung, Propagandadelikte und Gewaltdarstellungen. Eisenreich: &#8222;Die aktuellen Erfahrungen mit strafbaren Online-Inhalten zum russischen Angriffskrieg auf die Ukraine zeigen, wie wichtig es ist, dass Plattformen auch diese Straftaten melden m\u00fcssen.&#8220;<\/p>\n<p>Der Minister abschlie\u00dfend: &#8222;Der DSA ist eine gro\u00dfe Chance f\u00fcr Europa. Der DSA enth\u00e4lt wichtige Fortschritte. Die Bundesregierung kann aber nach meiner Sicht einer Unterschreitung des Schutzniveaus des NetzDGs nicht zustimmen und muss sich bei den L\u00f6sch- und Meldepflichten f\u00fcr eine L\u00e4nder\u00f6ffnungsklausel einsetzen.&#8220;<\/p>\n<p>Quelle:stmj.bayern.de<\/p>\n","protected":false},"excerpt":{"rendered":"<p>M\u00fcnchen: Weichen f\u00fcr den &#8222;Digital Services Act&#8220; (DSA) in Br\u00fcssel gestellt \/ Bayern sieht gro\u00dfe Fortschritte aber auch einen klaren R\u00fcckschritt bei der Bek\u00e4mpfung strafbarer Inhalte im Internet \/ Justizminister Eisenreich: &#8222;Das europ\u00e4ische Regelwerk bleibt hinter dem hohen Schutzniveau des NetzDG deutlich zur\u00fcck.&#8220; Vertreter des Europ\u00e4ischen Parlaments, des Rates und der EU-Kommission haben heute Nacht [&hellip;]<\/p>\n","protected":false},"author":7,"featured_media":3481,"comment_status":"closed","ping_status":"open","sticky":false,"template":"","format":"standard","meta":{"footnotes":""},"categories":[78,71],"tags":[3647],"class_list":["post-14895","post","type-post","status-publish","format-standard","has-post-thumbnail","hentry","category-bayern","category-menue","tag-dsa"],"_links":{"self":[{"href":"https:\/\/www.frankensicht.de\/index.php?rest_route=\/wp\/v2\/posts\/14895","targetHints":{"allow":["GET"]}}],"collection":[{"href":"https:\/\/www.frankensicht.de\/index.php?rest_route=\/wp\/v2\/posts"}],"about":[{"href":"https:\/\/www.frankensicht.de\/index.php?rest_route=\/wp\/v2\/types\/post"}],"author":[{"embeddable":true,"href":"https:\/\/www.frankensicht.de\/index.php?rest_route=\/wp\/v2\/users\/7"}],"replies":[{"embeddable":true,"href":"https:\/\/www.frankensicht.de\/index.php?rest_route=%2Fwp%2Fv2%2Fcomments&post=14895"}],"version-history":[{"count":1,"href":"https:\/\/www.frankensicht.de\/index.php?rest_route=\/wp\/v2\/posts\/14895\/revisions"}],"predecessor-version":[{"id":14896,"href":"https:\/\/www.frankensicht.de\/index.php?rest_route=\/wp\/v2\/posts\/14895\/revisions\/14896"}],"wp:featuredmedia":[{"embeddable":true,"href":"https:\/\/www.frankensicht.de\/index.php?rest_route=\/wp\/v2\/media\/3481"}],"wp:attachment":[{"href":"https:\/\/www.frankensicht.de\/index.php?rest_route=%2Fwp%2Fv2%2Fmedia&parent=14895"}],"wp:term":[{"taxonomy":"category","embeddable":true,"href":"https:\/\/www.frankensicht.de\/index.php?rest_route=%2Fwp%2Fv2%2Fcategories&post=14895"},{"taxonomy":"post_tag","embeddable":true,"href":"https:\/\/www.frankensicht.de\/index.php?rest_route=%2Fwp%2Fv2%2Ftags&post=14895"}],"curies":[{"name":"wp","href":"https:\/\/api.w.org\/{rel}","templated":true}]}}