{"id":14889,"date":"2022-04-24T08:17:01","date_gmt":"2022-04-24T06:17:01","guid":{"rendered":"https:\/\/www.frankensicht.de\/?p=14889"},"modified":"2022-04-24T08:17:01","modified_gmt":"2022-04-24T06:17:01","slug":"steffi-lemke-ueberreicht-erste-foerderbescheide-fuer-lokale-klimaanpassungsmanagerinnen","status":"publish","type":"post","link":"https:\/\/www.frankensicht.de\/?p=14889","title":{"rendered":"Steffi Lemke \u00fcberreicht erste F\u00f6rderbescheide f\u00fcr lokale Klimaanpassungsmanager*innen"},"content":{"rendered":"<p><span style=\"color: #ff0000;\">Berlin:<\/span><\/p>\n<p>Steffi Lemke \u00fcberreicht erste F\u00f6rderbescheide f\u00fcr lokale<br \/>\nKlimaanpassungsmanager*innen<\/p>\n<p>Kommunale Spitzenverb\u00e4nde begr\u00fc\u00dfen Unterst\u00fctzung des BMUV f\u00fcr<br \/>\nDietzenbach in Hessen und den Kreis Stormarn in Schleswig-Holstein sowie<br \/>\nmehr als 100 weitere St\u00e4dte, Kreise und Gemeinden<\/p>\n<p>Bundesumweltministerin Steffi Lemke hat heute die ersten F\u00f6rderbescheide<br \/>\naus dem novellierten Programm \u201eMa\u00dfnahmen zur Anpassung an die Folgen des<br \/>\nKlimawandels\u201c \u00fcberreicht. Die Kreisstadt Dietzenbach und der Kreis<br \/>\nStormarn werden mit den F\u00f6rdermitteln ein nachhaltiges<br \/>\nKlimaanpassungsmanagement vor Ort aufbauen und die daf\u00fcr n\u00f6tigen<br \/>\nPersonalstellen f\u00fcr Klimaanpassungsmanager*innen finanzieren. In den<br \/>\nkommenden Monaten sollen deutschlandweit in vielen weiteren Kommunen lokale<br \/>\nKlimaanpassungsmanager*innen an den Start gehen. Zus\u00e4tzlich zur F\u00f6rderung<br \/>\nbegleitet das Zentrum KlimaAnpassung (ZKA) die gef\u00f6rderten Kommunen und<br \/>\nihre Besch\u00e4ftigten mit Ma\u00dfnahmen zur Qualifizierung und Vernetzung sowie<br \/>\neinem speziellen Mentoring-Programm. Die F\u00f6rderung und die Angebote des<br \/>\nZKA sind Teil des Sofortprogramms Klimaanpassung, das Steffi Lemke im M\u00e4rz<br \/>\n2022 vorgestellt hat.<\/p>\n<p><a href=\"https:\/\/www.frankensicht.de\/?attachment_id=12574\" rel=\"attachment wp-att-12574\"><img loading=\"lazy\" decoding=\"async\" class=\"alignnone size-medium wp-image-12574\" src=\"https:\/\/www.frankensicht.de\/wp-content\/uploads\/2019\/05\/fisch-300x225.jpg\" alt=\"\" width=\"300\" height=\"225\" srcset=\"https:\/\/www.frankensicht.de\/wp-content\/uploads\/2019\/05\/fisch-300x225.jpg 300w, https:\/\/www.frankensicht.de\/wp-content\/uploads\/2019\/05\/fisch.jpg 640w\" sizes=\"auto, (max-width: 300px) 100vw, 300px\" \/><\/a><\/p>\n<p>Bundesumweltministerin Steffi Lemke: \u201eDie Klimakrise fordert alle St\u00e4dte<br \/>\nund Landkreise heraus. Jede Kommune wird aber unterschiedlich auf die<br \/>\nRisiken der Klimakrise reagieren m\u00fcssen. Was an der K\u00fcste f\u00fcr die<br \/>\nKlimaanpassung n\u00f6tig ist, muss nicht auch im Mittelgebirge oder in den<br \/>\nMetropolen helfen. Kommunen fehlen oft die Profis, um die n\u00f6tige<br \/>\nKlimaanpassung vor Ort umzusetzen. Um diese L\u00fccke zu schlie\u00dfen, f\u00f6rdern<br \/>\nwir den Einstieg ins kommunale Anpassungsmanagement &#8211; und sto\u00dfen auf<br \/>\ngro\u00dfes Interesse. Ob Wasseringenieur*in, Sozialwissenschaftler*in oder<br \/>\nerfahrene Landschaftsbauer*in &#8211; mit der F\u00f6rderung des Bundes k\u00f6nnen<br \/>\nKommunen die Fachleute einstellen, die sie wirklich brauchen.<br \/>\nKlimaanpassungsmanager*innen sollen langfristig zu wichtigen Treiber*innen<br \/>\nund Ideengeber*innen werden. Neben der F\u00f6rderung sorgen wir mit dem<br \/>\nZentrum KlimaAnpassung bundesweit f\u00fcr Beratung, Wissensvermittlung,<br \/>\nKompetenzaufbau und Vernetzung der wichtigsten Akteure f\u00fcr die lokale<br \/>\nKlimaanpassung.\u201c<\/p>\n<p>Helmut Dedy, Hauptgesch\u00e4ftsf\u00fchrer des Deutschen St\u00e4dtetages, f\u00fcr die<br \/>\nkommunalen Spitzenverb\u00e4nde: \u201eKlimaanpassung darf nicht mehr nur die<br \/>\nkleine Schwester des Klimaschutzes sein. Wir m\u00fcssen beides zusammen<br \/>\ndenken. Denn wir sind schon mittendrin im Klimawandel, die Extreme nehmen<br \/>\nzu. Viele Kommunen haben bereits ganz konkrete Ma\u00dfnahmen und<br \/>\nzukunftsf\u00e4hige L\u00f6sungen gegen den Klimawandel ergriffen, wie das Konzept<br \/>\nder Schwammstadt oder mehr Gr\u00fcn und Blau. Die Vielfalt der<br \/>\nAnpassungsthemen ist gro\u00df: Hitze, D\u00fcrre, Starkregen, Artenschutz,<br \/>\nBiodiversit\u00e4t. Sie betreffen s\u00e4mtliche Aufgabenbereiche in den Kommunen,<br \/>\nangefangen bei der Bauplanung, der Stadt- und Raumentwicklung bis hin zum<br \/>\nGesundheitsschutz. Projekte m\u00fcssen strategisch konzipiert, gut koordiniert<br \/>\nund auch kommuniziert werden. Oft fehlte bisher die personelle F\u00f6rderung<br \/>\nbei der Klimaanpassung. Daher begr\u00fc\u00dfen wir, dass das Sofortprogramm \u00fcber<br \/>\n100 Klimaanpassungsmanagerinnen und -manager f\u00f6rdert. Sie sind es, die<br \/>\ndiese gigantische Aufgabe koordinieren und die L\u00f6sungen finden, die vor<br \/>\nOrt die richtigen sind.\u201c<\/p>\n<p>Damit jede Kommune die Klimaanpassung umsetzen kann, die zu ihr passt,<br \/>\nunterst\u00fctzt das BMUV alle lokalen Akteure mit einem eigenen Sofortprogramm<br \/>\nKlimaanpassung<br \/>\n&lt;https:\/\/www.bmuv.de\/presseverteiler\/lt.php?tid=CaDKVNUOSVikVDe550VfmMubZsInm6B8n683HWf8gfqBuBNZyf+7oKSsg41K6FIQ&gt;<br \/>\n. Bundesumweltministerin Steffi Lemke hat es im M\u00e4rz 2022 vorgestellt. Die<br \/>\ndarin enthaltenen Ma\u00dfnahmen gliedern sich in drei zentrale<br \/>\nHandlungsfelder: F\u00f6rderung und Kompetenzaufbau, Information und Beratung<br \/>\nsowie Vernetzung aller relevanten Akteure. Teil des Sofortprogramms ist die<br \/>\nnovellierte F\u00f6rderrichtlinie des BMUV-Programms \u201eMa\u00dfnahmen zur<br \/>\nAnpassung an die Folgen des Klimawandels\u201c. Mit diesem Programm f\u00f6rdert<br \/>\ndas BMUV erstmals den Einstieg in das kommunale Klimaanpassungsmanagement.<br \/>\nZiel ist es, Akteur*innen, insbesondere Kommunen und kommunale<br \/>\nEinrichtungen, darin zu unterst\u00fctzen, die notwendigen Anpassungsprozesse<br \/>\nan die Klimakrise in Deutschland m\u00f6glichst fr\u00fchzeitig, systematisch und<br \/>\nintegriert in \u00dcbereinstimmung mit den Zielen f\u00fcr nachhaltige Entwicklung<br \/>\nanzugehen. Mit dem F\u00f6rderprogramm sollen gezielt Anreize f\u00fcr eine<br \/>\nstrategische Steuerung der Anpassung an den Klimawandel in Kommunen durch<br \/>\nkommunale Klimaanpassungskonzepte geschaffen werden.<\/p>\n<p>Bereits im ersten F\u00f6rderfenster haben rund 130 Kommunen einen<br \/>\nF\u00f6rderantrag gestellt. Die ersten F\u00f6rderbescheide aus dem F\u00f6rderprogramm<br \/>\ngehen nach Hessen und Schleswig-Holstein:<\/p>\n<p>Dietzenbach in der Rhein-Main-Region sieht sich potenziell durch<br \/>\nverschiedene Extremwettereignisse bedroht. Die Risiken der Klimakrise, vor<br \/>\ndenen die hessische Kreisstadt ganz speziell steht, werden derzeit<br \/>\nsystematisch analysiert. Mit den F\u00f6rdermitteln des BMUV soll durch eine\/n<br \/>\nKlimaanpassungsmanager\/in ein integriertes Klimaanpassungskonzept<br \/>\nentwickelt werden. Ziel ist es, die Kreisstadt Dietzenbach und seine mehr<br \/>\nals 34.000 Einwohnerinnen und Einwohner darin zu unterst\u00fctzen, ihre Stadt<br \/>\nsystematisch und nachhaltig klimaresilient zu gestalten. Das<br \/>\nAnpassungskonzept dient als Entscheidungsgrundlage und Planungshilfe f\u00fcr<br \/>\ndie zuk\u00fcnftige Risikovorsorge in der Kommune.<br \/>\nDer k\u00fcstennahe Kreis Stormarn hat bereits heute mit<br \/>\nExtremwetterereignissen zu k\u00e4mpfen. Zuletzt waren die mehr als 240.000<br \/>\nEinwohnerinnen und Einwohner im Sommer 2019 von mehreren<br \/>\nStarkregenereignissen betroffen. Zun\u00e4chst wird durch den \/ die neue\/n<br \/>\nKlimaanpassungsmanager\/in eine umfassende Analyse der lokalen Risiken der<br \/>\nKlimakrise erstellt werden. Anschlie\u00dfend werden mit den Ergebnissen und<br \/>\nder Darstellung gezielter Handlungsfelder bestimmte Gebiete und Gruppen mit<br \/>\nerh\u00f6hten Risiken identifiziert. Diese \u201eHotspots\u201c will der Kreis<br \/>\nStormarn gezielt angehen und die n\u00f6tigen Anpassungsprozesse ansto\u00dfen, um<br \/>\ndie Widerstandsf\u00e4higkeit zu erh\u00f6hen.<\/p>\n<p>\u00dcber die finanzielle Unterst\u00fctzung hinaus sind die gef\u00f6rderten Kommunen<br \/>\nin Qualifizierungs-, Vernetzungs- und Beratungsma\u00dfnahmen des Zentrums<br \/>\nKlimaAnpassung (ZKA) eingebunden. Eine entsprechende Fortbildung des<br \/>\ngef\u00f6rderten Personals f\u00fcr das Klimaanpassungsmanagement wird ma\u00dfgeblich<br \/>\ndurch das Angebot des ZKA in Form von Schulungen, thematischen<br \/>\nSprechstunden, Webinaren und einem speziellen Mentoringprogramm f\u00fcr die<br \/>\nKlimaanpassungsmanager*innen gezielt unterst\u00fctzt, das heute startet. Im<br \/>\nRahmen des Mentoringprogramms geben erfahrene Anpassungsmanager*innen ihr<br \/>\npraxisnahes Wissen an die Neueinsteiger*innen in der kommunalen<br \/>\nKlimaanpassung weiter. Dabei richtet sich dieses Angebot nicht nur an das<br \/>\ndurch das BMUV gef\u00f6rderte Personal, sondern an alle kommunalen<br \/>\nBesch\u00e4ftigen, die die Klimaanpassung vor Ort vorantreiben.<\/p>\n<p>Weitere Informationen<\/p>\n<p>ZUG: F\u00f6rderprogramm &#8222;Ma\u00dfnahmen zur Anpassung an die Folgen des<br \/>\nKlimawandels&#8220;<br \/>\n&lt;https:\/\/www.bmuv.de\/presseverteiler\/lt.php?tid=NgADpFOY3nCdhQVJGa18k8ubZsInmzB8n683HWf8gfqBuBNZyf\/boKSsg41K6FIQ&gt;<\/p>\n<p>Sofortprogramm Klimaanpassung<br \/>\n&lt;https:\/\/www.bmuv.de\/presseverteiler\/lt.php?tid=CaDKVNUOSVikVDe550VfmMubZsInm6B8n683HWf8gfqBuBNZyf+7oKSsg41K6FIQ&gt;<\/p>\n<p>Zentrum KlimaAnpassung<br \/>\n&lt;https:\/\/www.bmuv.de\/presseverteiler\/lt.php?tid=FR07d4Pfbp6Gl7zkA3jeNsubZsInm4B8n683HWf8gfqBuBNZyf8LoKSsg41K6FIQ&gt;<\/p>\n<p>Anpassung an den Klimawandel<br \/>\n&lt;https:\/\/www.bmuv.de\/presseverteiler\/lt.php?tid=fea0zkxy+FebH2nH9LVy8subZsInm0B8n683HWf8gfqBuBNZyf\/roKSsg41K6FIQ&gt;<\/p>\n<p>Quelle:bmu.de<\/p>\n<p>&nbsp;<\/p>\n<p>&nbsp;<\/p>\n","protected":false},"excerpt":{"rendered":"<p>Berlin: Steffi Lemke \u00fcberreicht erste F\u00f6rderbescheide f\u00fcr lokale Klimaanpassungsmanager*innen Kommunale Spitzenverb\u00e4nde begr\u00fc\u00dfen Unterst\u00fctzung des BMUV f\u00fcr Dietzenbach in Hessen und den Kreis Stormarn in Schleswig-Holstein sowie mehr als 100 weitere St\u00e4dte, Kreise und Gemeinden Bundesumweltministerin Steffi Lemke hat heute die ersten F\u00f6rderbescheide aus dem novellierten Programm \u201eMa\u00dfnahmen zur Anpassung an die Folgen des Klimawandels\u201c \u00fcberreicht. [&hellip;]<\/p>\n","protected":false},"author":7,"featured_media":12574,"comment_status":"closed","ping_status":"open","sticky":false,"template":"","format":"standard","meta":{"footnotes":""},"categories":[44,3],"tags":[3644],"class_list":["post-14889","post","type-post","status-publish","format-standard","has-post-thumbnail","hentry","category-deutschland-2","category-news","tag-klimaanpassung-zka"],"_links":{"self":[{"href":"https:\/\/www.frankensicht.de\/index.php?rest_route=\/wp\/v2\/posts\/14889","targetHints":{"allow":["GET"]}}],"collection":[{"href":"https:\/\/www.frankensicht.de\/index.php?rest_route=\/wp\/v2\/posts"}],"about":[{"href":"https:\/\/www.frankensicht.de\/index.php?rest_route=\/wp\/v2\/types\/post"}],"author":[{"embeddable":true,"href":"https:\/\/www.frankensicht.de\/index.php?rest_route=\/wp\/v2\/users\/7"}],"replies":[{"embeddable":true,"href":"https:\/\/www.frankensicht.de\/index.php?rest_route=%2Fwp%2Fv2%2Fcomments&post=14889"}],"version-history":[{"count":1,"href":"https:\/\/www.frankensicht.de\/index.php?rest_route=\/wp\/v2\/posts\/14889\/revisions"}],"predecessor-version":[{"id":14890,"href":"https:\/\/www.frankensicht.de\/index.php?rest_route=\/wp\/v2\/posts\/14889\/revisions\/14890"}],"wp:featuredmedia":[{"embeddable":true,"href":"https:\/\/www.frankensicht.de\/index.php?rest_route=\/wp\/v2\/media\/12574"}],"wp:attachment":[{"href":"https:\/\/www.frankensicht.de\/index.php?rest_route=%2Fwp%2Fv2%2Fmedia&parent=14889"}],"wp:term":[{"taxonomy":"category","embeddable":true,"href":"https:\/\/www.frankensicht.de\/index.php?rest_route=%2Fwp%2Fv2%2Fcategories&post=14889"},{"taxonomy":"post_tag","embeddable":true,"href":"https:\/\/www.frankensicht.de\/index.php?rest_route=%2Fwp%2Fv2%2Ftags&post=14889"}],"curies":[{"name":"wp","href":"https:\/\/api.w.org\/{rel}","templated":true}]}}