{"id":14887,"date":"2022-04-23T08:31:06","date_gmt":"2022-04-23T06:31:06","guid":{"rendered":"https:\/\/www.frankensicht.de\/?p=14887"},"modified":"2022-04-23T08:31:06","modified_gmt":"2022-04-23T06:31:06","slug":"staatsministerin-anna-luehrmann-haelt-sich-am-22-04-zu-politischen-gespraechen-in-london-auf","status":"publish","type":"post","link":"https:\/\/www.frankensicht.de\/?p=14887","title":{"rendered":"Staatsministerin Anna L\u00fchrmann h\u00e4lt sich am 22.04. zu politischen Gespr\u00e4chen in London auf."},"content":{"rendered":"<p><span style=\"color: #ff0000;\">Berlin &#8211; London:<\/span><\/p>\n<p>Staatsministerin Anna L\u00fchrmann h\u00e4lt sich am 22.04. zu politischen Gespr\u00e4chen in London auf. Dazu erkl\u00e4rte sie :<\/p>\n<p>&#8222;Das Vereinigte K\u00f6nigreich und Deutschland verbindet eine lange Tradition der Freundschaft und engster politischer, wirtschaftlicher und gesellschaftlicher Verflechtungen. Nach dem EU-Austritt Gro\u00dfbritanniens wollen wir unseren Blick nun nach vorne richten. Auf Basis des Austrittsabkommens und des Handels- und Kooperationsabkommens werden wir zusammen mit unseren britischen Freundinnen und Freunden auch in Zukunft eng zusammenarbeiten.<\/p>\n<p>eng<a href=\"https:\/\/www.frankensicht.de\/?attachment_id=12747\" rel=\"attachment wp-att-12747\"><img loading=\"lazy\" decoding=\"async\" class=\"alignnone size-medium wp-image-12747\" src=\"https:\/\/www.frankensicht.de\/wp-content\/uploads\/2019\/08\/grossbritanien-300x150.png\" alt=\"\" width=\"300\" height=\"150\" srcset=\"https:\/\/www.frankensicht.de\/wp-content\/uploads\/2019\/08\/grossbritanien-300x150.png 300w, https:\/\/www.frankensicht.de\/wp-content\/uploads\/2019\/08\/grossbritanien.png 640w\" sizes=\"auto, (max-width: 300px) 100vw, 300px\" \/><\/a><\/p>\n<p>Angesichts des russischen Angriffskriegs gegen die Ukraine stehen wir als Europ\u00e4erinnen und Europ\u00e4er entschlossen und in Solidarit\u00e4t an der Seite der Ukraine. Es ist wichtig und gut, dass die EU und das Vereinigte K\u00f6nigreich hier an einem Strang ziehen.<\/p>\n<p>Wir werden auch die akute Klimakrise nicht aus den Augen verlieren. Das Vereinigte K\u00f6nigreich ist bei der Bew\u00e4ltigung dieser dr\u00e4ngenden Herausforderung ein enger und wichtiger Partner f\u00fcr Deutschland und die EU.&#8220;<\/p>\n<p>&nbsp;<\/p>\n<p>Hintergrundinformationen:<\/p>\n<p>Staatsministerin Anna L\u00fchrmann h\u00e4lt sich am 22. April 2022 f\u00fcr politische Gespr\u00e4che in London auf. Sie trifft dort unter anderem ihren Amtskollegen im britischen Au\u00dfen- und Entwicklungsministerium (FCDO) Minister of State James Cleverly.<br \/>\nDar\u00fcber hinaus f\u00fchrt sie Gespr\u00e4che mit dem Staatsminister f\u00fcr Klima im FCDO, Lord Goldsmith, sowie mit Sir Oliver Heald MP, dem Vorsitzenden der neu gegr\u00fcndeten EU-UK Parliamentary Partnership Assembly, einer gemeinsamen parlamentarischen Freundschaftsgruppe des britischen und des Europaparlaments, sowie Vertreterinnen und Vertretern der Green Party of England and Wales. Teil des Besuchs ist auch ein Runder Tisch mit jungen Vertreterinnen und Vertretern britischer Ministerien und unabh\u00e4ngiger Think-Tanks zu gemeinsamen Herausforderungen Europas.<\/p>\n<p>Quelle:suawaertiges-amt.de<\/p>\n","protected":false},"excerpt":{"rendered":"<p>Berlin &#8211; London: Staatsministerin Anna L\u00fchrmann h\u00e4lt sich am 22.04. zu politischen Gespr\u00e4chen in London auf. Dazu erkl\u00e4rte sie : &#8222;Das Vereinigte K\u00f6nigreich und Deutschland verbindet eine lange Tradition der Freundschaft und engster politischer, wirtschaftlicher und gesellschaftlicher Verflechtungen. Nach dem EU-Austritt Gro\u00dfbritanniens wollen wir unseren Blick nun nach vorne richten. Auf Basis des Austrittsabkommens und [&hellip;]<\/p>\n","protected":false},"author":7,"featured_media":12747,"comment_status":"closed","ping_status":"open","sticky":false,"template":"","format":"standard","meta":{"footnotes":""},"categories":[44,3,30],"tags":[3643],"class_list":["post-14887","post","type-post","status-publish","format-standard","has-post-thumbnail","hentry","category-deutschland-2","category-news","category-welt","tag-fcdo"],"_links":{"self":[{"href":"https:\/\/www.frankensicht.de\/index.php?rest_route=\/wp\/v2\/posts\/14887","targetHints":{"allow":["GET"]}}],"collection":[{"href":"https:\/\/www.frankensicht.de\/index.php?rest_route=\/wp\/v2\/posts"}],"about":[{"href":"https:\/\/www.frankensicht.de\/index.php?rest_route=\/wp\/v2\/types\/post"}],"author":[{"embeddable":true,"href":"https:\/\/www.frankensicht.de\/index.php?rest_route=\/wp\/v2\/users\/7"}],"replies":[{"embeddable":true,"href":"https:\/\/www.frankensicht.de\/index.php?rest_route=%2Fwp%2Fv2%2Fcomments&post=14887"}],"version-history":[{"count":1,"href":"https:\/\/www.frankensicht.de\/index.php?rest_route=\/wp\/v2\/posts\/14887\/revisions"}],"predecessor-version":[{"id":14888,"href":"https:\/\/www.frankensicht.de\/index.php?rest_route=\/wp\/v2\/posts\/14887\/revisions\/14888"}],"wp:featuredmedia":[{"embeddable":true,"href":"https:\/\/www.frankensicht.de\/index.php?rest_route=\/wp\/v2\/media\/12747"}],"wp:attachment":[{"href":"https:\/\/www.frankensicht.de\/index.php?rest_route=%2Fwp%2Fv2%2Fmedia&parent=14887"}],"wp:term":[{"taxonomy":"category","embeddable":true,"href":"https:\/\/www.frankensicht.de\/index.php?rest_route=%2Fwp%2Fv2%2Fcategories&post=14887"},{"taxonomy":"post_tag","embeddable":true,"href":"https:\/\/www.frankensicht.de\/index.php?rest_route=%2Fwp%2Fv2%2Ftags&post=14887"}],"curies":[{"name":"wp","href":"https:\/\/api.w.org\/{rel}","templated":true}]}}