{"id":14883,"date":"2022-04-22T08:41:04","date_gmt":"2022-04-22T06:41:04","guid":{"rendered":"https:\/\/www.frankensicht.de\/?p=14883"},"modified":"2022-04-22T08:41:04","modified_gmt":"2022-04-22T06:41:04","slug":"abreise-ins-baltikum-erklaerte-aussenministerin-annalena-baerbock","status":"publish","type":"post","link":"https:\/\/www.frankensicht.de\/?p=14883","title":{"rendered":"Abreise ins Baltikum erkl\u00e4rte Au\u00dfenministerin Annalena Baerbock"},"content":{"rendered":"<p><span style=\"color: #ff0000;\">Berlin:<\/span><\/p>\n<p>Vor ihrer Abreise ins Baltikum erkl\u00e4rte Au\u00dfenministerin Annalena Baerbock :<br \/>\n&#8222;Seit beinahe acht Wochen ist auf dem europ\u00e4ischen Kontinent Krieg, und mit jeder Woche erleben wir neue Dimensionen der Gewalt und Brutalit\u00e4t von Seiten Russlands. Nur die entschiedene Verteidigungsbereitschaft der Ukraine setzt der russischen Aggression noch wirksame Grenzen. Putin nimmt weder auf Menschenleben oder das V\u00f6lkerrecht R\u00fccksicht noch auf das Leben und die Entwicklungschancen seiner eigenen Bev\u00f6lkerung. Damit hat er auch gro\u00dfe Teile der europ\u00e4ischen Sicherheitsarchitektur in Tr\u00fcmmer gelegt, auf die wir in den letzten Jahrzehnten gebaut haben, und die gerade f\u00fcr unsere osteurop\u00e4ischen Freunde auch eine Sicherheitsgarantie war.<br \/>\nIch will auf meiner Reise ins Baltikum deutlich machen: Deutschland tr\u00e4gt den neuen Realit\u00e4ten Rechnung, mit aller Konsequenz: Wir unterst\u00fctzen die Ukraine entschlossen bei ihrem \u00dcberlebenskampf, mit Waffen, finanzieller Unterst\u00fctzung und weiteren harten Sanktionen gegen Putins Machtbasis. Und wir st\u00e4rken unsere eigene Wehrhaftigkeit und leisten unseren Beitrag zur Neuausrichtung unserer Sicherheit in Europa. Damit sich unsere Partner auf Deutschland verlassen k\u00f6nnen.<\/p>\n<p><a href=\"https:\/\/www.frankensicht.de\/?attachment_id=12998\" rel=\"attachment wp-att-12998\"><img loading=\"lazy\" decoding=\"async\" class=\"alignnone size-medium wp-image-12998\" src=\"https:\/\/www.frankensicht.de\/wp-content\/uploads\/2019\/11\/P1020461-e1573196015948-199x300.jpg\" alt=\"\" width=\"199\" height=\"300\" srcset=\"https:\/\/www.frankensicht.de\/wp-content\/uploads\/2019\/11\/P1020461-e1573196015948-199x300.jpg 199w, https:\/\/www.frankensicht.de\/wp-content\/uploads\/2019\/11\/P1020461-e1573196015948-768x1157.jpg 768w, https:\/\/www.frankensicht.de\/wp-content\/uploads\/2019\/11\/P1020461-e1573196015948-680x1024.jpg 680w, https:\/\/www.frankensicht.de\/wp-content\/uploads\/2019\/11\/P1020461-e1573196015948.jpg 1360w\" sizes=\"auto, (max-width: 199px) 100vw, 199px\" \/><\/a><br \/>\n\u00dcber Wehrhaftigkeit k\u00f6nnen wir von Lettland, Estland und Litauen viel lernen. Seit Jahren investieren die baltischen Staaten in die Sicherheit ihrer Energieversorgung, ihrer IT-Infrastruktur, in die Resilienz ihrer Medienlandschaft und in die F\u00e4higkeiten ihrer Verteidigung. Denn im Baltikum blicken die Menschen schon seit Jahren intensiv und mit Sorge in Richtung Russland. Ihren Erfahrungen und Einblicken m\u00f6chte ich genau zuh\u00f6ren.<br \/>\nZugleich will ich noch einmal unterstreichen: Wir werden im Notfall jeden Quadratzentimeter unseres gemeinsamen B\u00fcndnisgebiets verteidigen. In Litauen \u00fcbernimmt die Bundeswehr bereits die F\u00fchrungsrolle in der NATO-Pr\u00e4senz. Wir sind bereit, uns zur Sicherheit unserer Partner noch st\u00e4rker einzubringen.&#8220;<\/p>\n<p>Quelle:auswaertiges-amt.de<\/p>\n","protected":false},"excerpt":{"rendered":"<p>Berlin: Vor ihrer Abreise ins Baltikum erkl\u00e4rte Au\u00dfenministerin Annalena Baerbock : &#8222;Seit beinahe acht Wochen ist auf dem europ\u00e4ischen Kontinent Krieg, und mit jeder Woche erleben wir neue Dimensionen der Gewalt und Brutalit\u00e4t von Seiten Russlands. Nur die entschiedene Verteidigungsbereitschaft der Ukraine setzt der russischen Aggression noch wirksame Grenzen. Putin nimmt weder auf Menschenleben oder [&hellip;]<\/p>\n","protected":false},"author":7,"featured_media":12998,"comment_status":"closed","ping_status":"open","sticky":false,"template":"","format":"standard","meta":{"footnotes":""},"categories":[44,3],"tags":[3642],"class_list":["post-14883","post","type-post","status-publish","format-standard","has-post-thumbnail","hentry","category-deutschland-2","category-news","tag-baltikum"],"_links":{"self":[{"href":"https:\/\/www.frankensicht.de\/index.php?rest_route=\/wp\/v2\/posts\/14883","targetHints":{"allow":["GET"]}}],"collection":[{"href":"https:\/\/www.frankensicht.de\/index.php?rest_route=\/wp\/v2\/posts"}],"about":[{"href":"https:\/\/www.frankensicht.de\/index.php?rest_route=\/wp\/v2\/types\/post"}],"author":[{"embeddable":true,"href":"https:\/\/www.frankensicht.de\/index.php?rest_route=\/wp\/v2\/users\/7"}],"replies":[{"embeddable":true,"href":"https:\/\/www.frankensicht.de\/index.php?rest_route=%2Fwp%2Fv2%2Fcomments&post=14883"}],"version-history":[{"count":2,"href":"https:\/\/www.frankensicht.de\/index.php?rest_route=\/wp\/v2\/posts\/14883\/revisions"}],"predecessor-version":[{"id":14886,"href":"https:\/\/www.frankensicht.de\/index.php?rest_route=\/wp\/v2\/posts\/14883\/revisions\/14886"}],"wp:featuredmedia":[{"embeddable":true,"href":"https:\/\/www.frankensicht.de\/index.php?rest_route=\/wp\/v2\/media\/12998"}],"wp:attachment":[{"href":"https:\/\/www.frankensicht.de\/index.php?rest_route=%2Fwp%2Fv2%2Fmedia&parent=14883"}],"wp:term":[{"taxonomy":"category","embeddable":true,"href":"https:\/\/www.frankensicht.de\/index.php?rest_route=%2Fwp%2Fv2%2Fcategories&post=14883"},{"taxonomy":"post_tag","embeddable":true,"href":"https:\/\/www.frankensicht.de\/index.php?rest_route=%2Fwp%2Fv2%2Ftags&post=14883"}],"curies":[{"name":"wp","href":"https:\/\/api.w.org\/{rel}","templated":true}]}}