{"id":14835,"date":"2022-03-31T08:29:46","date_gmt":"2022-03-31T06:29:46","guid":{"rendered":"https:\/\/www.frankensicht.de\/?p=14835"},"modified":"2022-03-31T08:29:46","modified_gmt":"2022-03-31T06:29:46","slug":"treffen-der-energieministerinnen-und-energieminister-von-bund-und-laendern-umsetzung-der-energiepolitik-mit-grosser-geschlossenheit","status":"publish","type":"post","link":"https:\/\/www.frankensicht.de\/?p=14835","title":{"rendered":"Treffen der Energieministerinnen und Energieminister von Bund und L\u00e4ndern: \u201eUmsetzung der Energiepolitik mit gro\u00dfer Geschlossenheit\u201c"},"content":{"rendered":"<p><span style=\"color: #ff0000;\">Berlin:<\/span><\/p>\n<p>Treffen der Energieministerinnen und Energieminister von Bund und L\u00e4ndern: \u201eUmsetzung der<br \/>\nEnergiepolitik mit gro\u00dfer Geschlossenheit\u201c<\/p>\n<p>Heute fand auf Einladung und unter Vorsitz des nieders\u00e4chsischen Ministers f\u00fcr Umwelt, Energie,<br \/>\nBauen und Klimaschutz, Olaf Lies, ein Treffen der Energieministerinnen und Energieminister von Bund<br \/>\nund L\u00e4ndern statt. Bund und L\u00e4ndern bekr\u00e4ftigten auf dem Treffen ihre Entschlossenheit, die<br \/>\nEnergiewende konsequent voranzutreiben und die Unabh\u00e4ngigkeit von russischen Importen zu<br \/>\nreduzieren. F\u00fcr das Bundesministerium f\u00fcr Wirtschaft und Klimaschutz nahm Staatssekret\u00e4r Dr.<br \/>\nPatrick Graichen, an dem Treffen teil. Weitere Teilnehmer des Treffens waren der Pr\u00e4sident der<br \/>\nBundesnetzagentur, Klaus M\u00fcller, sowie Vertreter der \u00dcbertragungsnetzbetreiber.<\/p>\n<p><a href=\"https:\/\/www.frankensicht.de\/?attachment_id=4769\" rel=\"attachment wp-att-4769\"><img loading=\"lazy\" decoding=\"async\" class=\"alignnone size-full wp-image-4769\" src=\"https:\/\/www.frankensicht.de\/wp-content\/uploads\/2012\/12\/steckdose.jpg\" alt=\"\" width=\"50\" height=\"50\" \/><\/a><\/p>\n<p>Staatssekret\u00e4r Dr. Patrick Graichen erkl\u00e4rte nach dem Treffen: \u201eHeute wurde sehr deutlich: Bund und<br \/>\nL\u00e4nder wollen den Weg der Energiewende konsequent mit beschleunigtem Schritt weiter gehen und dabei<br \/>\nkonstruktiv und eng zusammenarbeiten. Je schneller wir die erneuerbaren Energien &#8211; einschlie\u00dflich<br \/>\nder Stromnetze &#8211; ausbauen, Effizienz steigern und unseren Verbrauch senken, desto besser werden wir<br \/>\nbeim Klimaschutz, desto schneller werden wir unabh\u00e4ngig vom Import fossiler Energietr\u00e4ger aus<br \/>\nRussland und umso gr\u00f6\u00dfer ist unser Beitrag zu Freiheit und Sicherheit in Europa. Auf allen Ebenen<br \/>\nsind daf\u00fcr weiterhin gro\u00dfe Kraftanstrengungen notwendig. Alle Akteurinnen und Akteure sind sich<br \/>\nihrer Verantwortung bewusst.\u201c<br \/>\nDie Bundesregierung wird in K\u00fcrze ein Gesetzgebungspaket zur Beschleunigung der Energiewende auf<br \/>\nden Weg bringen. F\u00fcr den Sommer vorgesehene weitere Ma\u00dfnahmen zur Fl\u00e4chenverf\u00fcgbarkeit f\u00fcr Wind und<br \/>\nzur Beschleunigung von Planungs- und Genehmigungsverfahren sollen bereits im Mai in die<br \/>\nGesetzgebungsverfahren eingebracht werden. Thema des Treffens waren au\u00dferdem die aktuellen<br \/>\nVorsorgema\u00dfnahmen, die notwendig sind, um die Energieversorgung auch im Falle von<br \/>\nLieferunterbrechungen oder Versorgungsengp\u00e4ssen sicherzustellen. Dabei wurde auch die tagesaktuelle<br \/>\nEntscheidung des BMWK, die Fr\u00fchwarnstufe des Notfallplans Gas auszurufen, besprochen. Insbesondere<br \/>\nbetonte Staatssekret\u00e4r Dr. Graichen, dass es derzeit keine Versorgungsengp\u00e4sse gibt, es aber<br \/>\naufgrund der aktuellen Lage geboten ist, die Vorsorgema\u00dfnahmen zu erh\u00f6hen, insbesondere die<br \/>\nausreichende Bef\u00fcllung der Gasspeicher sicherzustellen, um auf eine etwaige Eskalation seitens<br \/>\nRusslands vorbereitet zu sein.<\/p>\n<p>https:\/\/www.bmwi.de\/Redaktion\/DE\/Pressemitteilungen\/2022\/03\/20220330-treffen-der-energieministerinnen-und-energieminister-von-bund-und-landern-umsetzung-der-energiepolitik-mit-grosser-geschlossenheit.html<\/p>\n<p>Quelle:abo-bmwi.de<\/p>\n","protected":false},"excerpt":{"rendered":"<p>Berlin: Treffen der Energieministerinnen und Energieminister von Bund und L\u00e4ndern: \u201eUmsetzung der Energiepolitik mit gro\u00dfer Geschlossenheit\u201c Heute fand auf Einladung und unter Vorsitz des nieders\u00e4chsischen Ministers f\u00fcr Umwelt, Energie, Bauen und Klimaschutz, Olaf Lies, ein Treffen der Energieministerinnen und Energieminister von Bund und L\u00e4ndern statt. Bund und L\u00e4ndern bekr\u00e4ftigten auf dem Treffen ihre Entschlossenheit, die [&hellip;]<\/p>\n","protected":false},"author":7,"featured_media":4769,"comment_status":"closed","ping_status":"open","sticky":false,"template":"","format":"standard","meta":{"footnotes":""},"categories":[44,383,83],"tags":[3624],"class_list":["post-14835","post","type-post","status-publish","format-standard","has-post-thumbnail","hentry","category-deutschland-2","category-energie","category-oberfranken","tag-energieminister"],"_links":{"self":[{"href":"https:\/\/www.frankensicht.de\/index.php?rest_route=\/wp\/v2\/posts\/14835","targetHints":{"allow":["GET"]}}],"collection":[{"href":"https:\/\/www.frankensicht.de\/index.php?rest_route=\/wp\/v2\/posts"}],"about":[{"href":"https:\/\/www.frankensicht.de\/index.php?rest_route=\/wp\/v2\/types\/post"}],"author":[{"embeddable":true,"href":"https:\/\/www.frankensicht.de\/index.php?rest_route=\/wp\/v2\/users\/7"}],"replies":[{"embeddable":true,"href":"https:\/\/www.frankensicht.de\/index.php?rest_route=%2Fwp%2Fv2%2Fcomments&post=14835"}],"version-history":[{"count":1,"href":"https:\/\/www.frankensicht.de\/index.php?rest_route=\/wp\/v2\/posts\/14835\/revisions"}],"predecessor-version":[{"id":14836,"href":"https:\/\/www.frankensicht.de\/index.php?rest_route=\/wp\/v2\/posts\/14835\/revisions\/14836"}],"wp:featuredmedia":[{"embeddable":true,"href":"https:\/\/www.frankensicht.de\/index.php?rest_route=\/wp\/v2\/media\/4769"}],"wp:attachment":[{"href":"https:\/\/www.frankensicht.de\/index.php?rest_route=%2Fwp%2Fv2%2Fmedia&parent=14835"}],"wp:term":[{"taxonomy":"category","embeddable":true,"href":"https:\/\/www.frankensicht.de\/index.php?rest_route=%2Fwp%2Fv2%2Fcategories&post=14835"},{"taxonomy":"post_tag","embeddable":true,"href":"https:\/\/www.frankensicht.de\/index.php?rest_route=%2Fwp%2Fv2%2Ftags&post=14835"}],"curies":[{"name":"wp","href":"https:\/\/api.w.org\/{rel}","templated":true}]}}