{"id":14827,"date":"2022-03-27T09:20:43","date_gmt":"2022-03-27T07:20:43","guid":{"rendered":"https:\/\/www.frankensicht.de\/?p=14827"},"modified":"2022-03-27T09:20:43","modified_gmt":"2022-03-27T07:20:43","slug":"klimaanpassung","status":"publish","type":"post","link":"https:\/\/www.frankensicht.de\/?p=14827","title":{"rendered":"Klimaanpassung"},"content":{"rendered":"<p><span style=\"color: #ff0000;\">Berlin:<\/span><\/p>\n<p>Klimaanpassung<\/p>\n<p>Steffi Lemke pr\u00e4sentiert Sofortprogramm Klimaanpassung<\/p>\n<p>Bundesumweltministerin Steffi Lemke hat heute im Rahmen der ersten<br \/>\nVernetzungskonferenz \u201eKommunale Klimaanpassung im Dialog\u201c ein<br \/>\nSofortprogramm des BMUV f\u00fcr die Anpassung an den Klimawandel vorgestellt.<br \/>\nDas Ma\u00dfnahmenpaket dient dazu, erste Schritte und Ma\u00dfnahmen schnell in<br \/>\ndie Praxis zu bringen. Damit will das Ministerium der Dringlichkeit der<br \/>\nKlimaanpassung in einem ersten Schritt Rechnung tragen. Im Fokus des<br \/>\nProgramms steht die Unterst\u00fctzung von Kommunen durch den Ausbau von<br \/>\nF\u00f6rderprogrammen und Kompetenzaufbau, durch passgenaue Beratung vor Ort<br \/>\nund bessere Ausbildung von lokalen Expert*innen sowie die Sensibilisierung<br \/>\nund Aufkl\u00e4rung von B\u00fcrger*innen.<\/p>\n<p>Bundesumweltministerin Steffi Lemke: \u201eDer j\u00fcngste Bericht des<br \/>\nWeltklimarats beschreibt schonungslos die Auswirkungen der Klimakrise. Die<br \/>\nNotwendigkeit zu Anpassung und Vorsorge wird sich k\u00fcnftig mit jedem<br \/>\nZehntelgrad Erderhitzung weiter versch\u00e4rfen. Klimaschutz ist daher<br \/>\ndringend geboten, Klimaanpassung und Risikovorsorge sind zu einer ebenso<br \/>\ngro\u00dfen Verantwortung der Politik geworden. Kommunen sind in besonderer<br \/>\nWeise von den Auswirkungen von Hitze, Sturm, Starkregen oder anderen<br \/>\nExtremwetterereignissen betroffen. Viele Kommunen haben bereits begonnen,<br \/>\nauf lokaler Ebene Infrastruktur und Gesellschaft auf die k\u00fcnftigen<br \/>\nklimatischen Bedingungen auszurichten. Sie sind damit Schl\u00fcsselakteure bei<br \/>\nder Anpassung. Dabei ist jede Kommune anders betroffen: Die eine Stadt<br \/>\nerlebt immer h\u00e4ufiger Hochwasser, eine andere Gemeinde k\u00e4mpft mit<br \/>\nWasserknappheit, und in der dritten leiden Kinder und \u00e4ltere Menschen<br \/>\nunter der Hitze der Gro\u00dfstadt. Vielen St\u00e4dten und Gemeinden fehlt<br \/>\nallerdings nicht nur Geld, sondern auch Zeit und Personal mit spezifischer<br \/>\nExpertise f\u00fcr wirksame Klimavorsorge und Klimaanpassung. Das<br \/>\nBundesumweltministerium handelt gemeinsam mit L\u00e4ndern und Kommunen und<br \/>\nunterst\u00fctzt sie k\u00fcnftig noch besser. Mit dem Sofortprogramm<br \/>\nKlimaanpassung bauen wir neue Kompetenzen in den Kommunen auf und<br \/>\nunterst\u00fctzen gezielt vulnerable Gruppen. Daf\u00fcr machen wir die bisher<br \/>\nbefristeten, auf Modellprojekte ausgerichteten Programme zu einer<br \/>\nStandardf\u00f6rderung und bauen sie aus. Au\u00dferdem unterst\u00fctzt das BMUV<br \/>\numfassend Beratung und Kompetenzaufbau f\u00fcr die Klimaanpassung vor Ort. Mit<br \/>\ndem Sofortprogramm Klimaanpassung gehen wir den ersten, dringend n\u00f6tigen<br \/>\nSchritt. Weitere Schritte folgen mit dem Klimaanpassungsgesetz, einer<br \/>\nneuen, vorsorgenden Anpassungsstrategie und einer gemeinsamen Finanzierung<br \/>\nvon Bund und L\u00e4ndern. Auch mit unserer Nationalen Wasserstrategie und dem<br \/>\nAktionsprogramm nat\u00fcrlicher Klimaschutz werden wir weitere wichtige<br \/>\nBeitr\u00e4ge zur Klimaanpassung leisten.\u201c<\/p>\n<p>Jede Kommune soll k\u00fcnftig die Klimaanpassung umsetzen k\u00f6nnen, die zu ihr<br \/>\npasst. Klar ist, dass die St\u00e4dte und Gemeinden die Aufgaben nicht allein<br \/>\nstemmen k\u00f6nnen, der Bund muss hier unterst\u00fctzen. Darauf zielt das<br \/>\nBMUV-Sofortprogramm Klimaanpassung, das auf drei zentralen S\u00e4ulen fu\u00dft:<br \/>\nF\u00f6rderung und Kompetenzaufbau, Information und Beratung sowie Vernetzung<br \/>\naller relevanten Akteure.<\/p>\n<p><a href=\"https:\/\/www.frankensicht.de\/?attachment_id=13116\" rel=\"attachment wp-att-13116\"><img loading=\"lazy\" decoding=\"async\" class=\"alignnone size-medium wp-image-13116\" src=\"https:\/\/www.frankensicht.de\/wp-content\/uploads\/2019\/12\/P1020273-1-300x199.jpg\" alt=\"\" width=\"300\" height=\"199\" srcset=\"https:\/\/www.frankensicht.de\/wp-content\/uploads\/2019\/12\/P1020273-1-300x199.jpg 300w, https:\/\/www.frankensicht.de\/wp-content\/uploads\/2019\/12\/P1020273-1-1024x680.jpg 1024w, https:\/\/www.frankensicht.de\/wp-content\/uploads\/2019\/12\/P1020273-1-768x510.jpg 768w, https:\/\/www.frankensicht.de\/wp-content\/uploads\/2019\/12\/P1020273-1-1536x1020.jpg 1536w, https:\/\/www.frankensicht.de\/wp-content\/uploads\/2019\/12\/P1020273-1-220x146.jpg 220w, https:\/\/www.frankensicht.de\/wp-content\/uploads\/2019\/12\/P1020273-1.jpg 2048w\" sizes=\"auto, (max-width: 300px) 100vw, 300px\" \/><\/a><\/p>\n<p>Ausgew\u00e4hlte Ma\u00dfnahmen:<\/p>\n<p>Bessere Klimavorsorge durch 100 lokale Anpassungsmanager*innen: \u00dcber das<br \/>\nProgramm \u201eMa\u00dfnahmen zu Anpassung an die Folgen des Klimawandels (DAS)\u201c<br \/>\nwird den Kommunen die Einstellung von Spezialist*innen erm\u00f6glicht, die vor<br \/>\nOrt nachhaltige Klimaanpassungskonzepte erstellen und deren Umsetzung<br \/>\nvorantreiben.<br \/>\nKompetenzausbau in strukturschwachen Regionen: Das Zentrum KlimaAnpassung<br \/>\n&lt;https:\/\/www.bmuv.de\/presseverteiler\/lt.php?tid=FR07d4Pfrp6Gl7zkA3jeNpnSxVMkyQXCj\/+cd\/CEZq+BuBNZyf\/LoKSsg41K6FIQ&gt;<br \/>\nrichtet neue Veranstaltungsformate wie z. B. Klimawerkst\u00e4tten f\u00fcr<br \/>\nregionale Multiplikator*innen und Akteure insbesondere in strukturschwachen<br \/>\nund von der Klimakrise besonders betroffenen Regionen aus.<br \/>\nMentoring-Programm f\u00fcr Klimaanpassungsmanager*innen: Im Rahmen des<br \/>\nProgramms des Zentrum KlimaAnpassung geben erfahrene Mentor*innen<br \/>\npraxisnahes Wissen an die Neueinsteiger*innen in der kommunalen<br \/>\nKlimaanpassung weiter.<br \/>\nBesserer Schutz von Risikogruppen in sozialen Einrichtungen: Der<br \/>\nUnterst\u00fctzungsbedarf f\u00fcr Krankenh\u00e4user, Kinderg\u00e4rten und<br \/>\nPflegestationen bleibt gro\u00df. Das F\u00f6rderprogramm \u201eKlimaanpassung in<br \/>\nsozialen Einrichtungen\u201c wird entfristet und als neues Regelprogramm des<br \/>\nBMUV gef\u00fchrt.<br \/>\nBesserer Schutz vor Hitze durch Hitzeaktionspl\u00e4ne: Das Angebot des<br \/>\nZentrums KlimaAnpassung<br \/>\n&lt;https:\/\/www.bmuv.de\/presseverteiler\/lt.php?tid=FR07d4Pfrp6Gl7zkA3jeNpnSxVMkyQXCj\/+cd\/CEZq+BuBNZyf\/LoKSsg41K6FIQ&gt;<br \/>\nwird erweitert. Dazu z\u00e4hlt ein auf die Entwicklung und Umsetzung von<br \/>\nHitzeaktionspl\u00e4nen spezialisiertes Beratungsprogramm f\u00fcr Kommunen, um die<br \/>\nfl\u00e4chenhafte Erstellung solcher Pl\u00e4ne voran zu bringen.<br \/>\nKlimaanpassungs-Kommunikation f\u00fcr B\u00fcrger*innen: Mit passgenauer<br \/>\nAnsprache unterst\u00fctzt das BMUV Verbraucher*innen in ihrer individuellen<br \/>\nRisikovorsorge: \u00c4ltere Menschen erfahren, wie sie sich vor \u00dcberhitzung<br \/>\nsch\u00fctzen. Schulen und Kitas bekommen Tipps, wie sie Sch\u00fcler*innen und<br \/>\nKleinkinder vor Dehydrierung bewahren. Hauseigent\u00fcmer*innen erhalten<br \/>\nAufkl\u00e4rung \u00fcber Elementarschadenversicherungen, wie sie ihre Geb\u00e4ude vor<br \/>\nStarkregen sichern k\u00f6nnen und wie Entsiegelung und Begr\u00fcnung zur<br \/>\nArtenvielfalt und Erh\u00f6hung unserer Lebensqualit\u00e4t beitragen.<\/p>\n<p>\u00dcber das Sofortprogramm Klimaanpassung hinaus treibt das BMUV die<br \/>\nUmsetzung der wesentlichen Vorhaben aus dem Koalitionsvertrag zur<br \/>\nKlimaanpassung voran (Klimaanpassungsgesetz und vorsorgende<br \/>\nAnpassungsstrategie). K\u00fcnftig wird eine eigene Unterabteilung<br \/>\nKlimaanpassung im BMUV dem Thema die notwendige Aufmerksamkeit verschaffen.<br \/>\nEs wird auch darum gehen, Synergien mit anderen Programmen und Strategien<br \/>\nder Bundesregierung zu nutzen. Ankn\u00fcpfungspunkte bieten insbesondere das<br \/>\nAktionsprogramm Nat\u00fcrlicher Klimaschutz, das auf intakte \u00d6kosysteme f\u00fcr<br \/>\nKlimaschutz und Anpassung setzt, und die Nationale Wasserstrategie mit<br \/>\neinem Ma\u00dfnahmenb\u00fcndel f\u00fcr einen sorgsamen Umgang mit der Ressource<br \/>\nWasser.<\/p>\n<p>Am 24. und 25. M\u00e4rz 2022 veranstaltet das Zentrum KlimaAnpassung im<br \/>\nAuftrag des BMUV die erste Vernetzungskonferenz \u201eKommunale Klimaanpassung<br \/>\nim Dialog\u201c. Dabei diskutieren Vertreter*innen aus den Ministerien der<br \/>\nBundes- und Landesebene und der Kommunalen Spitzenverb\u00e4nden aktuelle<br \/>\nFragen der Anpassung an die Folgen der Klimakrise sowie zu den<br \/>\nHerausforderungen und Bedarfen der Kommunen. Der zweite Konferenztag dient<br \/>\nder gezielten Vernetzung und dem kollegialen Austausch zwischen<br \/>\nVertreter*innen der Kommunen und kommunalen Klimaanpassungsmanager*innen.<\/p>\n<p>Weitere Informationen<\/p>\n<p>Sofortprogramm Klimaanpassung<br \/>\n&lt;https:\/\/www.bmuv.de\/presseverteiler\/lt.php?tid=5HXeAentNH6mphZyd6Ywg5nSxVMkyQXCj\/+cd\/CEZq+BuBNZyf\/boKSsg41K6FIQ&gt;<\/p>\n<p>Vernetzungskonferenz \u201eKommunale Klimaanpassung im Dialog\u201c (24.\/25.03.)<br \/>\n&lt;https:\/\/www.bmuv.de\/presseverteiler\/lt.php?tid=YDtWxpOAWDupjnk4W+xBWJnSxVMkyaXCj\/+cd\/CEZq+BuBNZyf8boKSsg41K6FIQ&gt;<\/p>\n<p>Anpassung an die Klimawandel<br \/>\n&lt;https:\/\/www.bmuv.de\/presseverteiler\/lt.php?tid=fea0zkxyOFebH2nH9LVy8pnSxVMkySXCj\/+cd\/CEZq+BuBNZyf\/LoKSsg41K6FIQ&gt;<\/p>\n<p>Quelle:bmu.de<\/p>\n","protected":false},"excerpt":{"rendered":"<p>Berlin: Klimaanpassung Steffi Lemke pr\u00e4sentiert Sofortprogramm Klimaanpassung Bundesumweltministerin Steffi Lemke hat heute im Rahmen der ersten Vernetzungskonferenz \u201eKommunale Klimaanpassung im Dialog\u201c ein Sofortprogramm des BMUV f\u00fcr die Anpassung an den Klimawandel vorgestellt. Das Ma\u00dfnahmenpaket dient dazu, erste Schritte und Ma\u00dfnahmen schnell in die Praxis zu bringen. Damit will das Ministerium der Dringlichkeit der Klimaanpassung in [&hellip;]<\/p>\n","protected":false},"author":7,"featured_media":13116,"comment_status":"closed","ping_status":"open","sticky":false,"template":"","format":"standard","meta":{"footnotes":""},"categories":[44,3],"tags":[3621],"class_list":["post-14827","post","type-post","status-publish","format-standard","has-post-thumbnail","hentry","category-deutschland-2","category-news","tag-klimaanpassung"],"_links":{"self":[{"href":"https:\/\/www.frankensicht.de\/index.php?rest_route=\/wp\/v2\/posts\/14827","targetHints":{"allow":["GET"]}}],"collection":[{"href":"https:\/\/www.frankensicht.de\/index.php?rest_route=\/wp\/v2\/posts"}],"about":[{"href":"https:\/\/www.frankensicht.de\/index.php?rest_route=\/wp\/v2\/types\/post"}],"author":[{"embeddable":true,"href":"https:\/\/www.frankensicht.de\/index.php?rest_route=\/wp\/v2\/users\/7"}],"replies":[{"embeddable":true,"href":"https:\/\/www.frankensicht.de\/index.php?rest_route=%2Fwp%2Fv2%2Fcomments&post=14827"}],"version-history":[{"count":1,"href":"https:\/\/www.frankensicht.de\/index.php?rest_route=\/wp\/v2\/posts\/14827\/revisions"}],"predecessor-version":[{"id":14828,"href":"https:\/\/www.frankensicht.de\/index.php?rest_route=\/wp\/v2\/posts\/14827\/revisions\/14828"}],"wp:featuredmedia":[{"embeddable":true,"href":"https:\/\/www.frankensicht.de\/index.php?rest_route=\/wp\/v2\/media\/13116"}],"wp:attachment":[{"href":"https:\/\/www.frankensicht.de\/index.php?rest_route=%2Fwp%2Fv2%2Fmedia&parent=14827"}],"wp:term":[{"taxonomy":"category","embeddable":true,"href":"https:\/\/www.frankensicht.de\/index.php?rest_route=%2Fwp%2Fv2%2Fcategories&post=14827"},{"taxonomy":"post_tag","embeddable":true,"href":"https:\/\/www.frankensicht.de\/index.php?rest_route=%2Fwp%2Fv2%2Ftags&post=14827"}],"curies":[{"name":"wp","href":"https:\/\/api.w.org\/{rel}","templated":true}]}}