{"id":14825,"date":"2022-03-26T08:28:43","date_gmt":"2022-03-26T07:28:43","guid":{"rendered":"https:\/\/www.frankensicht.de\/?p=14825"},"modified":"2022-03-26T08:28:43","modified_gmt":"2022-03-26T07:28:43","slug":"in-der-nacht-zum-27-maerz-2022-beginnt-die-sommerzeit","status":"publish","type":"post","link":"https:\/\/www.frankensicht.de\/?p=14825","title":{"rendered":"In der Nacht zum 27. M\u00e4rz 2022 beginnt die Sommerzeit"},"content":{"rendered":"<p><span style=\"color: #ff0000;\">Berlin:<\/span><\/p>\n<p>In der Nacht zum 27. M\u00e4rz 2022 beginnt die Sommerzeit<\/p>\n<p>Am kommenden Sonntag, dem 27. M\u00e4rz 2022, um 2:00 Uhr morgens, beginnt dieses Jahr in Deutschland<br \/>\ndie Mitteleurop\u00e4ische Sommerzeit (MESZ).<br \/>\nZu diesem Zeitpunkt wird die Uhr um eine Stunde vorgestellt, das hei\u00dft auf 3:00 Uhr. Die<br \/>\nZeitumstellung erfolgt in allen Mitgliedstaaten der Europ\u00e4ischen Union sowie in weiteren<br \/>\nNachbarstaaten.<\/p>\n<p><a href=\"https:\/\/www.frankensicht.de\/?attachment_id=10839\" rel=\"attachment wp-att-10839\"><img loading=\"lazy\" decoding=\"async\" class=\"alignnone size-medium wp-image-10839\" src=\"https:\/\/www.frankensicht.de\/wp-content\/uploads\/2017\/07\/20150522_163620-300x225.jpg\" alt=\"\" width=\"300\" height=\"225\" srcset=\"https:\/\/www.frankensicht.de\/wp-content\/uploads\/2017\/07\/20150522_163620-300x225.jpg 300w, https:\/\/www.frankensicht.de\/wp-content\/uploads\/2017\/07\/20150522_163620-768x576.jpg 768w, https:\/\/www.frankensicht.de\/wp-content\/uploads\/2017\/07\/20150522_163620-1024x768.jpg 1024w\" sizes=\"auto, (max-width: 300px) 100vw, 300px\" \/><\/a><\/p>\n<p>Die Sommerzeit gilt bis zur n\u00e4chsten Zeitumstellung am 30. Oktober 2022. F\u00fcr die EU-Mitgliedstaaten<br \/>\nist die Zeitumstellung durch europ\u00e4ische Regelungen vorgegeben. Sowohl MEZ (Mitteleurop\u00e4ische Zeit)<br \/>\nals auch MESZ leiten sich von der Weltzeit ab. Die Weltzeit ist auf Greenwich in London bezogen,<br \/>\nalso auf die Zeitzone westlich von Deutschland. Die MEZ ergibt sich durch Hinzuf\u00fcgen einer Stunde<br \/>\nund die nun beginnende MESZ durch Hinzuf\u00fcgen zweier Stunden zur Weltzeit.<\/p>\n<p>Weitere Infos finden Sie auf der Webseite der Physikalisch-Technischen Bundesanstalt.<\/p>\n<p>https:\/\/www.bmwi.de\/Redaktion\/DE\/Pressemitteilungen\/2022\/03\/20220324-in-der-nacht-zum-27-marz-2022-beginnt-die-sommerzeit.html<\/p>\n<p>Quelle:abo-bmwi.de<\/p>\n<p>&nbsp;<\/p>\n<p>Namerkung der Redaktion:\u00a0 Ein verk\u00fcnden des Ende dieses unsinns w\u00fcrde eine Regierung angenehmer erscheinen lassen !<\/p>\n<p>&nbsp;<\/p>\n","protected":false},"excerpt":{"rendered":"<p>Berlin: In der Nacht zum 27. M\u00e4rz 2022 beginnt die Sommerzeit Am kommenden Sonntag, dem 27. M\u00e4rz 2022, um 2:00 Uhr morgens, beginnt dieses Jahr in Deutschland die Mitteleurop\u00e4ische Sommerzeit (MESZ). Zu diesem Zeitpunkt wird die Uhr um eine Stunde vorgestellt, das hei\u00dft auf 3:00 Uhr. Die Zeitumstellung erfolgt in allen Mitgliedstaaten der Europ\u00e4ischen Union [&hellip;]<\/p>\n","protected":false},"author":7,"featured_media":10839,"comment_status":"closed","ping_status":"open","sticky":false,"template":"","format":"standard","meta":{"footnotes":""},"categories":[44,3],"tags":[3620],"class_list":["post-14825","post","type-post","status-publish","format-standard","has-post-thumbnail","hentry","category-deutschland-2","category-news","tag-sommerzeitwahnsinn-2022"],"_links":{"self":[{"href":"https:\/\/www.frankensicht.de\/index.php?rest_route=\/wp\/v2\/posts\/14825","targetHints":{"allow":["GET"]}}],"collection":[{"href":"https:\/\/www.frankensicht.de\/index.php?rest_route=\/wp\/v2\/posts"}],"about":[{"href":"https:\/\/www.frankensicht.de\/index.php?rest_route=\/wp\/v2\/types\/post"}],"author":[{"embeddable":true,"href":"https:\/\/www.frankensicht.de\/index.php?rest_route=\/wp\/v2\/users\/7"}],"replies":[{"embeddable":true,"href":"https:\/\/www.frankensicht.de\/index.php?rest_route=%2Fwp%2Fv2%2Fcomments&post=14825"}],"version-history":[{"count":1,"href":"https:\/\/www.frankensicht.de\/index.php?rest_route=\/wp\/v2\/posts\/14825\/revisions"}],"predecessor-version":[{"id":14826,"href":"https:\/\/www.frankensicht.de\/index.php?rest_route=\/wp\/v2\/posts\/14825\/revisions\/14826"}],"wp:featuredmedia":[{"embeddable":true,"href":"https:\/\/www.frankensicht.de\/index.php?rest_route=\/wp\/v2\/media\/10839"}],"wp:attachment":[{"href":"https:\/\/www.frankensicht.de\/index.php?rest_route=%2Fwp%2Fv2%2Fmedia&parent=14825"}],"wp:term":[{"taxonomy":"category","embeddable":true,"href":"https:\/\/www.frankensicht.de\/index.php?rest_route=%2Fwp%2Fv2%2Fcategories&post=14825"},{"taxonomy":"post_tag","embeddable":true,"href":"https:\/\/www.frankensicht.de\/index.php?rest_route=%2Fwp%2Fv2%2Ftags&post=14825"}],"curies":[{"name":"wp","href":"https:\/\/api.w.org\/{rel}","templated":true}]}}