{"id":14823,"date":"2022-03-25T08:39:19","date_gmt":"2022-03-25T07:39:19","guid":{"rendered":"https:\/\/www.frankensicht.de\/?p=14823"},"modified":"2022-03-25T08:39:19","modified_gmt":"2022-03-25T07:39:19","slug":"potenzial-fuer-bayerisch-oesterreichische-wasserstoffprojekte","status":"publish","type":"post","link":"https:\/\/www.frankensicht.de\/?p=14823","title":{"rendered":"Potenzial f\u00fcr bayerisch-\u00f6sterreichische Wasserstoffprojekte&#8220;"},"content":{"rendered":"<p><span style=\"color: #ff0000;\">M\u00fcnchen &#8211; Wien:<\/span><\/p>\n<p>Potenzial f\u00fcr bayerisch-\u00f6sterreichische Wasserstoffprojekte&#8220;<br \/>\nBayerns Wirtschaftsminister Hubert Aiwanger wird im Rahmen einer Expertenreise<br \/>\nam 24. und 25. M\u00e4rz zu Gespr\u00e4chen nach Wien fahren. Auf der Agenda<br \/>\nstehen dabei unter anderem Konsultationen mit seinen \u00f6sterreichischen<br \/>\nAmtskolleginnen Dr. Margarete Schramb\u00f6ck, Bundesministerin f\u00fcr<br \/>\nDigitalisierung und Wirtschaftsstandort, und Elisabeth K\u00f6stinger,<br \/>\nBundesministerin f\u00fcr Landwirtschaft, Regionen und Tourismus.\u00a0Anl\u00e4sslich<br \/>\neines bayerisch-\u00f6sterreichischen Roundtable-Gespr\u00e4ch zu\u00a0Energiepolitik,<br \/>\ngr\u00fcnem Wasserstoff und Wasserkraft trifft sich Aiwanger au\u00dferdem<br \/>\nmit Dr. Michael Strugl, CEO des \u00f6sterreichischen Energieunternehmens<br \/>\nVerbund. \u00a0 Aiwanger:<br \/>\n&#8222;Der Krieg in der Ukraine zeigt, wie wichtig der Zusammenhalt und<br \/>\ndie enge Kooperation mit unseren europ\u00e4ischen Partnern und Nachbarn<br \/>\nist. Ich freue mich deshalb sehr auf diesen Besuch in Wien. Bayerns und<br \/>\n\u00d6sterreichs Wirtschaft\u00a0stehen aktuell vor \u00e4hnlichen Herausforderungen<br \/>\nwie den rasant steigenden Energiepreisen. Die zuk\u00fcnftige Rolle von<br \/>\nWasserstoff wird angesichts dieser\u00a0Entwicklungen immer wichtiger.<br \/>\nWasserstoff und Energiepartnerschaften waren bereits bei meiner ersten<br \/>\n\u00d6sterreich-Reise im M\u00e4rz 2019 ein zentrales Gespr\u00e4chsthema.<br \/>\nWir haben ihre Bedeutung also schon fr\u00fch erkannt und k\u00f6nnen den<br \/>\nErfahrungsaustausch jetzt fortf\u00fchren. Ich bin \u00fcberzeugt: Das\u00a0Potenzial<br \/>\nf\u00fcr Wasserstoff- und Energieprojekte zwischen\u00a0beiden L\u00e4ndern<br \/>\nist gro\u00df. Gemeinsam mit unseren \u00f6sterreichischen Partnern wollen<br \/>\nwir hier Tempo machen.&#8220;<\/p>\n<p><a href=\"https:\/\/www.frankensicht.de\/?attachment_id=7144\" rel=\"attachment wp-att-7144\"><img loading=\"lazy\" decoding=\"async\" class=\"alignnone size-medium wp-image-7144\" src=\"https:\/\/www.frankensicht.de\/wp-content\/uploads\/2014\/05\/himmel-2-300x225.jpg\" alt=\"\" width=\"300\" height=\"225\" srcset=\"https:\/\/www.frankensicht.de\/wp-content\/uploads\/2014\/05\/himmel-2-300x225.jpg 300w, https:\/\/www.frankensicht.de\/wp-content\/uploads\/2014\/05\/himmel-2.jpg 640w\" sizes=\"auto, (max-width: 300px) 100vw, 300px\" \/><\/a><br \/>\nAn der Expertenreise nehmen ebenfalls Vertreter<br \/>\ndes Bayerischen Industrie- und Handelskammertages, des Bayerischen Wasserstoffzentrums<br \/>\nH2.B\u00a0sowie aus der Wirtschaft teil. Bayerns Handelsvolument mit \u00d6sterreich<br \/>\nbel\u00e4uft sich auf 33 Milliarden Euro (2021), damit ist die Alpenrepublik<br \/>\nder zweitgr\u00f6\u00dfte Handelspartner des Freistaates.<\/p>\n<p>Quelle: stmwi.bayern.de<\/p>\n","protected":false},"excerpt":{"rendered":"<p>M\u00fcnchen &#8211; Wien: Potenzial f\u00fcr bayerisch-\u00f6sterreichische Wasserstoffprojekte&#8220; Bayerns Wirtschaftsminister Hubert Aiwanger wird im Rahmen einer Expertenreise am 24. und 25. M\u00e4rz zu Gespr\u00e4chen nach Wien fahren. Auf der Agenda stehen dabei unter anderem Konsultationen mit seinen \u00f6sterreichischen Amtskolleginnen Dr. Margarete Schramb\u00f6ck, Bundesministerin f\u00fcr Digitalisierung und Wirtschaftsstandort, und Elisabeth K\u00f6stinger, Bundesministerin f\u00fcr Landwirtschaft, Regionen und Tourismus.\u00a0Anl\u00e4sslich [&hellip;]<\/p>\n","protected":false},"author":7,"featured_media":7144,"comment_status":"closed","ping_status":"open","sticky":false,"template":"","format":"standard","meta":{"footnotes":""},"categories":[78,71],"tags":[3619],"class_list":["post-14823","post","type-post","status-publish","format-standard","has-post-thumbnail","hentry","category-bayern","category-menue","tag-wasserstooprojekt"],"_links":{"self":[{"href":"https:\/\/www.frankensicht.de\/index.php?rest_route=\/wp\/v2\/posts\/14823","targetHints":{"allow":["GET"]}}],"collection":[{"href":"https:\/\/www.frankensicht.de\/index.php?rest_route=\/wp\/v2\/posts"}],"about":[{"href":"https:\/\/www.frankensicht.de\/index.php?rest_route=\/wp\/v2\/types\/post"}],"author":[{"embeddable":true,"href":"https:\/\/www.frankensicht.de\/index.php?rest_route=\/wp\/v2\/users\/7"}],"replies":[{"embeddable":true,"href":"https:\/\/www.frankensicht.de\/index.php?rest_route=%2Fwp%2Fv2%2Fcomments&post=14823"}],"version-history":[{"count":1,"href":"https:\/\/www.frankensicht.de\/index.php?rest_route=\/wp\/v2\/posts\/14823\/revisions"}],"predecessor-version":[{"id":14824,"href":"https:\/\/www.frankensicht.de\/index.php?rest_route=\/wp\/v2\/posts\/14823\/revisions\/14824"}],"wp:featuredmedia":[{"embeddable":true,"href":"https:\/\/www.frankensicht.de\/index.php?rest_route=\/wp\/v2\/media\/7144"}],"wp:attachment":[{"href":"https:\/\/www.frankensicht.de\/index.php?rest_route=%2Fwp%2Fv2%2Fmedia&parent=14823"}],"wp:term":[{"taxonomy":"category","embeddable":true,"href":"https:\/\/www.frankensicht.de\/index.php?rest_route=%2Fwp%2Fv2%2Fcategories&post=14823"},{"taxonomy":"post_tag","embeddable":true,"href":"https:\/\/www.frankensicht.de\/index.php?rest_route=%2Fwp%2Fv2%2Ftags&post=14823"}],"curies":[{"name":"wp","href":"https:\/\/api.w.org\/{rel}","templated":true}]}}