{"id":14819,"date":"2022-03-23T07:14:02","date_gmt":"2022-03-23T06:14:02","guid":{"rendered":"https:\/\/www.frankensicht.de\/?p=14819"},"modified":"2022-03-23T07:14:02","modified_gmt":"2022-03-23T06:14:02","slug":"bayerns-wirtschaftsminister-hubert-aiwanger-hat-vor-den-massiven-auswirkungen-des-russischen-angriffskriegs-in-der-ukraine-auf-die-bayerische-wirtschaft-gewarnt","status":"publish","type":"post","link":"https:\/\/www.frankensicht.de\/?p=14819","title":{"rendered":"Bayerns Wirtschaftsminister Hubert Aiwanger hat vor den massiven Auswirkungen des russischen Angriffskriegs in der Ukraine auf die bayerische Wirtschaft gewarnt."},"content":{"rendered":"<p><span style=\"color: #ff0000;\">M\u00fcnchen:<\/span><\/p>\n<p>Bayerns Wirtschaftsminister Hubert Aiwanger hat vor den massiven Auswirkungen des<br \/>\nrussischen Angriffskriegs in der Ukraine auf die bayerische Wirtschaft<br \/>\ngewarnt. Aiwanger: &#8222;Vor allem die stark steigenden Energie- und Rohstoffpreise<br \/>\nbelasten die Unternehmen, dazu kommen Ausf\u00e4lle bei Exporten und Investitionen<br \/>\nsowie St\u00f6rungen in den Lieferketten und bei Finanztransaktionen. Die<br \/>\nUnternehmen brauchen jetzt einen Schutzschirm vom Bund. Die Firmen d\u00fcrfen<br \/>\nnicht alleine gelassen werden.&#8220;<br \/>\nDer Staatsminister \u00fcbte scharfe Kritik<br \/>\nan der Bundesregierung, die bislang nur diskutiert, aber keine konkreten<br \/>\nL\u00f6sungen f\u00fcr die Krise erarbeitet habe. Aiwanger: &#8222;Wir erleben<br \/>\nleider ein eklatantes Versagen des Bundes. Vor allem das Problem der steigenden<br \/>\nEnergiepreise ist in Deutschland ungel\u00f6st. In allen L\u00e4ndern um<br \/>\nuns herum, gibt es niedrigere Spritpreise, doch die Ampel diskutiert noch<br \/>\nimmer um Tankrabatte und Energiegeld. Derweil wird das Loch in den Geldb\u00f6rsen<br \/>\nder bayerischen Pendler und Unternehmen gr\u00f6\u00dfer und der Tanktourismus<br \/>\nnach \u00d6sterreich nimmt ungeahnte Ausma\u00dfe an. Die Ampel muss jetzt<br \/>\nendlich \u00fcber Parteigrenzen hinaus eine Einigung erzielen und in das<br \/>\nPreisgeschehen eingreifen. Ich erneuere meine Forderung, die Sprit- und<br \/>\nMehrwertsteuer zu senken. Das w\u00fcrde zeitnah Entlastung schaffen.&#8220;<br \/>\n<a href=\"https:\/\/www.frankensicht.de\/?attachment_id=14815\" rel=\"attachment wp-att-14815\"><img loading=\"lazy\" decoding=\"async\" class=\"alignnone size-medium wp-image-14815\" src=\"https:\/\/www.frankensicht.de\/wp-content\/uploads\/2022\/03\/Ukraine-300x200.png\" alt=\"\" width=\"300\" height=\"200\" srcset=\"https:\/\/www.frankensicht.de\/wp-content\/uploads\/2022\/03\/Ukraine-300x200.png 300w, https:\/\/www.frankensicht.de\/wp-content\/uploads\/2022\/03\/Ukraine-768x512.png 768w, https:\/\/www.frankensicht.de\/wp-content\/uploads\/2022\/03\/Ukraine-220x146.png 220w, https:\/\/www.frankensicht.de\/wp-content\/uploads\/2022\/03\/Ukraine.png 1024w\" sizes=\"auto, (max-width: 300px) 100vw, 300px\" \/><\/a><\/p>\n<p>Aiwanger forderte vom Bund auch, endlich konkrete Ma\u00dfnahmen zur Versorgungssicherheit<br \/>\nmit Gas und Strom zu ergreifen. &#8222;Noch kommt Gas aus Russland, es h\u00e4ngen<br \/>\n220.000 Arbeitspl\u00e4tze in Bayern direkt an diesen Importen. Aber die<br \/>\nSpeicher sind weniger gef\u00fcllt, als sie sein k\u00f6nnten und m\u00fcssten.<br \/>\nDeswegen brauchen wir jetzt Ma\u00dfnahmen, um vor dem n\u00e4chsten Winter<br \/>\nin einer besseren Ausgangslage mit weniger Abh\u00e4ngigkeit zu sein. Der<br \/>\nVorsto\u00df Bayerns lautet, vorurteilsfrei zu pr\u00fcfen, ob eine vor\u00fcbergehend<br \/>\nst\u00e4rkere Nutzung von Kohle und eine Verl\u00e4ngerung der Laufzeit<br \/>\ndes Kernkraftwerks Isar 2 um einige Monate Sinn macht. Doch w\u00e4hrend<br \/>\nzwei Bundesministerien im Falle der Kernkraft erkl\u00e4rt haben, eine<br \/>\nVerl\u00e4ngerung sei nicht zielf\u00fchrend, kommen Preu\u00dfen Elektra<br \/>\nals Betreiber von Isar 2 und das Bayerische Umweltministerium zu anderen<br \/>\nErgebnissen. Ich habe den Eindruck, der Bund will diese Option \u00fcberhaupt<br \/>\nnicht grundlegend pr\u00fcfen. Doch Versorgungssicherheit ist in Krisenzeiten<br \/>\nwichtiger als Ideologie.&#8220;<\/p>\n<p>Quelle: stmwi.bayern.de<\/p>\n","protected":false},"excerpt":{"rendered":"<p>M\u00fcnchen: Bayerns Wirtschaftsminister Hubert Aiwanger hat vor den massiven Auswirkungen des russischen Angriffskriegs in der Ukraine auf die bayerische Wirtschaft gewarnt. Aiwanger: &#8222;Vor allem die stark steigenden Energie- und Rohstoffpreise belasten die Unternehmen, dazu kommen Ausf\u00e4lle bei Exporten und Investitionen sowie St\u00f6rungen in den Lieferketten und bei Finanztransaktionen. Die Unternehmen brauchen jetzt einen Schutzschirm vom [&hellip;]<\/p>\n","protected":false},"author":7,"featured_media":14815,"comment_status":"closed","ping_status":"open","sticky":false,"template":"","format":"standard","meta":{"footnotes":""},"categories":[78,71],"tags":[3617],"class_list":["post-14819","post","type-post","status-publish","format-standard","has-post-thumbnail","hentry","category-bayern","category-menue","tag-bayern-ukraine"],"_links":{"self":[{"href":"https:\/\/www.frankensicht.de\/index.php?rest_route=\/wp\/v2\/posts\/14819","targetHints":{"allow":["GET"]}}],"collection":[{"href":"https:\/\/www.frankensicht.de\/index.php?rest_route=\/wp\/v2\/posts"}],"about":[{"href":"https:\/\/www.frankensicht.de\/index.php?rest_route=\/wp\/v2\/types\/post"}],"author":[{"embeddable":true,"href":"https:\/\/www.frankensicht.de\/index.php?rest_route=\/wp\/v2\/users\/7"}],"replies":[{"embeddable":true,"href":"https:\/\/www.frankensicht.de\/index.php?rest_route=%2Fwp%2Fv2%2Fcomments&post=14819"}],"version-history":[{"count":1,"href":"https:\/\/www.frankensicht.de\/index.php?rest_route=\/wp\/v2\/posts\/14819\/revisions"}],"predecessor-version":[{"id":14820,"href":"https:\/\/www.frankensicht.de\/index.php?rest_route=\/wp\/v2\/posts\/14819\/revisions\/14820"}],"wp:featuredmedia":[{"embeddable":true,"href":"https:\/\/www.frankensicht.de\/index.php?rest_route=\/wp\/v2\/media\/14815"}],"wp:attachment":[{"href":"https:\/\/www.frankensicht.de\/index.php?rest_route=%2Fwp%2Fv2%2Fmedia&parent=14819"}],"wp:term":[{"taxonomy":"category","embeddable":true,"href":"https:\/\/www.frankensicht.de\/index.php?rest_route=%2Fwp%2Fv2%2Fcategories&post=14819"},{"taxonomy":"post_tag","embeddable":true,"href":"https:\/\/www.frankensicht.de\/index.php?rest_route=%2Fwp%2Fv2%2Ftags&post=14819"}],"curies":[{"name":"wp","href":"https:\/\/api.w.org\/{rel}","templated":true}]}}