{"id":14817,"date":"2022-03-22T07:57:27","date_gmt":"2022-03-22T06:57:27","guid":{"rendered":"https:\/\/www.frankensicht.de\/?p=14817"},"modified":"2022-03-22T07:57:27","modified_gmt":"2022-03-22T06:57:27","slug":"bmuv-und-bitkom-richten-veranstaltung-zum-safer-internet-day-aus","status":"publish","type":"post","link":"https:\/\/www.frankensicht.de\/?p=14817","title":{"rendered":"BMUV und Bitkom richten Veranstaltung zum Safer Internet Day aus"},"content":{"rendered":"<p><span style=\"color: #ff0000;\">Berlin:<\/span><\/p>\n<p>BMUV und Bitkom richten Veranstaltung zum Safer Internet Day aus<\/p>\n<p>Die digitale Souver\u00e4nit\u00e4t von Verbraucherinnen und Verbrauchern st\u00e4rken<\/p>\n<p>Das Bundesumwelt- und Verbraucherschutzministerium (BMUV) und der Verband<br \/>\nBitkom e.V. organisieren heute [21. M\u00e4rz 2022] eine gemeinsame<br \/>\nOnline-Veranstaltung zum Safer Internet Day: \u201eSelbstbestimmt und sicher &#8211;<br \/>\nWann sind Verbraucherinnen und Verbraucher digital souver\u00e4n?\u201c<\/p>\n<p>Bundesumwelt- und Verbraucherschutzministerin Steffi Lemke: \u201eDigitale<br \/>\nAnwendungen sind schon lange Teil unseres Alltags. W\u00e4hrend viele Menschen<br \/>\nsich zaghaft im Netz bewegen, probieren andere schnell die neuesten<br \/>\nTechnologien aus. Als Verbraucherschutzministerin m\u00f6chte ich, dass alle<br \/>\nVerbraucher*innen sich sicher und selbstbewusst im digitalen Raum bewegen<br \/>\nk\u00f6nnen. Digitale Technik ist mit enormen Chancen f\u00fcr uns verbunden. Sie<br \/>\nspart Wege, erleichtert den Alltag und kann Teilhabe f\u00f6rdern. Aber<br \/>\nentscheidend ist: Es braucht einen klaren gesetzlichen Rahmen zum Schutz<br \/>\nder Verbraucher*innen im digitalen Kontext. F\u00fcr verbraucherfreundliche<br \/>\ndigitale Angebote im europ\u00e4ischen Markt setzte ich mich auch im<br \/>\neurop\u00e4ischen Rahmen ein.<\/p>\n<p>Bitkom-Hauptgesch\u00e4ftsf\u00fchrer Dr. Bernhard Rohleder: \u201eAlle Menschen in<br \/>\nDeutschland m\u00fcssen sich selbstbewusst und selbstbestimmt in unserer<br \/>\ndigitalen Gesellschaft bewegen k\u00f6nnen. Digitale Verbrauchersouver\u00e4nit\u00e4t<br \/>\nist Kern gesellschaftlicher und wirtschaftlicher Teilhabe. Politik und<br \/>\nWirtschaft m\u00fcssen Digitalkompetenzen im Land gezielt f\u00f6rdern &#8211; und zwar<br \/>\nin allen Teilen der Gesellschaft vom Kindergarten bis ins hohe Alter.<br \/>\nMedienkompetenz und IT-Know-how m\u00fcssen bereits ab der Grundschule in die<br \/>\nBildungspl\u00e4ne integriert werden. Es braucht nicht weniger als einen<br \/>\nParadigmenwechsel in der schulischen, universit\u00e4ren und beruflichen Aus-<br \/>\nund Weiterbildung.\u201c<\/p>\n<p><a href=\"https:\/\/www.frankensicht.de\/?attachment_id=9169\" rel=\"attachment wp-att-9169\"><img loading=\"lazy\" decoding=\"async\" class=\"alignnone size-medium wp-image-9169\" src=\"https:\/\/www.frankensicht.de\/wp-content\/uploads\/2016\/01\/computer1-300x225.jpeg\" alt=\"\" width=\"300\" height=\"225\" srcset=\"https:\/\/www.frankensicht.de\/wp-content\/uploads\/2016\/01\/computer1-300x225.jpeg 300w, https:\/\/www.frankensicht.de\/wp-content\/uploads\/2016\/01\/computer1.jpeg 430w\" sizes=\"auto, (max-width: 300px) 100vw, 300px\" \/><\/a><\/p>\n<p>Die Selbstbestimmung der Verbraucher*innen im digitalen Kontext wird umso<br \/>\nwichtiger, je mehr digitale Anwendungen Verbreitung finden. Entscheidend<br \/>\nsind IT-Sicherheit, Selbstbestimmtheit, Selbstkontrolle und Wahlfreiheit.<br \/>\nNur wenn diese Prinzipien gelten, sind Verbraucher*innen wirklich<br \/>\nsouver\u00e4n.<\/p>\n<p>Angesichts der aktuell un\u00fcbersichtlichen Lage im Cyberraum steigt<br \/>\ninsbesondere die Bedeutung von IT-Sicherheitsbelangen. Das gilt f\u00fcr<br \/>\nzukunftstr\u00e4chtige Anwendungen, die noch nicht weit verbreitet sind. Aber<br \/>\nauch bei den jetzt schon allt\u00e4glichen digitalen Aktivit\u00e4ten gibt es<br \/>\nRisiken f\u00fcr Datenschutz und Datensicherheit. Ein Beispiel hierf\u00fcr sind so<br \/>\ngenannte Dark Patterns, mit denen Nutzer*innen durch eine manipulierende<br \/>\nGestaltung von Internetseiten oder Anwendungen dazu bewegt werden sollen,<br \/>\nDinge anzuklicken, die sie eigentlich gar nicht ausw\u00e4hlen wollen. Daher<br \/>\nsetzt sich die Bundesregierung auf europ\u00e4ischer Ebene daf\u00fcr ein, solche<br \/>\nmanipulativen Techniken zu verbieten.<\/p>\n<p>Digitale Dienste und Produkte m\u00fcssen so programmiert und im Design<br \/>\ngestaltet sein, dass Datenschutz, Nutzerfreundlichkeit und Sicherheit von<br \/>\nvornherein gew\u00e4hrleistet sind und die Nutzer*innen selbst \u00fcber ihre<br \/>\npersonenbezogenen Daten bestimmen k\u00f6nnen. Au\u00dferdem m\u00fcssen Nutzer*innen<br \/>\nAnwendungen nach eigenen Vorstellungen sicher nutzen k\u00f6nnen. Sowohl<br \/>\nstaatliche Institutionen als auch privatwirtschaftliche Unternehmen stehen<br \/>\nin der Pflicht, f\u00fcr ausreichend Sicherheit und Schutz zu sorgen, die<br \/>\nVoraussetzung f\u00fcr Vertrauen sind. Diese Anliegen wollen das BMUV und der<br \/>\nVerband Bitkom vorantreiben.<\/p>\n<p>Mit der Corporate Digital Responsibility-Initiative<br \/>\n(https:\/\/www.bmuv.de\/presseverteiler\/lt.php?tid=CUass36xraONkYTgxpY5KcqUZlEnMTNuh\/RrIrmlwwuBuBNZyf8boKSsg41K6FIQ<br \/>\n&lt;https:\/\/www.bmuv.de\/presseverteiler\/lt.php?tid=F\/CC4sxhaxm9N\/Hc5kZVE8qUZlEnMZNuh\/RrIrmlwwuBuBNZyf8roKSsg41K6FIQ&gt;<br \/>\n) f\u00f6rdert das Verbraucherschutzministerium freiwilliges unternehmerisches<br \/>\nEngagement, um die Digitalisierung menschen- und werteorientiert zu<br \/>\ngestalten. Ziel der Initiative ist es, digitale Verantwortung zu einer<br \/>\nSelbstverst\u00e4ndlichkeit f\u00fcr Unternehmen aller Branchen werden zu lassen.<\/p>\n<p>Ein weiteres Beispiel ist das vom Verbraucherschutzministerium gef\u00f6rderte<br \/>\n\u201eZentrum f\u00fcr vertrauensw\u00fcrdige KI\u201c<br \/>\n(https:\/\/www.bmuv.de\/presseverteiler\/lt.php?tid=kQNq8nsfrTS77tvMiuKu0MqUZlEnMSNuh\/RrIrmlwwuBuBNZyf\/roKSsg41K6FIQ<br \/>\n&lt;https:\/\/www.bmuv.de\/presseverteiler\/lt.php?tid=DyG2SRrY5GCFVhDp4LBQQcqUZlEnMdNuh\/RrIrmlwwuBuBNZyf+roKSsg41K6FIQ&gt;<br \/>\n). Das Zentrum erarbeitet vertrauensw\u00fcrdige Anforderungen f\u00fcr KI-Systeme<br \/>\nund betreibt Aufkl\u00e4rung, wie die Auswirkungen solcher Systeme auf<br \/>\nVerbraucher*innen sind. Auch Informationsangebote wie das vom<br \/>\nVerbraucherschutzministerium gef\u00f6rderte Portal mobilsicher.de st\u00e4rken<br \/>\nVerbraucher*innen in der selbstbestimmten und sicheren Nutzung des<br \/>\nInternets.<\/p>\n<p>Der Digitalverband Bitkom f\u00f6rdert als Partner der Initiative \u201eDigital<br \/>\nf\u00fcr alle\u201c die Souver\u00e4nit\u00e4t der Verbraucher*innen in der digitalen<br \/>\nWelt. Am 24. Juni findet hierzu der dritte bundesweite Digitaltag<br \/>\n(https:\/\/www.bmuv.de\/presseverteiler\/lt.php?tid=WX8+\/zxUsSW7mxGjcGK+tMqUZlEnMVNuh\/RrIrmlwwuBuBNZyf+roKSsg41K6FIQ<br \/>\n&lt;https:\/\/www.bmuv.de\/presseverteiler\/lt.php?tid=K7KERbz9PK62PpWQrQKO\/MqUZlEnMQNuh\/RrIrmlwwuBuBNZyf+roKSsg41K6FIQ&gt;<br \/>\n) statt, der von mehr als 25 Spitzenverb\u00e4nden aus Gesellschaft,<br \/>\nWissenschaft und Wirtschaft ins Leben gerufen wurde. Der Aktionstag macht<br \/>\ndie Digitalisierung mit \u00fcber 2.000 Veranstaltungen erlebbar und tr\u00e4gt<br \/>\ndazu bei, digitale Teilhabe zu f\u00f6rdern.<\/p>\n<p>Mit seinem \u201eSmart School\u201c-Wettbewerb<br \/>\n(https:\/\/www.bmuv.de\/presseverteiler\/lt.php?tid=TlshcZPoKUGlXMnzFtSeM8qUZlEnMVNuh\/RrIrmlwwuBuBNZyf+LoKSsg41K6FIQ<br \/>\n&lt;https:\/\/www.bmuv.de\/presseverteiler\/lt.php?tid=BKsRLRHuHZy029M+\/bklo8qUZlEnMWNuh\/RrIrmlwwuBuBNZyf97oKSsg41K6FIQ&gt;<br \/>\n) zeichnet Bitkom zudem digitale Vorreiterschulen aus, die neben einer<br \/>\nguten technischen Ausstattung innovative p\u00e4dagogische Konzepte und<br \/>\numfassende Lehrkr\u00e4ftequalifizierung anbieten und ihre Sch\u00fcler*innen so<br \/>\nauf die digitale Welt vorbereiten. Seit 2016 ist das Netzwerk auf \u00fcber 100<br \/>\nStandorte in Deutschland gewachsen.<\/p>\n<p>Mehr Informationen:<\/p>\n<p>https:\/\/www.bmuv.de\/presseverteiler\/lt.php?tid=0OMfTkl1t2umIK+KjrijCsqUZlEnMVNuh\/RrIrmlwwuBuBNZyf8roKSsg41K6FIQ<\/p>\n<p>https:\/\/www.bmuv.de\/presseverteiler\/lt.php?tid=Ng8M7fDim9Cjacy7tECqCcqUZlEnMZNuh\/RrIrmlwwuBuBNZyf8LoKSsg41K6FIQ<\/p>\n<p>Quelle: bmu.de<\/p>\n","protected":false},"excerpt":{"rendered":"<p>Berlin: BMUV und Bitkom richten Veranstaltung zum Safer Internet Day aus Die digitale Souver\u00e4nit\u00e4t von Verbraucherinnen und Verbrauchern st\u00e4rken Das Bundesumwelt- und Verbraucherschutzministerium (BMUV) und der Verband Bitkom e.V. organisieren heute [21. M\u00e4rz 2022] eine gemeinsame Online-Veranstaltung zum Safer Internet Day: \u201eSelbstbestimmt und sicher &#8211; Wann sind Verbraucherinnen und Verbraucher digital souver\u00e4n?\u201c Bundesumwelt- und Verbraucherschutzministerin [&hellip;]<\/p>\n","protected":false},"author":7,"featured_media":9169,"comment_status":"closed","ping_status":"open","sticky":false,"template":"","format":"standard","meta":{"footnotes":""},"categories":[44,3],"tags":[],"class_list":["post-14817","post","type-post","status-publish","format-standard","has-post-thumbnail","hentry","category-deutschland-2","category-news"],"_links":{"self":[{"href":"https:\/\/www.frankensicht.de\/index.php?rest_route=\/wp\/v2\/posts\/14817","targetHints":{"allow":["GET"]}}],"collection":[{"href":"https:\/\/www.frankensicht.de\/index.php?rest_route=\/wp\/v2\/posts"}],"about":[{"href":"https:\/\/www.frankensicht.de\/index.php?rest_route=\/wp\/v2\/types\/post"}],"author":[{"embeddable":true,"href":"https:\/\/www.frankensicht.de\/index.php?rest_route=\/wp\/v2\/users\/7"}],"replies":[{"embeddable":true,"href":"https:\/\/www.frankensicht.de\/index.php?rest_route=%2Fwp%2Fv2%2Fcomments&post=14817"}],"version-history":[{"count":1,"href":"https:\/\/www.frankensicht.de\/index.php?rest_route=\/wp\/v2\/posts\/14817\/revisions"}],"predecessor-version":[{"id":14818,"href":"https:\/\/www.frankensicht.de\/index.php?rest_route=\/wp\/v2\/posts\/14817\/revisions\/14818"}],"wp:featuredmedia":[{"embeddable":true,"href":"https:\/\/www.frankensicht.de\/index.php?rest_route=\/wp\/v2\/media\/9169"}],"wp:attachment":[{"href":"https:\/\/www.frankensicht.de\/index.php?rest_route=%2Fwp%2Fv2%2Fmedia&parent=14817"}],"wp:term":[{"taxonomy":"category","embeddable":true,"href":"https:\/\/www.frankensicht.de\/index.php?rest_route=%2Fwp%2Fv2%2Fcategories&post=14817"},{"taxonomy":"post_tag","embeddable":true,"href":"https:\/\/www.frankensicht.de\/index.php?rest_route=%2Fwp%2Fv2%2Ftags&post=14817"}],"curies":[{"name":"wp","href":"https:\/\/api.w.org\/{rel}","templated":true}]}}