{"id":14814,"date":"2022-03-21T07:48:32","date_gmt":"2022-03-21T06:48:32","guid":{"rendered":"https:\/\/www.frankensicht.de\/?p=14814"},"modified":"2022-03-21T07:48:32","modified_gmt":"2022-03-21T06:48:32","slug":"bruecken-bauen-mit-kunst-und-kultur-sonderfonds-fuer-ukrainische-kuenstlerinnen-und-kuenstler","status":"publish","type":"post","link":"https:\/\/www.frankensicht.de\/?p=14814","title":{"rendered":"Br\u00fccken bauen mit Kunst und Kultur: Sonderfonds f\u00fcr ukrainische K\u00fcnstlerinnen und K\u00fcnstler"},"content":{"rendered":"<p><span style=\"color: #ff0000;\">M\u00fcnchen:<\/span><\/p>\n<p>Br\u00fccken bauen mit Kunst und Kultur: Sonderfonds f\u00fcr ukrainische K\u00fcnstlerinnen und K\u00fcnstler<\/p>\n<p>&nbsp;<\/p>\n<p>Eine halbe Million Euro f\u00fcr Kunst- und Kulturprojekte mit Ukraine-Bezug \u2013 Kunstminister Blume: Wir stehen an der Seite der ukrainischen K\u00fcnstlerinnen und K\u00fcnstler<\/p>\n<p><a href=\"https:\/\/www.frankensicht.de\/?attachment_id=14815\" rel=\"attachment wp-att-14815\"><img loading=\"lazy\" decoding=\"async\" class=\"alignnone size-medium wp-image-14815\" src=\"https:\/\/www.frankensicht.de\/wp-content\/uploads\/2022\/03\/Ukraine-300x200.png\" alt=\"\" width=\"300\" height=\"200\" srcset=\"https:\/\/www.frankensicht.de\/wp-content\/uploads\/2022\/03\/Ukraine-300x200.png 300w, https:\/\/www.frankensicht.de\/wp-content\/uploads\/2022\/03\/Ukraine-768x512.png 768w, https:\/\/www.frankensicht.de\/wp-content\/uploads\/2022\/03\/Ukraine-220x146.png 220w, https:\/\/www.frankensicht.de\/wp-content\/uploads\/2022\/03\/Ukraine.png 1024w\" sizes=\"auto, (max-width: 300px) 100vw, 300px\" \/><\/a><\/p>\n<p>\u201eKunst und Kultur bauen Br\u00fccken \u00fcber Grenzen hinweg. Sie k\u00f6nnen heilsam sein bei der Verarbeitung der schmerzhaften Fluchterlebnisse und sind Ausdruck einer demokratischen Gesellschaft. Daher stellt der Freistaat eine halbe Million Euro f\u00fcr Kunst- und Kulturprojekte mit Ukraine-Bezug zur Verf\u00fcgung. Das ist ein starkes Zeichen der Solidarit\u00e4t, aber auch eine echte Br\u00fccke f\u00fcr ukrainische K\u00fcnstlerinnen und K\u00fcnstler, die momentan in ganz gro\u00dfer, geradezu existentieller Bedr\u00e4ngnis leben\u201c, erkl\u00e4rt Kunstminister Markus Blume heute in M\u00fcnchen. Blume hatte in seinem Bericht im Ausschuss f\u00fcr Wissenschaft und Kunst des Bayerischen Landtags angek\u00fcndigt, dass Mittel aus dem Kulturfonds f\u00fcr Projekte mit Ukraine-Bezug reserviert werden.<\/p>\n<p>&nbsp;<\/p>\n<p>F\u00f6rderung von Kunst- und Kulturprojekten in ganz Bayern als Zeichen<\/p>\n<p>&nbsp;<\/p>\n<p>F\u00f6rderf\u00e4hig sind neue Vorhaben mit \u00fcberregionaler Bedeutung, die von einem nichtstaatlichen Tr\u00e4ger im Jahr 2022 durchgef\u00fchrt werden und einen Bezug zur Ukraine aufweisen F\u00fcr eine F\u00f6rderung in Frage kommen Sonderproduktionen nichtstaatlicher Theater, Sonderausstellungen ukrainischer Kunst, Konzerte, Literaturveranstaltungen oder Mischformen hieraus. Mit den Vorhaben darf bei Antragstellung noch nicht begonnen worden sein. Das F\u00f6rdergebiet umfasst ganz Bayern. Dieses F\u00f6rderprogramm wird \u00fcber die Bezirksregierungen abgewickelt.<\/p>\n<p>Quelle: stmwk.bayern.de<\/p>\n","protected":false},"excerpt":{"rendered":"<p>M\u00fcnchen: Br\u00fccken bauen mit Kunst und Kultur: Sonderfonds f\u00fcr ukrainische K\u00fcnstlerinnen und K\u00fcnstler &nbsp; Eine halbe Million Euro f\u00fcr Kunst- und Kulturprojekte mit Ukraine-Bezug \u2013 Kunstminister Blume: Wir stehen an der Seite der ukrainischen K\u00fcnstlerinnen und K\u00fcnstler \u201eKunst und Kultur bauen Br\u00fccken \u00fcber Grenzen hinweg. Sie k\u00f6nnen heilsam sein bei der Verarbeitung der schmerzhaften Fluchterlebnisse [&hellip;]<\/p>\n","protected":false},"author":7,"featured_media":14815,"comment_status":"closed","ping_status":"open","sticky":false,"template":"","format":"standard","meta":{"footnotes":""},"categories":[78,71],"tags":[3616],"class_list":["post-14814","post","type-post","status-publish","format-standard","has-post-thumbnail","hentry","category-bayern","category-menue","tag-ukrainische-kuenstler"],"_links":{"self":[{"href":"https:\/\/www.frankensicht.de\/index.php?rest_route=\/wp\/v2\/posts\/14814","targetHints":{"allow":["GET"]}}],"collection":[{"href":"https:\/\/www.frankensicht.de\/index.php?rest_route=\/wp\/v2\/posts"}],"about":[{"href":"https:\/\/www.frankensicht.de\/index.php?rest_route=\/wp\/v2\/types\/post"}],"author":[{"embeddable":true,"href":"https:\/\/www.frankensicht.de\/index.php?rest_route=\/wp\/v2\/users\/7"}],"replies":[{"embeddable":true,"href":"https:\/\/www.frankensicht.de\/index.php?rest_route=%2Fwp%2Fv2%2Fcomments&post=14814"}],"version-history":[{"count":1,"href":"https:\/\/www.frankensicht.de\/index.php?rest_route=\/wp\/v2\/posts\/14814\/revisions"}],"predecessor-version":[{"id":14816,"href":"https:\/\/www.frankensicht.de\/index.php?rest_route=\/wp\/v2\/posts\/14814\/revisions\/14816"}],"wp:featuredmedia":[{"embeddable":true,"href":"https:\/\/www.frankensicht.de\/index.php?rest_route=\/wp\/v2\/media\/14815"}],"wp:attachment":[{"href":"https:\/\/www.frankensicht.de\/index.php?rest_route=%2Fwp%2Fv2%2Fmedia&parent=14814"}],"wp:term":[{"taxonomy":"category","embeddable":true,"href":"https:\/\/www.frankensicht.de\/index.php?rest_route=%2Fwp%2Fv2%2Fcategories&post=14814"},{"taxonomy":"post_tag","embeddable":true,"href":"https:\/\/www.frankensicht.de\/index.php?rest_route=%2Fwp%2Fv2%2Ftags&post=14814"}],"curies":[{"name":"wp","href":"https:\/\/api.w.org\/{rel}","templated":true}]}}