{"id":14790,"date":"2022-03-12T08:00:40","date_gmt":"2022-03-12T07:00:40","guid":{"rendered":"https:\/\/www.frankensicht.de\/?p=14790"},"modified":"2022-03-12T08:00:40","modified_gmt":"2022-03-12T07:00:40","slug":"startschuss-fuer-die-start-up-strategie-der-bundesregierung","status":"publish","type":"post","link":"https:\/\/www.frankensicht.de\/?p=14790","title":{"rendered":"Startschuss f\u00fcr die Start-up-Strategie der Bundesregierung"},"content":{"rendered":"<p><span style=\"color: #ff0000;\">Berlin:<\/span><\/p>\n<p>Startschuss f\u00fcr die Start-up-Strategie der Bundesregierung<br \/>\nBeauftragte f\u00fcr Digitale Wirtschaft und Start-ups Christmann trifft Beirat Junge Digitale Wirtschaft<\/p>\n<p>Dr. Anna Christmann, die Beauftragte des Bundesministeriums f\u00fcr Wirtschaft und Klimaschutz (BMWK)<br \/>\nf\u00fcr die Digitale Wirtschaft und Start-ups, hat sich gestern mit dem Beirat Junge Digitale<br \/>\nWirtschaft getroffen und gab damit den Startschuss f\u00fcr die Erarbeitung der Start-up-Strategie der<br \/>\nBundesregierung. Die Strategie soll im Sommer vorliegen und im weiteren Verlauf der<br \/>\nLegislaturperiode umgesetzt werden.<\/p>\n<p><a href=\"https:\/\/www.frankensicht.de\/?attachment_id=14003\" rel=\"attachment wp-att-14003\"><img loading=\"lazy\" decoding=\"async\" class=\"alignnone size-medium wp-image-14003\" src=\"https:\/\/www.frankensicht.de\/wp-content\/uploads\/2020\/12\/P1000175-300x225.jpg\" alt=\"\" width=\"300\" height=\"225\" srcset=\"https:\/\/www.frankensicht.de\/wp-content\/uploads\/2020\/12\/P1000175-300x225.jpg 300w, https:\/\/www.frankensicht.de\/wp-content\/uploads\/2020\/12\/P1000175.jpg 640w\" sizes=\"auto, (max-width: 300px) 100vw, 300px\" \/><\/a><\/p>\n<p>Christmann: \u201eWir haben uns im Koalitionsvertrag vorgenommen, eine umfassende Start-up-Strategie zu<br \/>\nerarbeiten. Daran arbeiten wir mit Hochdruck, damit auch die Umsetzung z\u00fcgig erfolgen kann. Wir<br \/>\nwollen beste Bedingungen f\u00fcr Start-ups in Deutschland und Europa. Was mir bei der Erarbeitung der<br \/>\nStrategie besonders wichtig ist: Ein intensiver Austausch mit allen Stakeholdern und ein<br \/>\ntransparenter Prozess. Gestern habe ich zum Beispiel die Diskussion mit dem Beirat Junge Digitale<br \/>\nWirtschaft begonnen. Jetzt folgen Workshops zu zentralen Themen und eine Online-Konsultation. Ich<br \/>\nfreue mich auf die weitere gemeinsame Arbeit an der Start-up-Strategie der Bundesregierung.\u201c<\/p>\n<p>Der Koalitionsvertrag nennt bereits eine Vielzahl von Themen, die das BMWK mit der<br \/>\nStart-up-Strategie angehen will. Diese reichen von der Gewinnung der n\u00f6tigen Fachkr\u00e4fte bis zum<br \/>\nbesseren Zugang zu Daten. Es geht darum, den Anteil von Frauen an Gr\u00fcndungen im Digitalsektor zu<br \/>\nerh\u00f6hen und Ausgr\u00fcndungen aus der Wissenschaft voranzutreiben. Die Mitarbeiterkapitalbeteiligung<br \/>\nsoll attraktiver gestaltet werden. Auch die Finanzierung spielt eine wichtige Rolle. Hier geht es<br \/>\nvor allem um die Finanzierung f\u00fcr die Sp\u00e4tphase und um die Mobilisierung privaten Kapitals<br \/>\ninstitutioneller Anleger.<br \/>\nZu all diesen Themen wird es in den kommenden Wochen Workshops mit Expertinnen und Experten geben.<br \/>\nAu\u00dferdem sind interessierte B\u00fcrgerinnen und B\u00fcrger, Unternehmerinnen und Unternehmer, Vereinigungen<br \/>\nund Verb\u00e4nde eingeladen, sich durch Stellungnahmen zu diesen und weiteren Themen an der Diskussion<br \/>\nzu beteiligen. Auch der Austausch mit dem Beirat Junge Digitale Wirtschaft geht selbstverst\u00e4ndlich<br \/>\nweiter. Ziel ist es, dass das Bundeskabinett die Start-up-Strategie im Sommer beschlie\u00dft.<\/p>\n<p>Der Beirat Junge Digitale Wirtschaft ber\u00e4t den Bundesminister f\u00fcr Wirtschaft und Klimaschutz zu<br \/>\naktuellen Fragen der digitalen Transformation. Im Fokus stehen dabei die Entwicklung und die<br \/>\nPotenziale der jungen digitalen Wirtschaft und neuer digitaler Technologien in Deutschland. Das<br \/>\nZiel: Ein direkter und praxisbezogener Dialog der jungen deutschen Digital- und Gr\u00fcnderszene mit<br \/>\nder Politik.<\/p>\n<p>https:\/\/www.bmwi.de\/Redaktion\/DE\/Pressemitteilungen\/2022\/03\/20220310-startschuss-fur-die-start-up-strategie-der-bundesregierung.html<br \/>\nQuelle:abo-bmwi.de<\/p>\n<p>&nbsp;<\/p>\n","protected":false},"excerpt":{"rendered":"<p>Berlin: Startschuss f\u00fcr die Start-up-Strategie der Bundesregierung Beauftragte f\u00fcr Digitale Wirtschaft und Start-ups Christmann trifft Beirat Junge Digitale Wirtschaft Dr. Anna Christmann, die Beauftragte des Bundesministeriums f\u00fcr Wirtschaft und Klimaschutz (BMWK) f\u00fcr die Digitale Wirtschaft und Start-ups, hat sich gestern mit dem Beirat Junge Digitale Wirtschaft getroffen und gab damit den Startschuss f\u00fcr die Erarbeitung [&hellip;]<\/p>\n","protected":false},"author":7,"featured_media":14003,"comment_status":"closed","ping_status":"open","sticky":false,"template":"","format":"standard","meta":{"footnotes":""},"categories":[44,3],"tags":[3610],"class_list":["post-14790","post","type-post","status-publish","format-standard","has-post-thumbnail","hentry","category-deutschland-2","category-news","tag-start-up"],"_links":{"self":[{"href":"https:\/\/www.frankensicht.de\/index.php?rest_route=\/wp\/v2\/posts\/14790","targetHints":{"allow":["GET"]}}],"collection":[{"href":"https:\/\/www.frankensicht.de\/index.php?rest_route=\/wp\/v2\/posts"}],"about":[{"href":"https:\/\/www.frankensicht.de\/index.php?rest_route=\/wp\/v2\/types\/post"}],"author":[{"embeddable":true,"href":"https:\/\/www.frankensicht.de\/index.php?rest_route=\/wp\/v2\/users\/7"}],"replies":[{"embeddable":true,"href":"https:\/\/www.frankensicht.de\/index.php?rest_route=%2Fwp%2Fv2%2Fcomments&post=14790"}],"version-history":[{"count":1,"href":"https:\/\/www.frankensicht.de\/index.php?rest_route=\/wp\/v2\/posts\/14790\/revisions"}],"predecessor-version":[{"id":14791,"href":"https:\/\/www.frankensicht.de\/index.php?rest_route=\/wp\/v2\/posts\/14790\/revisions\/14791"}],"wp:featuredmedia":[{"embeddable":true,"href":"https:\/\/www.frankensicht.de\/index.php?rest_route=\/wp\/v2\/media\/14003"}],"wp:attachment":[{"href":"https:\/\/www.frankensicht.de\/index.php?rest_route=%2Fwp%2Fv2%2Fmedia&parent=14790"}],"wp:term":[{"taxonomy":"category","embeddable":true,"href":"https:\/\/www.frankensicht.de\/index.php?rest_route=%2Fwp%2Fv2%2Fcategories&post=14790"},{"taxonomy":"post_tag","embeddable":true,"href":"https:\/\/www.frankensicht.de\/index.php?rest_route=%2Fwp%2Fv2%2Ftags&post=14790"}],"curies":[{"name":"wp","href":"https:\/\/api.w.org\/{rel}","templated":true}]}}